{"id":3464,"date":"2009-02-22T17:20:00","date_gmt":"2009-02-22T15:20:00","guid":{"rendered":"http:\/\/www.korhanyilmaz.com\/?p=3464"},"modified":"2009-02-22T17:20:00","modified_gmt":"2009-02-22T15:20:00","slug":"adalet-bakanindan-pes-dedirten-aciklama","status":"publish","type":"post","link":"http:\/\/www.korhanyilmaz.com\/?p=3464","title":{"rendered":"Adalet Bakan\u0131&#039;ndan pes dedirten a\u00e7\u0131klama!"},"content":{"rendered":"<p style=\"text-align: center;\"><img loading=\"lazy\" decoding=\"async\" class=\"aligncenter size-full wp-image-3465\" title=\"Adalet Bakan\u0131'ndan pes dedirten a\u00e7\u0131klama! \" src=\"http:\/\/www.korhanyilmaz.com\/wp-content\/uploads\/2009\/02\/220220091723205884629.jpg\" alt=\"Adalet Bakan\u0131'ndan pes dedirten a\u00e7\u0131klama! \" width=\"376\" height=\"240\" \/><\/p>\n<p style=\"text-align: justify;\">\n<p style=\"text-align: justify;\"><strong>Bakan \u015eahin, vatanda\u015flar\u0131n &#8220;Kime oy verelim&#8221; sorusuna bulundu\u011fu makama hi\u00e7 de yak\u0131\u015fmayan bir yan\u0131t verdi: &#8220;Halk\u0131yla bar\u0131\u015f\u0131k, h\u00fck\u00fcmetiyle bar\u0131\u015f\u0131k, devletiyle bar\u0131\u015f\u0131k mahalli y\u00f6neticiler i\u015fba\u015f\u0131nda olursa bizim sorunlar\u0131m\u0131z daha \u00e7ok \u00e7\u00f6z\u00fcl\u00fcr!&#8221; <\/strong><\/p>\n<p style=\"text-align: justify;\"><strong><\/strong><br \/>\nBakan \u015eahin, Antalya&#8217;n\u0131n merkeze ba\u011fl\u0131 Varsak beldesinde AK Parti&#8217;nin se\u00e7im irtibat b\u00fcrosunun a\u00e7\u0131l\u0131\u015f\u0131na kat\u0131ld\u0131.A\u00e7\u0131l\u0131\u015f\u0131n ard\u0131ndan se\u00e7im b\u00fcrosunun \u00f6n\u00fcnde bulunan bir sandalyeye \u00e7\u0131karak halka seslenen \u015eahin, &#8220;Bug\u00fcn bu sandalyeye \u00e7\u0131kmam\u0131n sebebi, sizi daha iyi g\u00f6rebilmem, sizin de beni daha iyi g\u00f6rebilmeniz. Yoksa sizden herhangi bir \u00fcst\u00fcnl\u00fc\u011f\u00fcm oldu\u011fu i\u00e7in buraya \u00e7\u0131km\u0131\u015f de\u011filim&#8221; dedi.<\/p>\n<p style=\"text-align: justify;\">Vatanda\u015flara, &#8220;Kime oy verelim?&#8221; diye soran \u015eahin, sorusunu, &#8220;Sorunlar\u0131n\u0131z\u0131 en h\u0131zl\u0131 kim \u00e7\u00f6zecekse ona oy verin&#8221; diye yan\u0131tlad\u0131.<!--more--><br \/>\nAntalya&#8217;y\u0131 5 y\u0131l \u00f6ncesiyle kar\u015f\u0131la\u015ft\u0131ran Bakan \u015eahin, her geli\u015finde kentte farkl\u0131l\u0131k g\u00f6rd\u00fc\u011f\u00fcn\u00fc, mart ay\u0131 ba\u015f\u0131nda da rayl\u0131 sistemin hizmete girece\u011fini \u00f6\u011frendi\u011fini belirtti. \u015eahin, merkezi h\u00fck\u00fcmetle i\u015f birli\u011fi i\u00e7inde olan belediyelerin daha \u00e7ok \u00e7\u00f6z\u00fcm \u00fcretti\u011fini vurgulayarak, \u015f\u00f6yle konu\u015ftu:\n<\/p>\n<p style=\"text-align: justify;\">&#8220;H\u00fck\u00fcmetimizle kavga eden, z\u0131tla\u015fan yerel y\u00f6netimler her projelerini Ankara&#8217;dan ge\u00e7iremiyor. Maalesef bu T\u00fcrkiye&#8217;nin ger\u00e7e\u011fi. O nedenle halk\u0131yla bar\u0131\u015f\u0131k, h\u00fck\u00fcmetiyle bar\u0131\u015f\u0131k, devletiyle bar\u0131\u015f\u0131k mahalli y\u00f6neticiler i\u015fba\u015f\u0131nda olursa bizim sorunlar\u0131m\u0131z daha \u00e7ok \u00e7\u00f6z\u00fcl\u00fcr.&#8221; \u015eahin, Antalya B\u00fcy\u00fck\u015fehir Belediye Ba\u015fkan\u0131 Menderes T\u00fcrel&#8217;in h\u00fck\u00fcmetle samimi diyalog i\u00e7inde oldu\u011funu, Ba\u015fbakan Recep Tayyip Erdo\u011fan&#8217;\u0131n da bizzat Antalya&#8217;n\u0131n sorunlar\u0131yla ilgilendi\u011fini anlatt\u0131.<\/p>\n<p style=\"text-align: justify;\">Antalya&#8217;n\u0131n sorunlar\u0131n\u0131n Ankara&#8217;n\u0131n deste\u011fi olmadan yerel kaynaklarla \u00e7\u00f6z\u00fclemeyece\u011fini ifade eden Bakan \u015eahin, Antalya&#8217;n\u0131n 5 y\u0131l sonra d\u00fcnyan\u0131n en g\u00f6zde kenti olaca\u011f\u0131n\u0131, ancak bu projelerin ger\u00e7ekle\u015fmesi i\u00e7in merkezi b\u00fct\u00e7enin deste\u011fine ihtiya\u00e7 duyuldu\u011funu dile getirdi.<\/p>\n<p style=\"text-align: justify;\"><strong>-2B SORUNU-<\/strong><\/p>\n<p style=\"text-align: justify;\">\u015eahin, T\u00fcrkiye&#8217;nin m\u00fclkiyet konusunda \u00f6nemli sorun ya\u015fad\u0131\u011f\u0131na de\u011finerek, &#8220;Elinde tapu olmas\u0131na ra\u011fmen tapu iptal davas\u0131 a\u00e7\u0131lm\u0131\u015f binlerce ki\u015fi var. \u00c7ar\u015famba g\u00fcn\u00fc Meclis&#8217;i izleyin, bu sorunu bak\u0131n \u00e7\u00f6zece\u011fiz&#8221; dedi. Konu\u015fmas\u0131nda 2B sorununa da de\u011finen Bakan \u015eahin, yakla\u015f\u0131k bir ay \u00f6nce \u00e7\u0131kard\u0131klar\u0131 kanun do\u011frultusunda Tapu ve Kadastro Genel M\u00fcd\u00fcrl\u00fc\u011f\u00fcn\u00fcn 2B arazilerini kimlerin kulland\u0131\u011f\u0131n\u0131 tespite y\u00f6nelik \u00e7al\u0131\u015fma yapt\u0131\u011f\u0131n\u0131 kaydetti.Bakan \u015eahin, &#8220;\u0130kinci olarak yapaca\u011f\u0131m\u0131z kanuni d\u00fczenlemeyle bu arsalar\u0131 (2B) kullanan vatanda\u015flara arsalar\u0131n\u0131 verecek yasay\u0131 \u00e7\u0131karaca\u011f\u0131z. Ancak bunlar\u0131n \u00e7\u00f6z\u00fclmesi i\u00e7in bizimle uyumlu \u00e7al\u0131\u015facak yerel y\u00f6neticileri se\u00e7memiz gerekiyor&#8221;<br \/>\ndedi.\n<\/p>\n<p style=\"text-align: justify;\"><strong>-\u0130K\u0130 \u00d6NEML\u0130 D\u00dcZENLEME-<\/strong><\/p>\n<p style=\"text-align: justify;\">Bakan Mehmet Ali \u015eahin, konu\u015fmas\u0131n\u0131n ard\u0131ndan gazetecilerin, hakk\u0131nda tapu iptal davas\u0131 a\u00e7\u0131lm\u0131\u015f ki\u015filere ili\u015fkin \u00e7\u0131kar\u0131lacak yasaya dair sorular\u0131n\u0131 yan\u0131tlad\u0131.\u015eahin, Tapu Kanunu&#8217;nun 12. maddesine bir f\u0131kra ekleyen veya de\u011fi\u015fiklik yapan bir teklif sunacaklar\u0131n\u0131 belirterek, \u015f\u00f6yle devam etti:<br \/>\n&#8220;Yani (Kamu kurum ve kurulu\u015flar\u0131 da, Hazine de 10 y\u0131ll\u0131k zaman a\u015f\u0131m\u0131 kural\u0131na uymal\u0131d\u0131r) \u015feklinde bir d\u00fczenleme olacak. \u00c7\u00fcnk\u00fc Yarg\u0131tay, daha sonra da g\u00f6r\u00fc\u015f de\u011fi\u015ftirdi ve (Hazine m\u00fclklerine kar\u015f\u0131 zaman a\u015f\u0131m\u0131 ge\u00e7ersizdir) dedi\u011fi i\u00e7in 50 y\u0131ll\u0131k tapular iptal edilmeye ba\u015flad\u0131. Biz t\u0131pk\u0131 \u00f6zel \u015fah\u0131slarda oldu\u011fu gibi 10 y\u0131ll\u0131k zaman a\u015f\u0131m\u0131n\u0131 Hazine i\u00e7in de getiriyoruz. B\u00f6ylece vatanda\u015flar\u0131m\u0131z\u0131n aleyhine 20 y\u0131l, 30 y\u0131l, 40 y\u0131l, 50 y\u0131l sonra dava a\u00e7\u0131lmas\u0131n\u0131n \u00f6n\u00fc kesilecektir.&#8221;<br \/>\nBakan \u015eahin, yapacaklar\u0131 d\u00fczenlemeyle ecrimisil \u00f6deyerek 2B arazilerini kullanan turizm \u015firketleri hakk\u0131nda a\u00e7\u0131lm\u0131\u015f davalar\u0131n da d\u00fc\u015fece\u011fini kaydetti.\u015eahin, \u015f\u00f6yle konu\u015ftu: &#8220;Oraya da yeni d\u00fczenleme getirerek, ecrimisil \u00f6demeleri halinde haklar\u0131ndaki davalar\u0131n d\u00fc\u015fmesi, ecrimisil \u00f6demeye devam ettikleri takdirde de Maliye&#8217;nin, Defterdarl\u0131k&#8217;\u0131n, Hazine&#8217;nin, bunlarla ilgili su\u00e7 duyurusunda bulunmalar\u0131n\u0131 ve dava a\u00e7\u0131lmas\u0131n\u0131 \u00f6nleyici bir d\u00fczenleme daha yap\u0131yoruz. \u0130ki \u00f6nemli d\u00fczenleme var. \u00c7ar\u015famba g\u00fcn\u00fc bunlar\u0131 \u00e7\u0131karm\u0131\u015f olaca\u011f\u0131z.&#8221;\n<\/p>\n<p style=\"text-align: justify;\"><span style=\"color: #888888;\">Kaynak : Vatan Gazetesi<\/span><\/p>\n","protected":false},"excerpt":{"rendered":"<p style=\"text-align: center;\">\n<p style=\"text-align: justify;\">\n<p style=\"text-align: justify;\">Bakan \u015eahin, vatanda\u015flar\u0131n &#8220;Kime oy verelim&#8221; sorusuna bulundu\u011fu makama hi\u00e7 de yak\u0131\u015fmayan bir yan\u0131t verdi: &#8220;Halk\u0131yla bar\u0131\u015f\u0131k, h\u00fck\u00fcmetiyle bar\u0131\u015f\u0131k, devletiyle bar\u0131\u015f\u0131k mahalli y\u00f6neticiler i\u015fba\u015f\u0131nda olursa bizim sorunlar\u0131m\u0131z daha \u00e7ok \u00e7\u00f6z\u00fcl\u00fcr!&#8221; <\/p>\n<p style=\"text-align: justify;\"> Bakan \u015eahin, Antalya&#8217;n\u0131n merkeze ba\u011fl\u0131 Varsak beldesinde AK Parti&#8217;nin se\u00e7im irtibat b\u00fcrosunun a\u00e7\u0131l\u0131\u015f\u0131na <\/p>\n","protected":false},"author":1,"featured_media":0,"comment_status":"open","ping_status":"closed","sticky":false,"template":"","format":"standard","meta":{"footnotes":""},"categories":[105],"tags":[],"class_list":["post-3464","post","type-post","status-publish","format-standard","hentry","category-gundem","odd"],"_links":{"self":[{"href":"http:\/\/www.korhanyilmaz.com\/index.php?rest_route=\/wp\/v2\/posts\/3464","targetHints":{"allow":["GET"]}}],"collection":[{"href":"http:\/\/www.korhanyilmaz.com\/index.php?rest_route=\/wp\/v2\/posts"}],"about":[{"href":"http:\/\/www.korhanyilmaz.com\/index.php?rest_route=\/wp\/v2\/types\/post"}],"author":[{"embeddable":true,"href":"http:\/\/www.korhanyilmaz.com\/index.php?rest_route=\/wp\/v2\/users\/1"}],"replies":[{"embeddable":true,"href":"http:\/\/www.korhanyilmaz.com\/index.php?rest_route=%2Fwp%2Fv2%2Fcomments&post=3464"}],"version-history":[{"count":0,"href":"http:\/\/www.korhanyilmaz.com\/index.php?rest_route=\/wp\/v2\/posts\/3464\/revisions"}],"wp:attachment":[{"href":"http:\/\/www.korhanyilmaz.com\/index.php?rest_route=%2Fwp%2Fv2%2Fmedia&parent=3464"}],"wp:term":[{"taxonomy":"category","embeddable":true,"href":"http:\/\/www.korhanyilmaz.com\/index.php?rest_route=%2Fwp%2Fv2%2Fcategories&post=3464"},{"taxonomy":"post_tag","embeddable":true,"href":"http:\/\/www.korhanyilmaz.com\/index.php?rest_route=%2Fwp%2Fv2%2Ftags&post=3464"}],"curies":[{"name":"wp","href":"https:\/\/api.w.org\/{rel}","templated":true}]}}