{"id":34625,"date":"2011-06-16T11:24:41","date_gmt":"2011-06-16T08:24:41","guid":{"rendered":"http:\/\/www.korhanyilmaz.com\/?p=34625"},"modified":"2011-07-10T22:34:29","modified_gmt":"2011-07-10T19:34:29","slug":"o-program-yayindan-kaldirildi","status":"publish","type":"post","link":"http:\/\/www.korhanyilmaz.com\/?p=34625","title":{"rendered":"O program yay\u0131ndan kald\u0131r\u0131ld\u0131"},"content":{"rendered":"<p style=\"text-align: center;\"><a href=\"http:\/\/www.korhanyilmaz.com\/wp-content\/uploads\/2011\/06\/0471.jpg\"  class=\"lightview\"><img loading=\"lazy\" decoding=\"async\" class=\"aligncenter size-full wp-image-34626\" src=\"http:\/\/www.korhanyilmaz.com\/wp-content\/uploads\/2011\/06\/0471.jpg\" alt=\"\" width=\"400\" height=\"176\" \/><\/a><\/p>\n<p style=\"text-align: justify;\">TGRT Haber&#8217;deki &#8216;Ekonomi Kulisi&#8217; program\u0131nda, Ba\u015fbakan Erdo\u011fan&#8217;\u0131n ismini kullanarak canl\u0131 yay\u0131nda ismini s\u00f6ylemedi\u011fi birine tehditler ya\u011fd\u0131ran Ziya Osman A\u00e7\u0131kel&#8217;in program\u0131 yay\u0131ndan kald\u0131r\u0131ld\u0131. A\u00e7\u0131kel, ismini vermeden bir ki\u015fiyi televizyon kar\u015f\u0131s\u0131ndan \u00e7ok a\u011f\u0131r ifadelerde tehdit etmi\u015fti.<!--more--><\/p>\n<p style=\"text-align: justify;\">Medyafaresi&#8217;nin haberine g\u00f6re o ismin ise, T\u00fcrkiye Kat\u0131l\u0131m Bankalar\u0131 Birli\u011fi Genel Sekreteri Osman Aky\u00fcz oldu\u011fu konu\u015fuluyor. \u0130hlas Grubu&#8217;nun yeni bir banka kurarak sekt\u00f6re geri d\u00f6nece\u011fi y\u00f6n\u00fcndeki haberler son d\u00f6nemde bas\u0131na yans\u0131rken, baz\u0131 isimler bu bankaya izin verilmemesi gerekti\u011fi y\u00f6n\u00fcnde yorumlar yapm\u0131\u015ft\u0131.<\/p>\n<p style=\"text-align: justify;\"><a href=\"http:\/\/www.radikal.com.tr\/Radikal.aspx?aType=RadikalDetayV3&amp;ArticleID=1053026&amp;Date=16.06.2011&amp;CategoryID=77\" target=\"_blank\">Kaynak : Radikal<\/a><\/p>\n<p style=\"text-align: center;\"><strong>i\u015fte o tehditler :<\/strong><\/p>\n<p><center><a class=\"lightview\" title=\" :::: width:640, height:480\" href=\"dosyalar\/medya\/Video_Haber\/cnnturkhaber2011-06-15-tgrt.html\" rel=\"set[TGRT]\"><img decoding=\"async\" src=\"http:\/\/www.korhanyilmaz.com\/wp-data\/images\/videoizle1.png\" alt=\"\" \/><\/a><\/center><\/p>\n","protected":false},"excerpt":{"rendered":"<p style=\"text-align: center;\">\n<p style=\"text-align: justify;\">TGRT Haber&#8217;deki &#8216;Ekonomi Kulisi&#8217; program\u0131nda, Ba\u015fbakan Erdo\u011fan&#8217;\u0131n ismini kullanarak canl\u0131 yay\u0131nda ismini s\u00f6ylemedi\u011fi birine tehditler ya\u011fd\u0131ran Ziya Osman A\u00e7\u0131kel&#8217;in program\u0131 yay\u0131ndan kald\u0131r\u0131ld\u0131. A\u00e7\u0131kel, ismini vermeden bir ki\u015fiyi televizyon kar\u015f\u0131s\u0131ndan \u00e7ok a\u011f\u0131r ifadelerde tehdit etmi\u015fti.<\/p>\n","protected":false},"author":1,"featured_media":0,"comment_status":"open","ping_status":"closed","sticky":false,"template":"","format":"standard","meta":{"footnotes":""},"categories":[105],"tags":[],"class_list":["post-34625","post","type-post","status-publish","format-standard","hentry","category-gundem","odd"],"_links":{"self":[{"href":"http:\/\/www.korhanyilmaz.com\/index.php?rest_route=\/wp\/v2\/posts\/34625","targetHints":{"allow":["GET"]}}],"collection":[{"href":"http:\/\/www.korhanyilmaz.com\/index.php?rest_route=\/wp\/v2\/posts"}],"about":[{"href":"http:\/\/www.korhanyilmaz.com\/index.php?rest_route=\/wp\/v2\/types\/post"}],"author":[{"embeddable":true,"href":"http:\/\/www.korhanyilmaz.com\/index.php?rest_route=\/wp\/v2\/users\/1"}],"replies":[{"embeddable":true,"href":"http:\/\/www.korhanyilmaz.com\/index.php?rest_route=%2Fwp%2Fv2%2Fcomments&post=34625"}],"version-history":[{"count":0,"href":"http:\/\/www.korhanyilmaz.com\/index.php?rest_route=\/wp\/v2\/posts\/34625\/revisions"}],"wp:attachment":[{"href":"http:\/\/www.korhanyilmaz.com\/index.php?rest_route=%2Fwp%2Fv2%2Fmedia&parent=34625"}],"wp:term":[{"taxonomy":"category","embeddable":true,"href":"http:\/\/www.korhanyilmaz.com\/index.php?rest_route=%2Fwp%2Fv2%2Fcategories&post=34625"},{"taxonomy":"post_tag","embeddable":true,"href":"http:\/\/www.korhanyilmaz.com\/index.php?rest_route=%2Fwp%2Fv2%2Ftags&post=34625"}],"curies":[{"name":"wp","href":"https:\/\/api.w.org\/{rel}","templated":true}]}}