{"id":34620,"date":"2011-06-16T10:59:49","date_gmt":"2011-06-16T07:59:49","guid":{"rendered":"http:\/\/www.korhanyilmaz.com\/?p=34620"},"modified":"2011-07-11T00:09:33","modified_gmt":"2011-07-10T21:09:33","slug":"chp-tabani-onlari-ibretle-izlemektedir%e2%80%9d","status":"publish","type":"post","link":"http:\/\/www.korhanyilmaz.com\/?p=34620","title":{"rendered":"&#8220;CHP taban\u0131 onlar\u0131 ibretle izlemektedir\u201d"},"content":{"rendered":"<p style=\"text-align: center;\"><a href=\"http:\/\/www.korhanyilmaz.com\/wp-content\/uploads\/2011\/06\/0461.jpg\"  class=\"lightview\"><img loading=\"lazy\" decoding=\"async\" class=\"aligncenter size-full wp-image-34621\" src=\"http:\/\/www.korhanyilmaz.com\/wp-content\/uploads\/2011\/06\/0461.jpg\" alt=\"\" width=\"462\" height=\"210\" \/><\/a><\/p>\n<p style=\"text-align: justify;\">Partinin daha kendi i\u00e7inde se\u00e7imi tart\u0131\u015fmadan, baz\u0131lar\u0131n\u0131n bas\u0131n ve kamuoyunda tart\u0131\u015fma ba\u015flatmas\u0131n\u0131 do\u011fru bulmad\u0131\u011f\u0131n\u0131 belirten CHP&#8217;li Atilla Kart, \u201cCHP taban\u0131 \u015fahsi ikbal ve aray\u0131\u015f i\u00e7inde olanlara itibar etmeyecektir. Trib\u00fcnlere oynayanlar\u0131 sa\u011fduyulu CHP taban\u0131 ibretle izlemektedir\u201d dedi.<!--more--><\/p>\n<p style=\"text-align: justify;\">ANKARA- Se\u00e7im sonras\u0131nda yap\u0131lan de\u011ferlendirmelerin parti zeminlerinde yap\u0131lmas\u0131na f\u0131rsat verilmeden, bas\u0131n ve kamuoyu huzurunda tart\u0131\u015f\u0131lmas\u0131n\u0131 do\u011fru bulmad\u0131\u011f\u0131n\u0131 belirten CHP Konya Milletvekili Atilla Kart, \u201cCHP taban\u0131 \u015fahsi ikbal ve aray\u0131\u015f i\u00e7inde olanlara itibar etmeyecektir. Halk\u0131m\u0131z\u0131n ve parti taban\u0131n\u0131n, Say\u0131n Genel Ba\u015fkan\u0131m\u0131za verdi\u011fi deste\u011fin varl\u0131\u011f\u0131n\u0131 korudu\u011funa inan\u0131yorum\u201d dedi.<\/p>\n<p style=\"text-align: justify;\">Yaz\u0131l\u0131 bir a\u00e7\u0131klama yapan CHP Konya Milletvekili Atilla Kart, Genel Merkez Y\u00f6netimine y\u00f6nelik ele\u015ftirilerin parti zeminlerinde ve yetkili kurullarda yap\u0131lmas\u0131 gerekti\u011fini s\u00f6yledi.<\/p>\n<p style=\"text-align: justify;\">CHP\u2019nin 12 Haziran se\u00e7imlerinde ald\u0131\u011f\u0131 sonu\u00e7lar\u0131n analizinin yetkili kurullarda de\u011ferlendirilece\u011fini ve sonu\u00e7lar\u0131na g\u00f6re de gere\u011finin do\u011fal olarak yap\u0131laca\u011f\u0131na i\u015faret eden Kart, \u201cCHP, \u00f6zele\u015ftiri anlay\u0131\u015f\u0131 ve \u00f6zg\u00fcven i\u00e7inde bu de\u011ferlendirmeleri yapacak birikime, disipline ve k\u00fclt\u00fcre sahip olan bir partidir\u201d dedi.<\/p>\n<p style=\"text-align: justify;\"><strong>\u201cPART\u0130YE ZARAR VERMEKTEN BA\u015eKA SONUCU OLMAZ\u201d<\/strong><\/p>\n<p style=\"text-align: justify;\">De\u011ferlendirmelerin parti zeminlerinde yap\u0131lmas\u0131na f\u0131rsat verilmeden, bas\u0131n ve kamuoyu huzurunda tart\u0131\u015f\u0131lmas\u0131n\u0131 do\u011fru bulmad\u0131\u011f\u0131n\u0131 ifade eden Kart, \u201cYap\u0131lan bu tart\u0131\u015fmalar\u0131n partiye zarar vermekten ba\u015fka bir anlam ve sonucu olmayacakt\u0131r\u201d dedi.<\/p>\n<p style=\"text-align: justify;\"><strong>KILI\u00c7DARO\u011eLU\u2019NA DESTEK<\/strong><\/p>\n<p style=\"text-align: justify;\">CHP Genel Ba\u015fkan\u0131 Kemal K\u0131l\u0131\u00e7daro\u011flu\u2019na destek veren Kart, \u015f\u00f6yle dedi:<\/p>\n<p style=\"text-align: justify;\">\u201cHalk\u0131m\u0131z\u0131n ve parti taban\u0131n\u0131n Say\u0131n Genel Ba\u015fkan\u0131m\u0131za verdi\u011fi deste\u011fin varl\u0131\u011f\u0131n\u0131 korudu\u011funa inan\u0131yorum. Say\u0131n Genel Ba\u015fkan\u0131m\u0131z y\u00f6netim \u00f6ng\u00f6r\u00fcs\u00fcyle, halk\u0131n bu deste\u011fini de\u011ferlendirecek ve Cumhuriyet Halk Partisi\u2019ni iktidara ta\u015f\u0131yacakt\u0131r. Bu anlamda t\u00fcm CHP\u2019liler, samimi bir \u015fekilde Say\u0131n Genel Ba\u015fkan\u0131m\u0131za sahip \u00e7\u0131kmak ve destek vermek durumundad\u0131rlar. Bu sorumlulu\u011fun gere\u011fini bihakk\u0131n yerine getirmeden trib\u00fcnlere oynayanlar\u0131 sa\u011fduyulu CHP taban\u0131 ibretle izlemektedir.<\/p>\n<p style=\"text-align: justify;\">Bu anlay\u0131\u015f ve de\u011ferlendirmelerle, Genel Merkez Y\u00f6netimine y\u00f6nelik ele\u015ftirilerin parti zeminlerinde ve yetkili kurullarda yap\u0131lmas\u0131 gerekti\u011fi d\u00fc\u015f\u00fcncesiyle, \u015fahsi ikbal ve aray\u0131\u015fa y\u00f6nelik olan baz\u0131 giri\u015fimlerin partimize zarar veren boyutlara ula\u015ft\u0131\u011f\u0131n\u0131, bu t\u00fcr davran\u0131\u015flar\u0131n parti disiplini ve sorumluluk anlay\u0131\u015f\u0131yla ba\u011fda\u015fmad\u0131\u011f\u0131n\u0131 ve parti taban\u0131nda da kar\u015f\u0131l\u0131\u011f\u0131n\u0131n olmad\u0131\u011f\u0131n\u0131 yeri gelmi\u015fken ifade etmeyi g\u00f6rev ve sorumluluk anlay\u0131\u015f\u0131m\u0131z kapsam\u0131nda g\u00f6rd\u00fc\u011f\u00fcm\u00fcz\u00fc ifade ediyorum\u201d<\/p>\n<p style=\"text-align: justify;\"><a href=\"http:\/\/www.gazeteport.com.tr\/haber\/37869\/quotchp_tabani_onlari_ibretle_izlemektedir\" target=\"_blank\">Kaynak : GAZETEPORT<\/a><\/p>\n","protected":false},"excerpt":{"rendered":"<p style=\"text-align: center;\">\n<p style=\"text-align: justify;\">Partinin daha kendi i\u00e7inde se\u00e7imi tart\u0131\u015fmadan, baz\u0131lar\u0131n\u0131n bas\u0131n ve kamuoyunda tart\u0131\u015fma ba\u015flatmas\u0131n\u0131 do\u011fru bulmad\u0131\u011f\u0131n\u0131 belirten CHP&#8217;li Atilla Kart, \u201cCHP taban\u0131 \u015fahsi ikbal ve aray\u0131\u015f i\u00e7inde olanlara itibar etmeyecektir. Trib\u00fcnlere oynayanlar\u0131 sa\u011fduyulu CHP taban\u0131 ibretle izlemektedir\u201d dedi.<\/p>\n","protected":false},"author":1,"featured_media":0,"comment_status":"open","ping_status":"closed","sticky":false,"template":"","format":"standard","meta":{"footnotes":""},"categories":[105],"tags":[],"class_list":["post-34620","post","type-post","status-publish","format-standard","hentry","category-gundem","odd"],"_links":{"self":[{"href":"http:\/\/www.korhanyilmaz.com\/index.php?rest_route=\/wp\/v2\/posts\/34620","targetHints":{"allow":["GET"]}}],"collection":[{"href":"http:\/\/www.korhanyilmaz.com\/index.php?rest_route=\/wp\/v2\/posts"}],"about":[{"href":"http:\/\/www.korhanyilmaz.com\/index.php?rest_route=\/wp\/v2\/types\/post"}],"author":[{"embeddable":true,"href":"http:\/\/www.korhanyilmaz.com\/index.php?rest_route=\/wp\/v2\/users\/1"}],"replies":[{"embeddable":true,"href":"http:\/\/www.korhanyilmaz.com\/index.php?rest_route=%2Fwp%2Fv2%2Fcomments&post=34620"}],"version-history":[{"count":0,"href":"http:\/\/www.korhanyilmaz.com\/index.php?rest_route=\/wp\/v2\/posts\/34620\/revisions"}],"wp:attachment":[{"href":"http:\/\/www.korhanyilmaz.com\/index.php?rest_route=%2Fwp%2Fv2%2Fmedia&parent=34620"}],"wp:term":[{"taxonomy":"category","embeddable":true,"href":"http:\/\/www.korhanyilmaz.com\/index.php?rest_route=%2Fwp%2Fv2%2Fcategories&post=34620"},{"taxonomy":"post_tag","embeddable":true,"href":"http:\/\/www.korhanyilmaz.com\/index.php?rest_route=%2Fwp%2Fv2%2Ftags&post=34620"}],"curies":[{"name":"wp","href":"https:\/\/api.w.org\/{rel}","templated":true}]}}