{"id":34615,"date":"2011-06-16T07:30:38","date_gmt":"2011-06-16T04:30:38","guid":{"rendered":"http:\/\/www.korhanyilmaz.com\/?p=34615"},"modified":"2011-07-10T22:29:30","modified_gmt":"2011-07-10T19:29:30","slug":"osym-bunu-hep-yapmis","status":"publish","type":"post","link":"http:\/\/www.korhanyilmaz.com\/?p=34615","title":{"rendered":"\u00d6SYM bunu hep yapm\u0131\u015f"},"content":{"rendered":"<p style=\"text-align: center;\"><a href=\"http:\/\/www.korhanyilmaz.com\/wp-content\/uploads\/2011\/06\/045.jpeg\"  class=\"lightview\"><img loading=\"lazy\" decoding=\"async\" class=\"aligncenter size-full wp-image-34616\" src=\"http:\/\/www.korhanyilmaz.com\/wp-content\/uploads\/2011\/06\/045.jpeg\" alt=\"\" width=\"360\" height=\"239\" \/><\/a><\/p>\n<p style=\"text-align: justify;\">\u00d6SYM&#8217;nin T\u0131pta Denklik S\u0131nav\u0131 da iptal edilirken Y\u00d6K Ba\u015fkan\u0131 &#8216;cevap k\u00e2\u011f\u0131d\u0131 kaybetme&#8217; gibi hatalar\u0131n ilk kez ya\u015fanmad\u0131\u011f\u0131n\u0131 s\u00f6yledi.<\/p>\n<p style=\"text-align: justify;\">\u00d6SYM d\u00fcn Denklik S\u0131nav\u0131 skandal\u0131yla bir kez daha sars\u0131l\u0131rken Y\u00d6K Ba\u015fkan\u0131 Prof. Dr. Yusuf Ziya \u00d6zcan, \u00d6SYM\u2019yi savundu. \u00d6SYM Ba\u015fkan\u0131 Prof. Dr. Ali Demir\u2019e haks\u0131z bir \u015fekilde y\u00fcklenildi\u011fini belirten \u00d6zcan, \u201cT\u00fcrkiye\u2019de \u00fczerine bu kadar \u00e7ok gelinen ba\u015fka adam var m\u0131d\u0131r, bilmiyorum. Ge\u00e7mi\u015fte de bana y\u00fcklenilirdi, \u015fimdi s\u0131ra onda\u201d dedi. <!--more--><\/p>\n<p style=\"text-align: justify;\">Radikal Ankara Temsilcisi Deniz Zeyrek\u2019i ziyaret eden Y\u00d6K Ba\u015fkan\u0131 \u00d6zcan, son olarak Diyarbak\u0131r\u2019da ayn\u0131 salonda YGS\u2019ye giren 4 aday\u0131n s\u0131nav s\u0131ras\u0131nda g\u00f6revlilere teslim ettikleri cevap k\u00e2\u011f\u0131tlar\u0131n\u0131n kaybolmas\u0131na ili\u015fkin, \u201c\u00c7ok gereksiz yere abart\u0131l\u0131yor. Bu ilk olan bir \u015fey de\u011fil bir kere. Bak\u0131n \u00d6SS\u2019ye giren 2009\u2019da 3 aday\u0131n, 2008\u2019de 2 aday\u0131n cevap anahtar\u0131 ayn\u0131 \u015fekilde kaybolmu\u015f. 2007\u2019de ALES\u2019e giren bir aday\u0131n, 2006\u2019da \u00d6SS\u2019ye giren bir aday\u0131n cevap k\u00e2\u011f\u0131tlar\u0131 ortadan yok olmu\u015f\u201d dedi. 2005\u2019te cevap k\u00e2\u011f\u0131d\u0131 kaybolan \u00d6SS aday say\u0131s\u0131n\u0131n 6 oldu\u011funu anlatan \u00d6zcan, t\u00fcm bu adaylar i\u00e7in bu y\u0131l oldu\u011fu gibi e\u015fde\u011fer s\u0131nav yap\u0131ld\u0131\u011f\u0131n\u0131 s\u00f6yledi. \u00d6zcan\u2019\u0131n verdi\u011fi bilgiye g\u00f6re, \u00d6SYM\u2019nin bug\u00fcne kadar kaybetti\u011fi cevap anahtarlar\u0131 say\u0131lar\u0131 \u015f\u00f6yle: \u201c2002\u2019de \u00d6SS\u2019de 1 aday\u0131n, 2004\u2019te \u00d6SS\u2019de 1 aday\u0131n, 2005\u2019te \u00d6SS\u2019de 6 aday\u0131n, 2006\u2019da \u00d6SS\u2019de 1 aday\u0131n, 2007\u2019de ALES\u2019te 1 aday\u0131n, 2008\u2019de \u00d6SS\u2019de 2 aday\u0131n, 2009\u2019da \u00d6SS\u2019de 3 aday\u0131n.\u201d<\/p>\n<p style=\"text-align: justify;\">Prof. Dr. \u00d6zcan bu arada \u015fimdiye kadar \u00fcniversitelerin say\u0131s\u0131 ve kontenjanlar\u0131n\u0131 artt\u0131rmak i\u00e7in \u00e7aba harcad\u0131klar\u0131n\u0131 s\u00f6ylerken \u201c\u00dcniversitelerin yatay anlamda geni\u015flemesi i\u00e7in u\u011fra\u015f\u0131yorduk, art\u0131k derinlemesine bir \u00e7al\u0131\u015fma i\u00e7indeyiz. Kalite anlam\u0131nda, yeni \u00fcniversitelerimiz b\u00fcy\u00fck yol kat ettiler\u201d dedi.<\/p>\n<p style=\"text-align: justify;\"><strong>Bu kez sorular ge\u00e7en y\u0131lla \u2018denk\u2019 \u00e7\u0131kt\u0131: S\u0131nav iptal<\/strong><\/p>\n<p style=\"text-align: justify;\">\u00d6SYM, 29 May\u0131s\u2019taki Diploma Denklik S\u0131nav\u0131\u2019nda ge\u00e7en y\u0131lki sorular\u0131n \u00e7\u0131kt\u0131\u011f\u0131 anla\u015f\u0131l\u0131nca s\u0131nav\u0131n yenilenmesine karar verdi.<\/p>\n<p style=\"text-align: justify;\">\u00d6SYM\u2019nin \u2018Y\u00d6K Yurtd\u0131\u015f\u0131 Y\u00fcksek\u00f6\u011fretim Diplomalar\u0131 Denkli\u011fi i\u00e7in Seviye Tespit S\u0131nav\u0131-T\u0131p Doktorlu\u011fu 2. A\u015fama S\u0131nav\u0131\u2019nda, 2 y\u0131l \u00fcst \u00fcste ayn\u0131 sorular\u0131n soruldu\u011fu ortaya \u00e7\u0131kt\u0131. Ge\u00e7en y\u0131l 16 May\u0131s 2010 tarihinde yap\u0131lan s\u0131navla bu y\u0131l 29 May\u0131s\u2019ta ger\u00e7ekle\u015ftirilen 100 soruluk s\u0131navda, 73 sorunun birebir ayn\u0131 oldu\u011fu tespit edildi. 572 ki\u015finin kat\u0131ld\u0131\u011f\u0131 s\u0131navdaki vahim hatan\u0131n ortaya \u00e7\u0131kmas\u0131 \u00fczerine \u00d6SYM d\u00fcn bir a\u00e7\u0131klama yaparak, s\u0131nav\u0131n 3 Temmuz\u2019da yenilenece\u011fini duyurdu. A\u00e7\u0131klamada, \u201cAdaylardan yeniden ba\u015fvuru al\u0131nmayacak ve s\u0131nav \u00fccreti talep edilmeyecektir. Konu hakk\u0131nda gerekli inceleme ba\u015flat\u0131lm\u0131\u015ft\u0131r\u201d denildi.<\/p>\n<p style=\"text-align: justify;\">Skandal ortaya \u00e7\u0131k\u0131nca hen\u00fcz iptal karar\u0131 al\u0131nmadan \u201cSorular ayn\u0131, s\u0131nav\u0131n iptali gerek\u201d diyen Y\u00d6K Ba\u015fkan\u0131 Prof. Dr. Yusuf Ziya \u00d6zcan, \u201c\u00d6SYM, sizin ad\u0131n\u0131za d\u00fczenliyor baz\u0131 s\u0131navlar\u0131. Bu y\u00f6ntem devam m\u0131 edecek?\u201d sorusuna \u201c\u015eimdilik devam edecek. Ba\u015fka bir yeni form\u00fcl bulunana kadar b\u00f6yle gitmek durumunday\u0131z\u201d kar\u015f\u0131l\u0131\u011f\u0131n\u0131 verdi. Endi\u015felerini nas\u0131l giderece\u011fi sorulan Prof. Dr. \u00d6zcan, \u201cHatalar\u0131n yap\u0131lmamas\u0131n\u0131 sa\u011flayarak, tekrar\u0131n\u0131 \u00f6nleyerek. Bu t\u00fcrden \u00f6nlemler tecr\u00fcbeyle olaca\u011fa benziyor\u201d dedi. Prof. Dr. \u00d6zcan, \u201cYap\u0131sal bir de\u011fi\u015fikli\u011fe ihtiya\u00e7 var m\u0131?\u201d sorusunu, \u201cYeni bir yap\u0131sal de\u011fi\u015fiklikten \u00e7\u0131kt\u0131lar. Yeni bir kanunlar\u0131 var\u201d diye yan\u0131tlad\u0131.<\/p>\n<p style=\"text-align: justify;\"><strong>\u00d6SYM hataya doymuyor<\/strong><\/p>\n<p style=\"text-align: justify;\">\u00d6SYM iki y\u0131lda rekor hata yapt\u0131:<\/p>\n<p style=\"text-align: justify;\">2010 KPSS sorular\u0131 s\u0131nav \u00f6ncesinde d\u0131\u015far\u0131ya s\u0131zd\u0131. Olay ortaya \u00e7\u0131k\u0131nca s\u0131nav iptal edildi.<\/p>\n<p style=\"text-align: justify;\">2011 YGS soru kitap\u00e7\u0131klar\u0131nda \u015fifre oldu\u011fu ortaya \u00e7\u0131kt\u0131.<\/p>\n<p style=\"text-align: justify;\">2011 YGS\u2019de 8 ildeki tutuklu adaylar\u0131n kitap\u00e7\u0131klar\u0131nda baz\u0131 sayfalar eksikti, bu adaylar\u0131n s\u0131nav\u0131 yenilendi.<\/p>\n<p style=\"text-align: justify;\">2011 YGS\u2019de Diyarbak\u0131r\u2019da ayn\u0131 salonda s\u0131nava giren 4 aday\u0131n kitap\u00e7\u0131\u011f\u0131 kayboldu, bu adaylara yeniden s\u0131nav karar\u0131 al\u0131nd\u0131.<\/p>\n<p style=\"text-align: justify;\">2011 YGS\u2019de \u00f6z\u00fcrl\u00fc kontenjan\u0131ndan s\u0131nava giren adaylar\u0131n puan\u0131 yanl\u0131\u015f hesapland\u0131.<\/p>\n<p style=\"text-align: justify;\">2011 ALES\u2019te de baz\u0131 adaylar\u0131n kitap\u00e7\u0131klar\u0131nda eksik sorular vard\u0131, yedek kitap\u00e7\u0131k yoktu. Bu adaylar\u0131n s\u0131navlar\u0131 yenilendi.<\/p>\n<p style=\"text-align: justify;\"><a href=\"http:\/\/www.radikal.com.tr\/Radikal.aspx?aType=RadikalDetayV3&amp;ArticleID=1053005&amp;Date=16.06.2011&amp;CategoryID=77\" target=\"_blank\">Kaynak : Radikal<\/a><\/p>\n","protected":false},"excerpt":{"rendered":"<p style=\"text-align: center;\">\n<p style=\"text-align: justify;\">\u00d6SYM&#8217;nin T\u0131pta Denklik S\u0131nav\u0131 da iptal edilirken Y\u00d6K Ba\u015fkan\u0131 &#8216;cevap k\u00e2\u011f\u0131d\u0131 kaybetme&#8217; gibi hatalar\u0131n ilk kez ya\u015fanmad\u0131\u011f\u0131n\u0131 s\u00f6yledi.<\/p>\n<p style=\"text-align: justify;\">\u00d6SYM d\u00fcn Denklik S\u0131nav\u0131 skandal\u0131yla bir kez daha sars\u0131l\u0131rken Y\u00d6K Ba\u015fkan\u0131 Prof. Dr. Yusuf Ziya \u00d6zcan, \u00d6SYM\u2019yi savundu. \u00d6SYM Ba\u015fkan\u0131 Prof. Dr. Ali Demir\u2019e haks\u0131z bir \u015fekilde y\u00fcklenildi\u011fini belirten \u00d6zcan, <\/p>\n","protected":false},"author":1,"featured_media":0,"comment_status":"open","ping_status":"closed","sticky":false,"template":"","format":"standard","meta":{"footnotes":""},"categories":[105],"tags":[],"class_list":["post-34615","post","type-post","status-publish","format-standard","hentry","category-gundem","odd"],"_links":{"self":[{"href":"http:\/\/www.korhanyilmaz.com\/index.php?rest_route=\/wp\/v2\/posts\/34615","targetHints":{"allow":["GET"]}}],"collection":[{"href":"http:\/\/www.korhanyilmaz.com\/index.php?rest_route=\/wp\/v2\/posts"}],"about":[{"href":"http:\/\/www.korhanyilmaz.com\/index.php?rest_route=\/wp\/v2\/types\/post"}],"author":[{"embeddable":true,"href":"http:\/\/www.korhanyilmaz.com\/index.php?rest_route=\/wp\/v2\/users\/1"}],"replies":[{"embeddable":true,"href":"http:\/\/www.korhanyilmaz.com\/index.php?rest_route=%2Fwp%2Fv2%2Fcomments&post=34615"}],"version-history":[{"count":0,"href":"http:\/\/www.korhanyilmaz.com\/index.php?rest_route=\/wp\/v2\/posts\/34615\/revisions"}],"wp:attachment":[{"href":"http:\/\/www.korhanyilmaz.com\/index.php?rest_route=%2Fwp%2Fv2%2Fmedia&parent=34615"}],"wp:term":[{"taxonomy":"category","embeddable":true,"href":"http:\/\/www.korhanyilmaz.com\/index.php?rest_route=%2Fwp%2Fv2%2Fcategories&post=34615"},{"taxonomy":"post_tag","embeddable":true,"href":"http:\/\/www.korhanyilmaz.com\/index.php?rest_route=%2Fwp%2Fv2%2Ftags&post=34615"}],"curies":[{"name":"wp","href":"https:\/\/api.w.org\/{rel}","templated":true}]}}