{"id":34610,"date":"2011-06-16T10:38:29","date_gmt":"2011-06-16T07:38:29","guid":{"rendered":"http:\/\/www.korhanyilmaz.com\/?p=34610"},"modified":"2011-07-10T22:33:53","modified_gmt":"2011-07-10T19:33:53","slug":"basbakan-actigi-butun-davalari-geri-cekti","status":"publish","type":"post","link":"http:\/\/www.korhanyilmaz.com\/?p=34610","title":{"rendered":"Ba\u015fbakan, a\u00e7t\u0131\u011f\u0131 b\u00fct\u00fcn davalar\u0131 geri \u00e7ekti"},"content":{"rendered":"<p style=\"text-align: center;\"><a href=\"http:\/\/www.korhanyilmaz.com\/wp-content\/uploads\/2011\/06\/044.jpeg\"  class=\"lightview\"><img loading=\"lazy\" decoding=\"async\" class=\"aligncenter size-full wp-image-34611\" src=\"http:\/\/www.korhanyilmaz.com\/wp-content\/uploads\/2011\/06\/044.jpeg\" alt=\"\" width=\"336\" height=\"223\" \/><\/a><\/p>\n<p style=\"text-align: justify;\">Ba\u015fbakan Erdo\u011fan, balkon konu\u015fmas\u0131nda yapt\u0131\u011f\u0131 &#8216;helalle\u015fme&#8217; \u00e7a\u011fr\u0131s\u0131 i\u00e7in ilk ad\u0131m\u0131 att\u0131. Ba\u015fkan Yard\u0131mc\u0131s\u0131 H\u00fcseyin \u00c7elik, Erdo\u011fan&#8217;\u0131n, se\u00e7im s\u00fcrecinde siyaset\u00e7i ve k\u00f6\u015fe yazarlar\u0131na a\u00e7t\u0131\u011f\u0131 davalar\u0131 geri \u00e7ekti\u011fini a\u00e7\u0131klad\u0131.<!--more--><\/p>\n<p style=\"text-align: justify;\">\u00c7elik, TVNET televizyonunda kat\u0131ld\u0131\u011f\u0131 canl\u0131 yay\u0131nda, g\u00fcndemdeki konulara ili\u015fkin sorular\u0131 yan\u0131tlad\u0131.<\/p>\n<p style=\"text-align: justify;\">\u00c7elik, Ba\u015fbakan Recep Tayyip Erdo\u011fan&#8217;\u0131n se\u00e7im gecesi yapt\u0131\u011f\u0131 \u201cBalkon konu\u015fmas\u0131\u201d ile ilgili sorulan bir soru \u00fczerine \u015funlar\u0131 s\u00f6yledi:<\/p>\n<p style=\"text-align: justify;\">\u201cSay\u0131n Ba\u015fbakan, balkonda \u00e7ok net mesaj verdi. Rakip tak\u0131mlar\u0131n futbolcular\u0131 birbirlerine faul yapabilirler, zaman zaman birbirlerini isteyerek, istemeyerek incitebilirler, d\u00fc\u015f\u00fcrebilirler. Birbirlerinin hatta sakatlanmas\u0131na yol a\u00e7abilirler. Ama ma\u00e7 bitince e\u011fer tokala\u015fabilirlerse, \u00f6p\u00fc\u015febilirlerse, formalar\u0131n\u0131 de\u011fi\u015ftirebilirlerse bunun ad\u0131 spor centilmenli\u011fidir. Ben diyorum ki siyaset centilmenli\u011fini de hayata ge\u00e7irmemiz gerekiyor. Biz, &#8216;rekabete evet ama nezaketten yoksun rekabete hay\u0131r&#8217; diyoruz. Yine ayn\u0131 \u015fekilde &#8216;bar\u0131\u015f i\u00e7inde yar\u0131\u015f&#8217; olsun diyoruz. Fakat maalesef \u00e7ok tats\u0131z \u015feyler s\u00f6ylendi.<\/p>\n<p style=\"text-align: justify;\">Say\u0131n Ba\u015fbakan&#8217;\u0131n helalle\u015fme laf\u0131n\u0131n s\u00f6zde kalmamas\u0131 i\u00e7in bir ad\u0131m daha belki at\u0131lmas\u0131 gerekiyordu. D\u00fcn onu Say\u0131n Ba\u015fbakan\u0131m\u0131zla da uzun boylu m\u00fczakere ettik ve Say\u0131n Ba\u015fbakan\u0131m\u0131z bir karara vard\u0131. Say\u0131n Ba\u015fbakan\u0131m\u0131z, propaganda d\u00f6neminde, se\u00e7im kampanyalar\u0131 d\u00f6neminde di\u011fer siyasi parti liderlerinin kendisine y\u00f6nelik ki\u015filik haklar\u0131na sald\u0131r\u0131 anlam\u0131na gelebilecek s\u00f6zlerinden dolay\u0131 davalar a\u00e7t\u0131, Say\u0131n K\u0131l\u0131\u00e7daro\u011flu&#8217;na, Say\u0131n Bah\u00e7eli&#8217;ye, say\u0131n Nam\u0131k kemal Zeybek&#8217;e davalar a\u00e7t\u0131. Say\u0131n Ba\u015fbakan\u0131m\u0131z, balkon konu\u015fmas\u0131ndaki helalle\u015fmenin hayata ge\u00e7irilmi\u015f somut bir yans\u0131mas\u0131 olarak, bu davalar\u0131n\u0131 geri \u00e7ekti. Say\u0131n Ba\u015fbakan\u0131m\u0131z \u015fikayetini geri al\u0131yor, davas\u0131ndan sarf\u0131nazar ediyor. Onlara a\u00e7t\u0131\u011f\u0131 tazmanit davalar\u0131n\u0131 ya da di\u011fer t\u00fcrl\u00fc davalar\u0131 geri \u00e7ekiyor.\u201d<\/p>\n<p style=\"text-align: justify;\"><a href=\"http:\/\/www.radikal.com.tr\/Radikal.aspx?aType=RadikalDetayV3&amp;ArticleID=1053023&amp;Date=16.06.2011&amp;CategoryID=78\" target=\"_blank\">Kaynak : Radikal<\/a><\/p>\n","protected":false},"excerpt":{"rendered":"<p style=\"text-align: center;\">\n<p style=\"text-align: justify;\">Ba\u015fbakan Erdo\u011fan, balkon konu\u015fmas\u0131nda yapt\u0131\u011f\u0131 &#8216;helalle\u015fme&#8217; \u00e7a\u011fr\u0131s\u0131 i\u00e7in ilk ad\u0131m\u0131 att\u0131. Ba\u015fkan Yard\u0131mc\u0131s\u0131 H\u00fcseyin \u00c7elik, Erdo\u011fan&#8217;\u0131n, se\u00e7im s\u00fcrecinde siyaset\u00e7i ve k\u00f6\u015fe yazarlar\u0131na a\u00e7t\u0131\u011f\u0131 davalar\u0131 geri \u00e7ekti\u011fini a\u00e7\u0131klad\u0131.<\/p>\n","protected":false},"author":1,"featured_media":0,"comment_status":"open","ping_status":"closed","sticky":false,"template":"","format":"standard","meta":{"footnotes":""},"categories":[105],"tags":[],"class_list":["post-34610","post","type-post","status-publish","format-standard","hentry","category-gundem","odd"],"_links":{"self":[{"href":"http:\/\/www.korhanyilmaz.com\/index.php?rest_route=\/wp\/v2\/posts\/34610","targetHints":{"allow":["GET"]}}],"collection":[{"href":"http:\/\/www.korhanyilmaz.com\/index.php?rest_route=\/wp\/v2\/posts"}],"about":[{"href":"http:\/\/www.korhanyilmaz.com\/index.php?rest_route=\/wp\/v2\/types\/post"}],"author":[{"embeddable":true,"href":"http:\/\/www.korhanyilmaz.com\/index.php?rest_route=\/wp\/v2\/users\/1"}],"replies":[{"embeddable":true,"href":"http:\/\/www.korhanyilmaz.com\/index.php?rest_route=%2Fwp%2Fv2%2Fcomments&post=34610"}],"version-history":[{"count":0,"href":"http:\/\/www.korhanyilmaz.com\/index.php?rest_route=\/wp\/v2\/posts\/34610\/revisions"}],"wp:attachment":[{"href":"http:\/\/www.korhanyilmaz.com\/index.php?rest_route=%2Fwp%2Fv2%2Fmedia&parent=34610"}],"wp:term":[{"taxonomy":"category","embeddable":true,"href":"http:\/\/www.korhanyilmaz.com\/index.php?rest_route=%2Fwp%2Fv2%2Fcategories&post=34610"},{"taxonomy":"post_tag","embeddable":true,"href":"http:\/\/www.korhanyilmaz.com\/index.php?rest_route=%2Fwp%2Fv2%2Ftags&post=34610"}],"curies":[{"name":"wp","href":"https:\/\/api.w.org\/{rel}","templated":true}]}}