{"id":34605,"date":"2011-06-15T21:58:24","date_gmt":"2011-06-15T18:58:24","guid":{"rendered":"http:\/\/www.korhanyilmaz.com\/?p=34605"},"modified":"2011-07-10T22:27:51","modified_gmt":"2011-07-10T19:27:51","slug":"israilden-alayci-ifadeler","status":"publish","type":"post","link":"http:\/\/www.korhanyilmaz.com\/?p=34605","title":{"rendered":"\u0130srail&#8217;den alayc\u0131 ifadeler"},"content":{"rendered":"<p style=\"text-align: center;\"><a href=\"http:\/\/www.korhanyilmaz.com\/wp-content\/uploads\/2011\/06\/0431.jpg\"  class=\"lightview\"><img loading=\"lazy\" decoding=\"async\" class=\"aligncenter size-full wp-image-34606\" src=\"http:\/\/www.korhanyilmaz.com\/wp-content\/uploads\/2011\/06\/0431.jpg\" alt=\"\" width=\"420\" height=\"210\" \/><\/a><\/p>\n<p style=\"text-align: justify;\">\u0130srail B\u00f6lgesel \u0130\u015fbirli\u011fi Bakan Yard\u0131mc\u0131s\u0131 Ey\u00fcb Kara, Gazze\u2019ye yeni insani yard\u0131m filosu planlar\u0131 i\u00e7in alayc\u0131 bir tutum tak\u0131narak, \u201cT\u00fcrk H\u00fck\u00fcmetine, olaylar nedeniyle T\u00fcrkiye\u2019ye gelen Suriyeliler i\u00e7in bir insani yard\u0131m filosuna izin vermesini \u00f6nerdi\u011fini\u201d s\u00f6yledi. <!--more--><\/p>\n<p style=\"text-align: justify;\">Kara, AFP\u2019ye yapt\u0131\u011f\u0131 a\u00e7\u0131klamada, T\u00fcrkiye\u2019de bulunan Suriyelilere yard\u0131m etmek amac\u0131yla bir insani yard\u0131m filosuna izin vermesi i\u00e7in Ba\u015fbakan Erdo\u011fan\u2019a bir mektup iletti\u011fini belirtti. S\u00f6z konusu talebini i\u00e7eren mektubunu T\u00fcrk B\u00fcy\u00fckel\u00e7ili\u011fi arac\u0131l\u0131\u011f\u0131yla iletti\u011fini anlatan Kara, \u201columlu bir cevap\u201d bekledi\u011fi ifadesini kulland\u0131. Kara, \u201cBu filonun k\u0131\u015fk\u0131rt\u0131c\u0131 de\u011fil bar\u0131\u015f filosu olmas\u0131n\u0131n \u00f6nemli oldu\u011fu\u201d s\u00f6yledi.<\/p>\n<p style=\"text-align: justify;\"><strong>B\u00fcy\u00fck \u00e7apl\u0131 tatbikat<\/strong><\/p>\n<p style=\"text-align: justify;\">\u0130srail\u2019in Jerusalem Post gazetesi, donanman\u0131n yeni Gazze filosunun geli\u015fi \u00f6ncesinde b\u00fcy\u00fck \u00e7apl\u0131 bir tatbikat yapaca\u011f\u0131n\u0131 duyurdu. Gazetenin haberine g\u00f6re, Gazze \u015eeridi\u2019ne y\u00f6nelik deniz ablukas\u0131n\u0131 k\u0131rmak i\u00e7in gelecek haftalarda 15 gemiyle b\u00f6lgeye gelmesi beklenen yeni filoyu durdurmaya haz\u0131rlanan \u0130srail donanmas\u0131, \u00f6zel kuvvet birimi ile di\u011fer \u00f6zel g\u00fc\u00e7lerden de komandolar\u0131n kat\u0131ld\u0131\u011f\u0131 b\u00fcy\u00fck \u00e7apl\u0131 bir tatbikat yapacak. Haberde, donanman\u0131n \u00f6zel kuvvet birimi olan ve daha \u00e7ok \u201c\u015eayetet\u201d olarak bilinen \u201cFlotilla 13\u201d komandolar\u0131n\u0131n da kat\u0131laca\u011f\u0131 tatbikatta, ge\u00e7en y\u0131l may\u0131s ay\u0131ndaki Mavi Marmara bask\u0131n\u0131ndan \u00e7\u0131kar\u0131lan derslerden yararlan\u0131laca\u011f\u0131 bildirildi. H\u00fck\u00fcmetten Gazze\u2019ye y\u00f6nelik deniz ablukas\u0131n\u0131 g\u00fc\u00e7lendirme talimat\u0131 ald\u0131\u011f\u0131 belirtilen \u0130srail donanmas\u0131n\u0131n, \u00e7ok \u00e7e\u015fitli senaryolara haz\u0131rland\u0131\u011f\u0131 ve kar\u015f\u0131 kar\u015f\u0131ya kal\u0131nabilecek direni\u015fe kar\u015f\u0131 haz\u0131rl\u0131k yap\u0131ld\u0131\u011f\u0131 kaydedildi.<\/p>\n<p style=\"text-align: justify;\"><a href=\"http:\/\/haber.gazetevatan.com\/israilden-alayci-ifadeler\/383751\/30\/Dunya\" target=\"_blank\">Kaynak : VATAN Gazetesi<\/a><\/p>\n","protected":false},"excerpt":{"rendered":"<p style=\"text-align: center;\">\n<p style=\"text-align: justify;\">\u0130srail B\u00f6lgesel \u0130\u015fbirli\u011fi Bakan Yard\u0131mc\u0131s\u0131 Ey\u00fcb Kara, Gazze\u2019ye yeni insani yard\u0131m filosu planlar\u0131 i\u00e7in alayc\u0131 bir tutum tak\u0131narak, \u201cT\u00fcrk H\u00fck\u00fcmetine, olaylar nedeniyle T\u00fcrkiye\u2019ye gelen Suriyeliler i\u00e7in bir insani yard\u0131m filosuna izin vermesini \u00f6nerdi\u011fini\u201d s\u00f6yledi. <\/p>\n","protected":false},"author":1,"featured_media":0,"comment_status":"open","ping_status":"closed","sticky":false,"template":"","format":"standard","meta":{"footnotes":""},"categories":[105],"tags":[],"class_list":["post-34605","post","type-post","status-publish","format-standard","hentry","category-gundem","odd"],"_links":{"self":[{"href":"http:\/\/www.korhanyilmaz.com\/index.php?rest_route=\/wp\/v2\/posts\/34605","targetHints":{"allow":["GET"]}}],"collection":[{"href":"http:\/\/www.korhanyilmaz.com\/index.php?rest_route=\/wp\/v2\/posts"}],"about":[{"href":"http:\/\/www.korhanyilmaz.com\/index.php?rest_route=\/wp\/v2\/types\/post"}],"author":[{"embeddable":true,"href":"http:\/\/www.korhanyilmaz.com\/index.php?rest_route=\/wp\/v2\/users\/1"}],"replies":[{"embeddable":true,"href":"http:\/\/www.korhanyilmaz.com\/index.php?rest_route=%2Fwp%2Fv2%2Fcomments&post=34605"}],"version-history":[{"count":0,"href":"http:\/\/www.korhanyilmaz.com\/index.php?rest_route=\/wp\/v2\/posts\/34605\/revisions"}],"wp:attachment":[{"href":"http:\/\/www.korhanyilmaz.com\/index.php?rest_route=%2Fwp%2Fv2%2Fmedia&parent=34605"}],"wp:term":[{"taxonomy":"category","embeddable":true,"href":"http:\/\/www.korhanyilmaz.com\/index.php?rest_route=%2Fwp%2Fv2%2Fcategories&post=34605"},{"taxonomy":"post_tag","embeddable":true,"href":"http:\/\/www.korhanyilmaz.com\/index.php?rest_route=%2Fwp%2Fv2%2Ftags&post=34605"}],"curies":[{"name":"wp","href":"https:\/\/api.w.org\/{rel}","templated":true}]}}