{"id":34564,"date":"2011-06-16T08:04:39","date_gmt":"2011-06-16T05:04:39","guid":{"rendered":"http:\/\/www.korhanyilmaz.com\/?p=34564"},"modified":"2011-07-10T22:30:40","modified_gmt":"2011-07-10T19:30:40","slug":"akp-degil-ben-kazandim","status":"publish","type":"post","link":"http:\/\/www.korhanyilmaz.com\/?p=34564","title":{"rendered":"&#8220;AKP de\u011fil ben kazand\u0131m&#8221;"},"content":{"rendered":"<p style=\"text-align: center;\"><a href=\"http:\/\/www.korhanyilmaz.com\/wp-content\/uploads\/2011\/06\/0371.jpg\"  class=\"lightview\"><img loading=\"lazy\" decoding=\"async\" class=\"aligncenter size-full wp-image-34565\" src=\"http:\/\/www.korhanyilmaz.com\/wp-content\/uploads\/2011\/06\/0371.jpg\" alt=\"\" width=\"307\" height=\"236\" \/><\/a><\/p>\n<p style=\"text-align: justify;\">MHP \u0130stanbul 1. B\u00f6lge Milletvekili Aday\u0131 Hayrettin Nuho\u011flu, genel se\u00e7imin ard\u0131ndan bulunduklar\u0131 itiraz\u0131n de\u011ferlendirildi\u011fini belirterek, &#8220;Yapt\u0131\u011f\u0131m\u0131z itirazla 826 oy farkla milletvekili se\u00e7ilmi\u015f bulunuyorum&#8221; dedi.<\/p>\n<p style=\"text-align: justify;\">Nuho\u011flu, MHP \u0130stanbul \u0130l Ba\u015fkanl\u0131\u011f\u0131nda, \u0130stanbul&#8217;dan milletvekili se\u00e7ilen Meral Ak\u015fener, parti y\u00f6neticileri ve partililerin kat\u0131l\u0131m\u0131yla bas\u0131n toplant\u0131s\u0131 d\u00fczenledi. <!--more--><\/p>\n<p style=\"text-align: justify;\">Se\u00e7im b\u00f6lgesinde yapt\u0131klar\u0131 itirazlar\u0131n ard\u0131ndan 14 il\u00e7edeki se\u00e7im kurullar\u0131n\u0131n birle\u015ftirme tutanaklar\u0131na g\u00f6re, 1. b\u00f6lge 3. s\u0131radan milletvekili oldu\u011funu ifade eden Nuho\u011flu, AK Parti&#8217;nin itirazlar\u0131n\u0131n sonu\u00e7suz kald\u0131\u011f\u0131n\u0131 s\u00f6yledi.<\/p>\n<p style=\"text-align: justify;\">Nuho\u011flu, \u0130l Se\u00e7im Kuruluna intikal eden sonu\u00e7larla birle\u015ftirme tutanaklar\u0131ndaki sonu\u00e7lar\u0131n ayn\u0131 oldu\u011funu kaydederek, &#8220;Sonucun \u00fclkemize, milletimize hay\u0131rl\u0131 olmas\u0131n\u0131 diliyorum&#8221; diye konu\u015ftu.<\/p>\n<p style=\"text-align: justify;\">AK Parti&#8217;nin Beykoz \u0130l\u00e7e Se\u00e7im Kuruluna yapt\u0131\u011f\u0131 itiraz\u0131n kurulda g\u00f6r\u00fc\u015f\u00fcld\u00fc\u011f\u00fcn\u00fc bildiren Nuho\u011flu, \u015f\u00f6yle devam etti: &#8220;AK Parti&#8217;nin se\u00e7im kurulundaki temsilcisi, a\u00e7\u0131lan 54 sand\u0131ktaki 351 ge\u00e7ersiz oyun 3&#8217;\u00fcn\u00fcn ge\u00e7erli say\u0131lmas\u0131n\u0131n ard\u0131ndan yapacaklar\u0131 bir \u015fey olmad\u0131\u011f\u0131n\u0131 g\u00f6r\u00fcnce, il\u00e7e ba\u015fkan\u0131ndan ald\u0131\u011f\u0131 talimatla bu itirazdan vazge\u00e7tiklerini belirtmi\u015f ve say\u0131m tutanakla sona erdirilmi\u015ftir. Buna ra\u011fmen bug\u00fcn mesai saati bitimine 5 dakika kala AK Parti&#8217;nin bir yetkilisi, Beykoz \u0130l\u00e7e Se\u00e7im Kurulu Ba\u015fkanl\u0131\u011f\u0131na giderek, oradaki bir ki\u015finin se\u00e7im kurulunda g\u00f6revli olmad\u0131\u011f\u0131 iddias\u0131yla itirazda bulunmu\u015ftur.&#8221;<\/p>\n<p style=\"text-align: justify;\">Oy pusulalar\u0131n\u0131n bulundu\u011fu se\u00e7im b\u00f6lgesinin m\u00fch\u00fcrl\u00fc olmas\u0131 ve i\u00e7eriye kimsenin girmemesi gerekirken, emniyet g\u00fc\u00e7lerinin orada oldu\u011funu bildiklerini ifade eden Nuho\u011flu, &#8220;Neyin pe\u015findeler, ne ar\u0131yorlar bilmiyoruz. Bu konuda endi\u015feliyiz. Ama t\u00fcm bunlara ra\u011fmen yarg\u0131ya g\u00fcvenimiz vard\u0131r. Nitekim yapt\u0131\u011f\u0131m\u0131z itirazla 826 oy farkla milletvekili se\u00e7ilmi\u015f bulunuyorum&#8221; diye konu\u015ftu.<\/p>\n<p style=\"text-align: justify;\">Nuho\u011flu, toplant\u0131n\u0131n ard\u0131ndan itirazlarla ilgili baz\u0131 belgeleri ve Beykoz \u0130l\u00e7e Se\u00e7im Kurulunda tutulan tutana\u011f\u0131 bas\u0131n mensuplar\u0131na da\u011f\u0131tt\u0131.<\/p>\n<p style=\"text-align: justify;\"><a href=\"http:\/\/www.cnnturk.com\/2011\/turkiye\/06\/16\/akp.degil.ben.kazandim\/620208.0\/index.html\" target=\"_blank\">Kaynak : CNN T\u00dcRK<\/a><\/p>\n","protected":false},"excerpt":{"rendered":"<p style=\"text-align: center;\">\n<p style=\"text-align: justify;\">MHP \u0130stanbul 1. B\u00f6lge Milletvekili Aday\u0131 Hayrettin Nuho\u011flu, genel se\u00e7imin ard\u0131ndan bulunduklar\u0131 itiraz\u0131n de\u011ferlendirildi\u011fini belirterek, &#8220;Yapt\u0131\u011f\u0131m\u0131z itirazla 826 oy farkla milletvekili se\u00e7ilmi\u015f bulunuyorum&#8221; dedi.<\/p>\n<p style=\"text-align: justify;\">Nuho\u011flu, MHP \u0130stanbul \u0130l Ba\u015fkanl\u0131\u011f\u0131nda, \u0130stanbul&#8217;dan milletvekili se\u00e7ilen Meral Ak\u015fener, parti y\u00f6neticileri ve partililerin kat\u0131l\u0131m\u0131yla bas\u0131n toplant\u0131s\u0131 d\u00fczenledi. <\/p>\n","protected":false},"author":1,"featured_media":0,"comment_status":"open","ping_status":"closed","sticky":false,"template":"","format":"standard","meta":{"footnotes":""},"categories":[105],"tags":[],"class_list":["post-34564","post","type-post","status-publish","format-standard","hentry","category-gundem","odd"],"_links":{"self":[{"href":"http:\/\/www.korhanyilmaz.com\/index.php?rest_route=\/wp\/v2\/posts\/34564","targetHints":{"allow":["GET"]}}],"collection":[{"href":"http:\/\/www.korhanyilmaz.com\/index.php?rest_route=\/wp\/v2\/posts"}],"about":[{"href":"http:\/\/www.korhanyilmaz.com\/index.php?rest_route=\/wp\/v2\/types\/post"}],"author":[{"embeddable":true,"href":"http:\/\/www.korhanyilmaz.com\/index.php?rest_route=\/wp\/v2\/users\/1"}],"replies":[{"embeddable":true,"href":"http:\/\/www.korhanyilmaz.com\/index.php?rest_route=%2Fwp%2Fv2%2Fcomments&post=34564"}],"version-history":[{"count":0,"href":"http:\/\/www.korhanyilmaz.com\/index.php?rest_route=\/wp\/v2\/posts\/34564\/revisions"}],"wp:attachment":[{"href":"http:\/\/www.korhanyilmaz.com\/index.php?rest_route=%2Fwp%2Fv2%2Fmedia&parent=34564"}],"wp:term":[{"taxonomy":"category","embeddable":true,"href":"http:\/\/www.korhanyilmaz.com\/index.php?rest_route=%2Fwp%2Fv2%2Fcategories&post=34564"},{"taxonomy":"post_tag","embeddable":true,"href":"http:\/\/www.korhanyilmaz.com\/index.php?rest_route=%2Fwp%2Fv2%2Ftags&post=34564"}],"curies":[{"name":"wp","href":"https:\/\/api.w.org\/{rel}","templated":true}]}}