{"id":34557,"date":"2011-06-15T23:25:45","date_gmt":"2011-06-15T20:25:45","guid":{"rendered":"http:\/\/www.korhanyilmaz.com\/?p=34557"},"modified":"2011-07-10T22:28:57","modified_gmt":"2011-07-10T19:28:57","slug":"komsuda-isyan-hukumeti-yikti","status":"publish","type":"post","link":"http:\/\/www.korhanyilmaz.com\/?p=34557","title":{"rendered":"Kom\u015fuda isyan h\u00fck\u00fcmeti y\u0131kt\u0131"},"content":{"rendered":"<p style=\"text-align: center;\"><a href=\"http:\/\/www.korhanyilmaz.com\/wp-content\/uploads\/2011\/06\/0361.jpg\"  class=\"lightview\"><img loading=\"lazy\" decoding=\"async\" class=\"aligncenter size-full wp-image-34558\" src=\"http:\/\/www.korhanyilmaz.com\/wp-content\/uploads\/2011\/06\/0361.jpg\" alt=\"\" width=\"292\" height=\"194\" \/><\/a><\/p>\n<p style=\"text-align: justify;\">Yunanistan&#8217;da isyan, h\u00fck\u00fcmette revizyon getirdi. Papandreu h\u00fck\u00fcmetinin 28 milyar euroluk yeni bir kemer s\u0131kma paketini parlamentoya getirmesi sonras\u0131 halk sokaklara \u00e7\u0131kt\u0131. G\u00f6stericiler parlamentoyu ku\u015fatt\u0131, polisle \u00e7at\u0131\u015ft\u0131. Yunan Ba\u015fbakan\u0131 Papandreu&#8217;dan da s\u00fcrpriz bir ad\u0131m geldi. Papandreu, kabine de\u011fi\u015fikli\u011fine gidece\u011fini, yeni h\u00fck\u00fcmet kuraca\u011f\u0131n\u0131 a\u00e7\u0131klad\u0131.<!--more--><\/p>\n<p style=\"text-align: justify;\">Yunanistan Ba\u015fbakan\u0131 Yorgo Papandreu, yeni kabine kurarak, Parlamentodan g\u00fcvenoyu isteyece\u011fini a\u00e7\u0131klad\u0131.<\/p>\n<p style=\"text-align: justify;\">Yunan bas\u0131n\u0131, Yunanistan&#8217;daki mali krizin a\u015f\u0131lmas\u0131 y\u00f6n\u00fcnde anamuhalefet ve muhafet partileri liderleriyle g\u00f6r\u00fc\u015fen Papandreu&#8217;nun, medyada yer ald\u0131\u011f\u0131 \u015fekilde geni\u015f tabanl\u0131 koalisyona gitmeyece\u011fini, kabinesinde k\u00f6kl\u00fc de\u011fi\u015fiklikler yapaca\u011f\u0131n\u0131 duyurdu.<\/p>\n<p style=\"text-align: justify;\">Ba\u015fbakan Papandreu ise Yunan Devlet Televizyonu NET&#8217;te yapt\u0131\u011f\u0131 a\u00e7\u0131klamada, \u00fclkenin kritik bir d\u00f6nemden ge\u00e7ti\u011fini, sorumluluk duygusuyla kararl\u0131l\u0131kla var olan kriz ile m\u00fccadele verilerek \u00fclkenin gelece\u011finin g\u00fcvence alt\u0131na al\u0131nmas\u0131 gerekti\u011fini s\u00f6yledi.<\/p>\n<p style=\"text-align: justify;\">\u00dclkenin y\u0131k\u0131m ve iflas\u0131n e\u015fi\u011finde oldu\u011fu bir zamanda y\u00f6netimi ald\u0131\u011f\u0131n\u0131 belirten Papandreu, &#8220;Omuzlar\u0131m\u0131za ba\u015fkalar\u0131n\u0131n g\u00fcnahlar\u0131n\u0131 ald\u0131k&#8221; dedi.<\/p>\n<p style=\"text-align: justify;\">\u00dclkenin kurtulu\u015fu i\u00e7in 20 ayd\u0131r h\u00fck\u00fcmetinin sava\u015f verdi\u011fini s\u00f6yleyen Papandreu, \u00fclkenin b\u00fcy\u00fck de\u011fi\u015fikliklere de yolu a\u00e7acak \u015fekilde ayakta kald\u0131\u011f\u0131n\u0131 vurgulad\u0131.<\/p>\n<p style=\"text-align: justify;\">Bu \u00e7aban\u0131n ortak ve milli \u00f6zellikler ta\u015f\u0131mas\u0131n\u0131 istedi\u011fini, vazifenin partisel de\u011fil milli oldu\u011funu ifade eden Ba\u015fbakan, muhalefet partileri ile i\u015fbirli\u011fi i\u00e7in s\u00fcrekli \u00f6nerilerde bulundu\u011funu, gerekli milli uzla\u015f\u0131n\u0131n sa\u011flanmas\u0131 i\u00e7in bug\u00fcn de t\u00fcm parti liderlerine yeni \u00f6neriler ile gitti\u011fini kaydetti.<\/p>\n<p style=\"text-align: justify;\">Papandreu, g\u00f6rev ile makam\u0131 aras\u0131nda ba\u011f\u0131ml\u0131l\u0131k olmad\u0131\u011f\u0131na a\u00e7\u0131kl\u0131k getirdi\u011fine de i\u015faret etti.<\/p>\n<p style=\"text-align: justify;\">Bu tutumuna kar\u015f\u0131, anamuhalefet partisinin t\u00fcm bu \u00e7abay\u0131 siyasi ve milli sorumluluk \u00e7er\u00e7evesinde ele almad\u0131\u011f\u0131n\u0131 belirten Papandreu, konunun \u00f6z\u00fc dahi konu\u015fulmadan kabul edilemez \u015fartlar getirildi\u011fini, \u00fclkenin uzun s\u00fcreli istikrars\u0131zl\u0131kta ve i\u00e7e d\u00f6n\u00fck tutuldu\u011funu, halbuki \u00f6nem ta\u015f\u0131yan mili konunun, b\u00fct\u00e7e a\u00e7\u0131\u011f\u0131 ile m\u00fccadele oldu\u011funu s\u00f6yledi.<\/p>\n<p style=\"text-align: justify;\">Papandreu, &#8220;hayat\u0131nda, \u00fclke, ekonomi, vatanda\u015f ve de\u011ferler i\u00e7in m\u00fccadeleler vermeyi \u00f6\u011frendi\u011fini&#8221; kaydetti.<\/p>\n<p style=\"text-align: justify;\"><strong>Yeni bir kabine<\/strong><\/p>\n<p style=\"text-align: justify;\">&#8220;Hepimiz \u00fclke kar\u015f\u0131s\u0131nda yapt\u0131klar\u0131m\u0131z\u0131n sorumlulu\u011funu alal\u0131m. Ben ayn\u0131 yolda, vazifemin yolunda devam edece\u011fim&#8221; diyen Papandreu, yar\u0131n yeni bir kabine kuraca\u011f\u0131n\u0131, devam\u0131nda da Parlamentodan g\u00fcvenoyu isteyece\u011fini bildirdi.<\/p>\n<p style=\"text-align: justify;\">Papandreu, &#8220;sorumluluk vaktidir&#8221; ifadesini de kulland\u0131.<\/p>\n<p style=\"text-align: justify;\">Yunan medyas\u0131, mali kriz i\u00e7indeki Yunanistan&#8217;da, Ba\u015fbakan Papandreu&#8217;nun geni\u015f tabanl\u0131 koalisyon \u00f6nerisini g\u00fcndeme getirdi\u011fi belirtmi\u015fti.<\/p>\n<p style=\"text-align: justify;\">Bas\u0131n-yay\u0131n organlar\u0131, Ba\u015fbakan Papandreu&#8217;nun bug\u00fcn \u00f6\u011fle saatlerinde Yunanistan Cumhurba\u015fkan\u0131 Karolos Papulyas ile yapt\u0131\u011f\u0131 g\u00f6r\u00fc\u015fme sonras\u0131nda, anamuhalefet Yeni Demokrasi Partisi (YDP) lideri Andonis Samaras&#8217;\u0131 telefonla arayarak 20 dakikal\u0131k g\u00f6r\u00fc\u015fme yapt\u0131\u011f\u0131n\u0131 duyurmu\u015flard\u0131.<\/p>\n<p style=\"text-align: justify;\">G\u00f6r\u00fc\u015fmede, Papandreu&#8217;nun geni\u015f tabanl\u0131 koalisyon ya da kapsaml\u0131 i\u015fbirli\u011fi \u00f6nerisinde bulundu\u011fu belirtilen haberlerde, Samaras&#8217;\u0131n s\u00f6zkonusu teklifi reddetmedi\u011fi, ancak Papandreu&#8217;nun ba\u015fbakan olmas\u0131n\u0131n m\u00fcmk\u00fcn olmad\u0131\u011f\u0131 yolundaki d\u00fc\u015f\u00fcncesini ifade etti\u011fi kaydedilmi\u015fti.<\/p>\n<p style=\"text-align: justify;\">Medya, Papandreu&#8217;nun &#8220;Ba\u015fbakan\u0131n kendisi olmas\u0131 ile ilgilenmedi\u011fini&#8221; s\u00f6yledi\u011fini de bildirmi\u015fti.<\/p>\n<p style=\"text-align: justify;\">Haberlerde, Samaras&#8217;\u0131n, Papandreu&#8217;ya, geni\u015f tabanl\u0131 koalisyon yap\u0131lmas\u0131 i\u00e7in orta vadeli program ile memorandumun \u00f6zl\u00fc \u015fekilde yeniden m\u00fczakere edilmesinin \u00f6n\u015fart te\u015fkil etti\u011fini s\u00f6yledi\u011fi ifade edilmi\u015fti.<\/p>\n<p style=\"text-align: justify;\"><strong>Sokaklar sava\u015f alan\u0131na d\u00f6nd\u00fc<\/strong><\/p>\n<p style=\"text-align: justify;\">Atina sokaklar\u0131 ise bir kez daha sava\u015f alan\u0131na d\u00f6nd\u00fc.<\/p>\n<p style=\"text-align: justify;\">H\u00fck\u00fcmetin 28 milyar euro&#8217;luk yeni kemer s\u0131kma paketini Parlamento&#8217;da oylamaya g\u00f6t\u00fcrecek olmas\u0131 halk\u0131 sokaklara d\u00f6kt\u00fc.<\/p>\n<p style=\"text-align: justify;\">Yakla\u015f\u0131k 20 bin g\u00f6sterici ba\u015fkent Atina&#8217;da Parlamento binas\u0131n\u0131n bulundu\u011fu Sintagma Meydan\u0131&#8217;nda topland\u0131.<\/p>\n<p style=\"text-align: justify;\">Sendikalar\u0131n d\u00fczenledi\u011fi g\u00f6steriye 10 binler ellerinde pankartlar ile kat\u0131ld\u0131. H\u00fck\u00fcmete seslerini slogan atarak duyurdu.<\/p>\n<p style=\"text-align: justify;\">G\u00f6stericilerin amac\u0131, Parlamento&#8217;da yap\u0131lacak yeni kemer s\u0131kma paketinin g\u00f6r\u00fc\u015f\u00fclmesini engelemekti.<\/p>\n<p style=\"text-align: justify;\">Yunan polisi de g\u00f6steriler kapsam\u0131nda geni\u015f g\u00fcvenlik \u00f6nlemleri ald\u0131. Yakla\u015f\u0131k 5 bin polis Sintagma Meydan\u0131&#8217;nda topland\u0131.<\/p>\n<p style=\"text-align: justify;\">G\u00fcvenlik g\u00fc\u00e7leri g\u00f6stericilerin Parlamento binas\u0131na girmesini engellemek i\u00e7in barikatlar kurdu.<\/p>\n<p style=\"text-align: justify;\">Ancak milletvekillerinin Parlamento&#8217;ya geli\u015fi s\u0131ras\u0131nda kalabal\u0131k kontrolden \u00e7\u0131kt\u0131. Milletvekillerinin ara\u00e7lar\u0131na sald\u0131rmaya \u00e7al\u0131\u015ft\u0131.<\/p>\n<p style=\"text-align: justify;\">Baz\u0131 vekiller Parlamento&#8217;ya giremedi. Ba\u015fbakan Papandreu&#8217;nun makam arac\u0131 kalabal\u0131k taraf\u0131ndan yuhaland\u0131 ve plastik su \u015fi\u015feleri f\u0131rlat\u0131ld\u0131. Polis g\u00f6stericilere engellemek i\u00e7in b\u00fcy\u00fck u\u011fra\u015f verdi.<\/p>\n<p style=\"text-align: justify;\">G\u00f6stericiler kendilerini durdurmaya \u00e7al\u0131\u015fan polislere ta\u015f ve molotofkokteyli ile sald\u0131rd\u0131. G\u00fcvenlik g\u00fc\u00e7leri g\u00f6z ya\u015fart\u0131c\u0131 gaz ile kar\u015f\u0131l\u0131k verdi.<\/p>\n<p style=\"text-align: justify;\">Onbinlerin kat\u0131ld\u0131\u011f\u0131 protestoda bir ara g\u00f6stericiler aras\u0131nda da gerginlik ya\u015fand\u0131. Daha \u00f6nce Atina&#8217;n\u0131n alt\u0131n\u0131 \u00fcst\u00fcne getiren, bir\u00e7ok ara\u00e7 ve i\u015fyerini ate\u015fe veren anar\u015fi\u015ft grubun da g\u00f6sterilere kat\u0131lmas\u0131 tansiyonu art\u0131rd\u0131. G\u00f6stericiler ile anar\u015fist grup aras\u0131nda yer yer arbede ya\u015fand\u0131.<\/p>\n<p style=\"text-align: justify;\">Yunanistan&#8217;da g\u00f6sterilerin yan\u0131s\u0131ra bir de 24 saatlik genel grev vard\u0131. T\u00fcm devlet daireleri ve kamu kurumlar\u0131 kapal\u0131 kald\u0131. Kom\u015fuda g\u00fcnl\u00fck hayat felce u\u011frarken, hastanelerde sadece acil vakalara bak\u0131ld\u0131. Deniz ve demir yollar\u0131 da \u00e7al\u0131\u015fmad\u0131.<\/p>\n<p style=\"text-align: justify;\">Atina&#8217;da sokaklar kadar siyaset de gergin. Pasok milletvekili Yorgo Lianis&#8217;in partisinin ekonomi politikalar\u0131 nedeniyle istifa etmesi ve yine bir ba\u015fka Pasok milletvekilinin de yeni kemer s\u0131kma ve tasarruf paketi aleyhinde oy kullanaca\u011f\u0131n\u0131 a\u00e7\u0131klamas\u0131 partiyi kar\u0131\u015ft\u0131rd\u0131.<\/p>\n<p style=\"text-align: justify;\">Lianis&#8217;in istifas\u0131yla 300 \u00fcyeli Yunan Parlamentosu&#8217;nda Pasok&#8217;un milletvekili say\u0131s\u0131 b\u00f6ylelikle 155&#8217;e d\u00fc\u015ft\u00fc. \u0130ktidar partisinde Papandreu&#8217;nun oylamada en az 151 milletvekilinin deste\u011fini almas\u0131 gerekiyor. Di\u011fer parti liderleriyle de telefon g\u00f6r\u00fc\u015fmesinde bulunan Papandreu, yeni kemer s\u0131kma paketi i\u00e7in destek aray\u0131\u015f\u0131nda.<\/p>\n<p style=\"text-align: justify;\"><a href=\"http:\/\/www.cnnturk.com\/2011\/ekonomi\/dunya\/06\/15\/komsuda.isyan.hukumeti.yikti\/620060.0\/index.html\" target=\"_blank\">Kaynak : CNN T\u00dcRK<\/a><\/p>\n","protected":false},"excerpt":{"rendered":"<p style=\"text-align: center;\">\n<p style=\"text-align: justify;\">Yunanistan&#8217;da isyan, h\u00fck\u00fcmette revizyon getirdi. Papandreu h\u00fck\u00fcmetinin 28 milyar euroluk yeni bir kemer s\u0131kma paketini parlamentoya getirmesi sonras\u0131 halk sokaklara \u00e7\u0131kt\u0131. G\u00f6stericiler parlamentoyu ku\u015fatt\u0131, polisle \u00e7at\u0131\u015ft\u0131. Yunan Ba\u015fbakan\u0131 Papandreu&#8217;dan da s\u00fcrpriz bir ad\u0131m geldi. Papandreu, kabine de\u011fi\u015fikli\u011fine gidece\u011fini, yeni h\u00fck\u00fcmet kuraca\u011f\u0131n\u0131 a\u00e7\u0131klad\u0131.<\/p>\n","protected":false},"author":1,"featured_media":0,"comment_status":"open","ping_status":"closed","sticky":false,"template":"","format":"standard","meta":{"footnotes":""},"categories":[105],"tags":[],"class_list":["post-34557","post","type-post","status-publish","format-standard","hentry","category-gundem","odd"],"_links":{"self":[{"href":"http:\/\/www.korhanyilmaz.com\/index.php?rest_route=\/wp\/v2\/posts\/34557","targetHints":{"allow":["GET"]}}],"collection":[{"href":"http:\/\/www.korhanyilmaz.com\/index.php?rest_route=\/wp\/v2\/posts"}],"about":[{"href":"http:\/\/www.korhanyilmaz.com\/index.php?rest_route=\/wp\/v2\/types\/post"}],"author":[{"embeddable":true,"href":"http:\/\/www.korhanyilmaz.com\/index.php?rest_route=\/wp\/v2\/users\/1"}],"replies":[{"embeddable":true,"href":"http:\/\/www.korhanyilmaz.com\/index.php?rest_route=%2Fwp%2Fv2%2Fcomments&post=34557"}],"version-history":[{"count":0,"href":"http:\/\/www.korhanyilmaz.com\/index.php?rest_route=\/wp\/v2\/posts\/34557\/revisions"}],"wp:attachment":[{"href":"http:\/\/www.korhanyilmaz.com\/index.php?rest_route=%2Fwp%2Fv2%2Fmedia&parent=34557"}],"wp:term":[{"taxonomy":"category","embeddable":true,"href":"http:\/\/www.korhanyilmaz.com\/index.php?rest_route=%2Fwp%2Fv2%2Fcategories&post=34557"},{"taxonomy":"post_tag","embeddable":true,"href":"http:\/\/www.korhanyilmaz.com\/index.php?rest_route=%2Fwp%2Fv2%2Ftags&post=34557"}],"curies":[{"name":"wp","href":"https:\/\/api.w.org\/{rel}","templated":true}]}}