{"id":34543,"date":"2011-06-15T15:53:50","date_gmt":"2011-06-15T12:53:50","guid":{"rendered":"http:\/\/www.korhanyilmaz.com\/?p=34543"},"modified":"2011-07-10T22:26:50","modified_gmt":"2011-07-10T19:26:50","slug":"canli-yayinda-akil-almaz-tehditler","status":"publish","type":"post","link":"http:\/\/www.korhanyilmaz.com\/?p=34543","title":{"rendered":"Canl\u0131 yay\u0131nda ak\u0131l almaz tehditler"},"content":{"rendered":"<p style=\"text-align: center;\"><a href=\"http:\/\/www.korhanyilmaz.com\/wp-content\/uploads\/2011\/06\/0351.jpg\"  class=\"lightview\"><img loading=\"lazy\" decoding=\"async\" class=\"aligncenter size-full wp-image-34544\" src=\"http:\/\/www.korhanyilmaz.com\/wp-content\/uploads\/2011\/06\/0351.jpg\" alt=\"\" width=\"307\" height=\"236\" \/><\/a><\/p>\n<p style=\"text-align: justify;\">TGRT haberde &#8216;Ekonomi Kulisi&#8217; isimli program\u0131n sunucusu sunan gazeteci-yazar Ziya Osman A\u00e7\u0131kel, canl\u0131 yay\u0131nda tehditler savurdu.<\/p>\n<p style=\"text-align: justify;\">TGRT Haber&#8217;de yay\u0131nlanan Ekonomi Kulisi program\u0131n\u0131 izleyenler g\u00f6zlerine inanamad\u0131. Program sunucusu Ziya Osman A\u00e7\u0131kel canl\u0131 yay\u0131nda isim vermeden birilerini tehdit etti.TGRT spikeri, bunu yaparken Ba\u015fbakan Erdo\u011fan&#8217;a &#8216;yak\u0131n oldu\u011funu&#8221; ima etti, iktidar\u0131n olanaklar\u0131 ile o ki\u015fiyi cezaevine att\u0131raca\u011f\u0131n\u0131 f\u00fctursuzca dile getirdi. <!--more--><\/p>\n<p style=\"text-align: justify;\">Gazeteciler.com&#8217;daki habere g\u00f6re, Pazartesi gecesi yay\u0131nlanan programda A\u00e7\u0131kel, ekrandan alenen tehditler savuruyor. \u00dcstelik de \u00e7ok \u00e7irkin bir lisanla&#8230;\u00d6nce bu konu\u015fma i\u00e7in &#8220;TGRT&#8217;deki b\u00fcy\u00fcklerinden izin&#8221; ald\u0131\u011f\u0131n\u0131 s\u00f6yl\u00fcyor. Diyor ki:<\/p>\n<p style=\"text-align: justify;\">-&#8220;\u00d6n\u00fcm\u00fczdeki g\u00fcnlerde program\u0131m\u0131zdaki elektrikli havay\u0131, dozaj\u0131m\u0131z\u0131 biraz daha artt\u0131raca\u011f\u0131z. Bu konuyla ilgili baz\u0131 \u00f6nemli b\u00fcy\u00fcklerimden izin ald\u0131m&#8221;&#8230;<\/p>\n<p style=\"text-align: justify;\">Ve ilk \u00f6rne\u011fini veriyor dozaj art\u0131rman\u0131n:<\/p>\n<p style=\"text-align: justify;\">-&#8220;Bir kurum hakk\u0131nda sa\u011fda -solda negatif, k\u00f6t\u00fc niyetli yakla\u015f\u0131mlar sergileyen bir bey var. Biz ne beyler, bayanlar g\u00f6rd\u00fckkk!! A\u011fz\u0131n\u0131n ayar\u0131n\u0131 \u00e7ok bozuyormu\u015fsun sa\u011fda solda. Art\u0131k y\u00fcz\u00fcn ak m\u0131 olur kara m\u0131 olur pek yak\u0131nda ben canl\u0131 yay\u0131nda ekrana getirece\u011fim.&#8221;<\/p>\n<p style=\"text-align: justify;\"><strong>&#8220;2 \u00e7ocu\u011fu var, babalar\u0131ndan uzun s\u00fcre uzakta kalmasalar iyi olur&#8221;<\/strong><\/p>\n<p style=\"text-align: justify;\">-&#8220;Hele \u015fu Bakanlar Kurulu kurulsun. Bir gideyim Ba\u015fbakana &#8216;hay\u0131rl\u0131 olsun&#8217; diyeyim. Ondan sonra aleyhte konu\u015fmak neymi\u015f bu beyefendi ile hesapla\u015faca\u011f\u0131z. Hi\u00e7 merak\u0131 olmas\u0131n. Art\u0131k \u00e7ok \u015fey de\u011fi\u015fti. Neler g\u00f6rece\u011fiz, neleeeer&#8230; Ne operasyonlar g\u00f6rece\u011fiz. Demirparmakl\u0131klar ard\u0131nda kimlerin oldu\u011funu g\u00f6rece\u011fiz. Ben burdan s\u00f6yleyeyim. Arkada\u015f\u0131n da zaten 2 \u00e7ocu\u011fu var babalar\u0131ndan uzun s\u00fcre uzakta kalmasalar iyi olur.&#8221;<\/p>\n<p><center><a class=\"lightview\" title=\" :::: width:640, height:480\" href=\"dosyalar\/medya\/Video_Haber\/cnnturkhaber2011-06-15-tgrt.html\" rel=\"set[TGRT]\"><img decoding=\"async\" src=\"http:\/\/www.korhanyilmaz.com\/wp-data\/images\/videoizle1.png\" alt=\"\" \/><\/a><\/center><\/p>\n<p style=\"text-align: justify;\"><a href=\"http:\/\/www.cnnturk.com\/2011\/yasam\/06\/15\/canli.yayinda.akil.almaz.tehditler\/620155.0\/index.html\" target=\"_blank\">Kaynak : CNN T\u00dcRK<\/a><\/p>\n<p style=\"text-align: justify;\">\n","protected":false},"excerpt":{"rendered":"<p style=\"text-align: center;\">\n<p style=\"text-align: justify;\">TGRT haberde &#8216;Ekonomi Kulisi&#8217; isimli program\u0131n sunucusu sunan gazeteci-yazar Ziya Osman A\u00e7\u0131kel, canl\u0131 yay\u0131nda tehditler savurdu.<\/p>\n<p style=\"text-align: justify;\">TGRT Haber&#8217;de yay\u0131nlanan Ekonomi Kulisi program\u0131n\u0131 izleyenler g\u00f6zlerine inanamad\u0131. Program sunucusu Ziya Osman A\u00e7\u0131kel canl\u0131 yay\u0131nda isim vermeden birilerini tehdit etti.TGRT spikeri, bunu yaparken Ba\u015fbakan Erdo\u011fan&#8217;a &#8216;yak\u0131n oldu\u011funu&#8221; ima etti, iktidar\u0131n olanaklar\u0131 <\/p>\n","protected":false},"author":1,"featured_media":0,"comment_status":"open","ping_status":"closed","sticky":false,"template":"","format":"standard","meta":{"footnotes":""},"categories":[105],"tags":[],"class_list":["post-34543","post","type-post","status-publish","format-standard","hentry","category-gundem","odd"],"_links":{"self":[{"href":"http:\/\/www.korhanyilmaz.com\/index.php?rest_route=\/wp\/v2\/posts\/34543","targetHints":{"allow":["GET"]}}],"collection":[{"href":"http:\/\/www.korhanyilmaz.com\/index.php?rest_route=\/wp\/v2\/posts"}],"about":[{"href":"http:\/\/www.korhanyilmaz.com\/index.php?rest_route=\/wp\/v2\/types\/post"}],"author":[{"embeddable":true,"href":"http:\/\/www.korhanyilmaz.com\/index.php?rest_route=\/wp\/v2\/users\/1"}],"replies":[{"embeddable":true,"href":"http:\/\/www.korhanyilmaz.com\/index.php?rest_route=%2Fwp%2Fv2%2Fcomments&post=34543"}],"version-history":[{"count":0,"href":"http:\/\/www.korhanyilmaz.com\/index.php?rest_route=\/wp\/v2\/posts\/34543\/revisions"}],"wp:attachment":[{"href":"http:\/\/www.korhanyilmaz.com\/index.php?rest_route=%2Fwp%2Fv2%2Fmedia&parent=34543"}],"wp:term":[{"taxonomy":"category","embeddable":true,"href":"http:\/\/www.korhanyilmaz.com\/index.php?rest_route=%2Fwp%2Fv2%2Fcategories&post=34543"},{"taxonomy":"post_tag","embeddable":true,"href":"http:\/\/www.korhanyilmaz.com\/index.php?rest_route=%2Fwp%2Fv2%2Ftags&post=34543"}],"curies":[{"name":"wp","href":"https:\/\/api.w.org\/{rel}","templated":true}]}}