{"id":34539,"date":"2011-06-15T22:31:59","date_gmt":"2011-06-15T19:31:59","guid":{"rendered":"http:\/\/www.korhanyilmaz.com\/?p=34539"},"modified":"2011-07-11T00:11:34","modified_gmt":"2011-07-10T21:11:34","slug":"kemal-kilicdaroglu-sert-cikti","status":"publish","type":"post","link":"http:\/\/www.korhanyilmaz.com\/?p=34539","title":{"rendered":"Kemal K\u0131l\u0131\u00e7daro\u011flu sert \u00e7\u0131kt\u0131"},"content":{"rendered":"<p style=\"text-align: center;\"><a href=\"http:\/\/www.korhanyilmaz.com\/wp-content\/uploads\/2011\/06\/0341.jpg\"  class=\"lightview\"><img loading=\"lazy\" decoding=\"async\" class=\"aligncenter size-full wp-image-34540\" src=\"http:\/\/www.korhanyilmaz.com\/wp-content\/uploads\/2011\/06\/0341.jpg\" alt=\"\" width=\"346\" height=\"239\" \/><\/a><\/p>\n<p style=\"text-align: justify;\">CHP Genel Ba\u015fkan\u0131 Kemal K\u0131l\u0131\u00e7daro\u011flu, ola\u011fan\u00fcst\u00fc kurultay isteyenlere seslendi, &#8220;sabah ak\u015fam TV&#8217;lerde konu\u015fup, ba\u011f\u0131r\u0131p \u00e7a\u011f\u0131racaklar\u0131na imzalar\u0131 toplay\u0131p getirsinler. Gere\u011fini yapay\u0131m&#8221; dedi. Se\u00e7im sonu\u00e7lar\u0131n\u0131 da de\u011ferlendiren K\u0131l\u0131\u00e7daro\u011flu, &#8220;ortada zafer de yok, hezimet de yok&#8221; diye konu\u015ftu.<!--more--><\/p>\n<p style=\"text-align: justify;\">CHP Genel Ba\u015fkan\u0131 Kemal K\u0131l\u0131\u00e7daro\u011flu, CNN T\u00dcRK&#8217;ten Sema Ecer&#8217;e konu\u015ftu.<\/p>\n<p style=\"text-align: justify;\">CHP lideri, parti disiplini uyar\u0131s\u0131nda bulundu, &#8220;herkes d\u00fc\u015f\u00fcncesini partiyi y\u0131pratmadan, kurumsal kimli\u011fe zarar vermeden s\u00f6ylemelidir&#8221; dedi.<\/p>\n<p style=\"text-align: justify;\">Hi\u00e7 kimseye, &#8220;imza at veya imza atma&#8221; demeyece\u011fini belirten K\u0131l\u0131\u00e7daro\u011flu, &#8220;herkesin h\u00fcr iradesiyle karar vermesi gereken bir s\u00fcre\u00e7ten ge\u00e7iyoruz&#8221; diye konu\u015ftu.<\/p>\n<p style=\"text-align: justify;\">Bu konuda kimseye bask\u0131 yapmayaca\u011f\u0131n\u0131 vurgulayan K\u0131l\u0131\u00e7daro\u011flu, &#8220;bask\u0131 yap\u0131ld\u0131 denmesin diye, il ba\u015fkanlar\u0131 toplant\u0131s\u0131n\u0131 bile bir s\u00fcre erteledim. Herkes ete\u011findeki ta\u015f\u0131 d\u00f6ks\u00fcn&#8221; dedi.<\/p>\n<p style=\"text-align: justify;\">Se\u00e7im sonu\u00e7lar\u0131yla ilgili olarak mahalle, il\u00e7e, il baz\u0131nda ayr\u0131nt\u0131l\u0131 rapor istedi\u011fini kaydeden CHP lideri, raporlar geldikten sonra de\u011ferlendirme yap\u0131laca\u011f\u0131n\u0131 kaydetti; Parti Meclisi&#8217;nin de temmuz ay\u0131 ba\u015f\u0131nda toplanaca\u011f\u0131n\u0131 s\u00f6yledi. K\u0131l\u0131\u00e7daro\u011flu, konunun ayr\u0131nt\u0131lar\u0131yla o toplant\u0131da ele al\u0131naca\u011f\u0131n\u0131 vurgulad\u0131.<\/p>\n<p style=\"text-align: justify;\">K\u0131l\u0131\u00e7daro\u011flu parti i\u00e7i muhalefetin lider adaylar\u0131na ili\u015fkin bir \u00e7ok ismin konu\u015fuldu\u011funun hat\u0131rlat\u0131lmas\u0131 \u00fczerine de, &#8220;CHP&#8217;de herkes lider olabilir. CHP&#8217;nin birikimi fazla&#8221; dedi.<\/p>\n<p style=\"text-align: justify;\">T\u00fcz\u00fck de\u011fi\u015fikli\u011fi ile ilgili \u00e7al\u0131\u015fmalar\u0131n ba\u015flad\u0131\u011f\u0131n\u0131, komisyonlar\u0131n kurulaca\u011f\u0131n\u0131 kaydeden K\u0131l\u0131\u00e7daro\u011flu, &#8220;\u00f6zel bir t\u00fcz\u00fck kurultay\u0131 yapmayaca\u011f\u0131z. Muhtemelen 2012 May\u0131s ay\u0131nda yapaca\u011f\u0131m\u0131z ola\u011fan kurultay\u0131m\u0131zda t\u00fcz\u00fck de\u011fi\u015fikliklerini de yapaca\u011f\u0131z&#8221; diye konu\u015ftu.<\/p>\n<p style=\"text-align: justify;\"><strong>Ortada zafer de hezimet de yok<\/strong><\/p>\n<p style=\"text-align: justify;\">Se\u00e7imde umduklar\u0131 sonu\u00e7u alamad\u0131klar\u0131n\u0131 belirten CHP lideri, &#8220;ancak 2007 se\u00e7im sonu\u00e7lar\u0131n\u0131 baz ald\u0131\u011f\u0131m\u0131z da, ortada zafer de yok, hezimet de yok&#8221; diye konu\u015ftu.<\/p>\n<p style=\"text-align: justify;\"><strong>Ba\u015fbakan&#8217;\u0131n yakla\u015f\u0131m\u0131 ikiy\u00fczl\u00fc<\/strong><\/p>\n<p style=\"text-align: justify;\">K\u0131l\u0131\u00e7daro\u011flu, Ba\u015fbakan&#8217;\u0131n, &#8220;helalle\u015felim&#8221; \u00e7a\u011fr\u0131s\u0131 yapmas\u0131n\u0131 da, &#8220;iki y\u00fczl\u00fc bir yakla\u015f\u0131m&#8221; olarak niteledi, &#8220;se\u00e7im s\u00fcrecinde istedi\u011fini s\u00f6yler, hakaret ederim. Se\u00e7im bitince helalle\u015felim samimi bir yakla\u015f\u0131m de\u011fildir. Helalle\u015fmeyi d\u00fc\u015f\u00fcnen, bir g\u00fcn sonra pi\u015fman olur&#8221; diye konu\u015ftu.<\/p>\n<p style=\"text-align: justify;\">Kemal K\u0131l\u0131\u00e7daro\u011flu, Ba\u015fbakan&#8217;\u0131n, &#8220;anayasa i\u00e7in kap\u0131s\u0131n\u0131 \u00e7alar\u0131m&#8221; yakla\u015f\u0131m\u0131n\u0131 ise, &#8220;randevu isterse tabi g\u00f6r\u00fc\u015f\u00fcr\u00fcz. Kap\u0131m\u0131z a\u00e7\u0131k. Bizim anayasayla ilgili ne istedi\u011fimizi herkes biliyor. Ama AKP ne istiyor kimse bilmiyor. Ba\u015fbakan&#8217;\u0131n ne anlataca\u011f\u0131n\u0131 merak ediyoruz&#8221; dedi.<\/p>\n<p style=\"text-align: justify;\">Ba\u015fbakan&#8217;\u0131n anayasa de\u011fi\u015fikli\u011fi konusunda uzla\u015fma arayaca\u011f\u0131na inanmad\u0131\u011f\u0131n\u0131 da s\u00f6yleyen K\u0131l\u0131\u00e7daro\u011flu, anayasan\u0131n uzla\u015fma komisyonundan ge\u00e7mesi, her siyasi partinin, &#8220;evet&#8221; diyece\u011fi bir anayasa olmas\u0131 gerekti\u011fini vurgulad\u0131.<\/p>\n<p style=\"text-align: justify;\"><strong>Cumhurba\u015fkan\u0131n\u0131n g\u00f6rev s\u00fcresi 5 y\u0131l<\/strong><\/p>\n<p style=\"text-align: justify;\">Kemal K\u0131l\u0131\u00e7daro\u011flu, K\u00f6\u015fk tart\u0131\u015fmas\u0131na da de\u011findi, AK Parti i\u00e7indeki g\u00f6r\u00fc\u015f ayr\u0131l\u0131\u011f\u0131na dikkat \u00e7ekti.<\/p>\n<p style=\"text-align: justify;\">Cumhurba\u015fkan\u0131n\u0131n g\u00f6rev s\u00fcresinin tart\u0131\u015fmas\u0131z 5 y\u0131l oldu\u011funu vurgulayan K\u0131l\u0131\u00e7daro\u011flu, &#8220;se\u00e7im 2012&#8217;de yap\u0131lmal\u0131d\u0131r&#8221; dedi.<\/p>\n<p style=\"text-align: justify;\">K\u0131l\u0131\u00e7daro\u011flu, e\u011fer Cumhurba\u015fkan\u0131 G\u00fcl isterse, bir kez daha aday olabilece\u011fini kaydetti; &#8220;s\u00fcre 7 y\u0131ld\u0131r diyenler varsa, anayasa de\u011fi\u015fikli\u011fi yap\u0131p, ge\u00e7i\u00e7i madde koymal\u0131d\u0131rlar&#8221; diye konu\u015ftu.<\/p>\n<p style=\"text-align: justify;\"><a href=\"http:\/\/www.cnnturk.com\/2011\/turkiye\/06\/15\/kemal.kilicdaroglu.sert.cikti\/620200.0\/index.html\" target=\"_blank\">Kaynak : Sema Ecer &#8211; CNN T\u00dcRK<\/a><\/p>\n","protected":false},"excerpt":{"rendered":"<p style=\"text-align: center;\">\n<p style=\"text-align: justify;\">CHP Genel Ba\u015fkan\u0131 Kemal K\u0131l\u0131\u00e7daro\u011flu, ola\u011fan\u00fcst\u00fc kurultay isteyenlere seslendi, &#8220;sabah ak\u015fam TV&#8217;lerde konu\u015fup, ba\u011f\u0131r\u0131p \u00e7a\u011f\u0131racaklar\u0131na imzalar\u0131 toplay\u0131p getirsinler. Gere\u011fini yapay\u0131m&#8221; dedi. Se\u00e7im sonu\u00e7lar\u0131n\u0131 da de\u011ferlendiren K\u0131l\u0131\u00e7daro\u011flu, &#8220;ortada zafer de yok, hezimet de yok&#8221; diye konu\u015ftu.<\/p>\n","protected":false},"author":1,"featured_media":0,"comment_status":"open","ping_status":"closed","sticky":false,"template":"","format":"standard","meta":{"footnotes":""},"categories":[105],"tags":[],"class_list":["post-34539","post","type-post","status-publish","format-standard","hentry","category-gundem","odd"],"_links":{"self":[{"href":"http:\/\/www.korhanyilmaz.com\/index.php?rest_route=\/wp\/v2\/posts\/34539","targetHints":{"allow":["GET"]}}],"collection":[{"href":"http:\/\/www.korhanyilmaz.com\/index.php?rest_route=\/wp\/v2\/posts"}],"about":[{"href":"http:\/\/www.korhanyilmaz.com\/index.php?rest_route=\/wp\/v2\/types\/post"}],"author":[{"embeddable":true,"href":"http:\/\/www.korhanyilmaz.com\/index.php?rest_route=\/wp\/v2\/users\/1"}],"replies":[{"embeddable":true,"href":"http:\/\/www.korhanyilmaz.com\/index.php?rest_route=%2Fwp%2Fv2%2Fcomments&post=34539"}],"version-history":[{"count":0,"href":"http:\/\/www.korhanyilmaz.com\/index.php?rest_route=\/wp\/v2\/posts\/34539\/revisions"}],"wp:attachment":[{"href":"http:\/\/www.korhanyilmaz.com\/index.php?rest_route=%2Fwp%2Fv2%2Fmedia&parent=34539"}],"wp:term":[{"taxonomy":"category","embeddable":true,"href":"http:\/\/www.korhanyilmaz.com\/index.php?rest_route=%2Fwp%2Fv2%2Fcategories&post=34539"},{"taxonomy":"post_tag","embeddable":true,"href":"http:\/\/www.korhanyilmaz.com\/index.php?rest_route=%2Fwp%2Fv2%2Ftags&post=34539"}],"curies":[{"name":"wp","href":"https:\/\/api.w.org\/{rel}","templated":true}]}}