{"id":34535,"date":"2011-06-15T23:22:10","date_gmt":"2011-06-15T20:22:10","guid":{"rendered":"http:\/\/www.korhanyilmaz.com\/?p=34535"},"modified":"2011-07-10T22:28:23","modified_gmt":"2011-07-10T19:28:23","slug":"chpdeki-izmir-kavgasi-mahkemelik-oluyor","status":"publish","type":"post","link":"http:\/\/www.korhanyilmaz.com\/?p=34535","title":{"rendered":"CHP&#8217;de \u0130zmir kavgas\u0131 alevleniyor!"},"content":{"rendered":"<p style=\"text-align: center;\"><a href=\"http:\/\/www.korhanyilmaz.com\/wp-content\/uploads\/2011\/06\/0381.jpg\"  class=\"lightview\"><img loading=\"lazy\" decoding=\"async\" class=\"aligncenter size-full wp-image-34569\" src=\"http:\/\/www.korhanyilmaz.com\/wp-content\/uploads\/2011\/06\/0381.jpg\" alt=\"\" width=\"307\" height=\"236\" \/><\/a><\/p>\n<p style=\"text-align: justify;\">CHP \u0130zmir milletvekili Mehmet Ali Susam, se\u00e7im \u00f6ncesi bir toplant\u0131da kendisine hakaret etti\u011fi i\u00e7in \u0130zmir B\u00fcy\u00fck\u015fehir Belediye Ba\u015fkan\u0131 Aziz Kocao\u011flu hakk\u0131nda ceza davas\u0131 a\u00e7aca\u011f\u0131n\u0131 a\u00e7\u0131klad\u0131. Susam, genel merkezin parti i\u00e7i disiplin mekanizmas\u0131n\u0131n da harekete ge\u00e7mesi i\u00e7in de\u011ferlendirme yapaca\u011f\u0131n\u0131 belirtti. <!--more--><\/p>\n<p style=\"text-align: justify;\">Mehmet Ali Susam, 10 Haziran Cuma g\u00fcn\u00fc Tarihi Havagaz\u0131 Fabrikas\u0131&#8217;nda CHP Genel Ba\u015fkan Yard\u0131mc\u0131s\u0131 Alaattin Y\u00fcksel&#8217;in d\u00fczenledi\u011fi, CHP \u0130zmir milletvekili adaylar\u0131n\u0131n tamam\u0131 ve belediye ba\u015fkanlar\u0131n\u0131n kat\u0131ld\u0131\u011f\u0131 bas\u0131n toplant\u0131s\u0131 \u00f6ncesi \u0130zmir B\u00fcy\u00fck\u015fehir Belediye Ba\u015fkan\u0131 Aziz Kocao\u011flu&#8217;nun kendisine y\u00f6nelik s\u00f6zleriyle ilgili suskunlu\u011funu bozdu. Kordon Otel&#8217;de bas\u0131n mensuplar\u0131na se\u00e7imleri de\u011ferlendiren Susam, toplant\u0131n\u0131n sonunda hem kendi a\u00e7\u0131s\u0131ndan olay\u0131 anlatt\u0131, hem de \u00e7arp\u0131c\u0131 a\u00e7\u0131klamalarda bulundu.<\/p>\n<p style=\"text-align: justify;\">Susam, se\u00e7im sonras\u0131 parti i\u00e7i m\u00fccadelenin ba\u015flamas\u0131 nedeniyle kamuoyunda farkl\u0131 bir imajla alg\u0131lanma ba\u015flad\u0131\u011f\u0131n\u0131, bu nedenle bu olayla parti i\u00e7indeki geli\u015fmelerin bir arada de\u011ferlendirilmesini istemedi\u011fini belirtti. Gazetecilere olay\u0131 anlatan Susam &#8220;8 Haziran g\u00fcn\u00fc Kaya Prestige Otel&#8217;de yap\u0131lan bas\u0131n toplant\u0131s\u0131nda Genel Ba\u015fkan Kemal K\u0131l\u0131\u00e7daro\u011flu&#8217;nun da onay\u0131yla, soru sormak isteyen bas\u0131n mensuplar\u0131na kendilerini tan\u0131d\u0131\u011f\u0131m i\u00e7in mikrofonu ben g\u00f6nderdim. En son soruyu da Kaz\u0131m Erkmen sordu. Bunlara, oradaki gazeteciler \u00dcnal Ers\u00f6zl\u00fc ve Ali Ekber Y\u0131ld\u0131r\u0131m \u015fahittir. Erkmen&#8217;in sorusuna K\u0131l\u0131\u00e7daro\u011flu da Aziz Kocao\u011flu da yan\u0131t verdi. Toplant\u0131dan sonra baz\u0131 gazeteciler ve baz\u0131 partililerden gelen o mikrofonla birlikte sorular\u0131n da gitti\u011fi ve ka\u011f\u0131ttan okunarak sorular\u0131n okundu\u011fu \u015feklinde baz\u0131 s\u00f6zler duydum. 10 Haziran g\u00fcn\u00fc d\u00fczenlenen toplant\u0131 \u00f6ncesi Kocao\u011flu&#8217;yla tesad\u00fcfen yanyana oturunca kendisine siyasi ki\u015fili\u011fime yak\u0131\u015fan bir \u00fcslupla, siyasi nezaketle Genel Ba\u015fkan&#8217;\u0131n bilgisi dahilinde gazeteci arkada\u015flara mikrofon g\u00f6nderdi\u011fimi s\u00f6yledim. Ancak mikrofonla birlikte giden bir ka\u011f\u0131ttan sorular soruldu\u011fu y\u00f6n\u00fcnde s\u00f6zler duydu\u011fumu, \u00e7ok \u00fcz\u00fcld\u00fc\u011f\u00fcm\u00fc belirttim. Tahrik i\u00e7ermeyen, yava\u015f sakin bir a\u00e7\u0131klama yap\u0131p bilgilendirme i\u00e7erikli konu\u015fma yapt\u0131m. Bundan sonraki geli\u015fen olaylara sizler \u015fahitsiniz&#8221; dedi.<\/p>\n<p style=\"text-align: justify;\"><strong>Bir kavgan\u0131n taraf\u0131 de\u011fil ma\u011fduruyum<\/strong><\/p>\n<p style=\"text-align: justify;\">Susam, s\u00f6zlerinin \u00fcst\u00fcne basa basa bu olayda bir milletvekili ve belediye ba\u015fkan\u0131n\u0131n kavgas\u0131 olmad\u0131\u011f\u0131n\u0131 s\u00f6yledi. Susam, &#8220;Ben herhangi bir kavgan\u0131n taraf\u0131 de\u011fil, bu olay\u0131n ma\u011fduruyum. Hi\u00e7 hak etmedi\u011fim, ya\u015famay\u0131 hi\u00e7 istemedi\u011fim ve hi\u00e7 duymak istedi\u011fim s\u00f6zlerin muhatab\u0131 olmaktan \u00fcz\u00fcnt\u00fc duydum. Orada hi\u00e7 sesimi \u00e7\u0131karmad\u0131m, sakince olay\u0131 izledim. Bunun tek nedeni vard\u0131r. Se\u00e7im \u00f6ncesi b\u00f6yle bir tart\u0131\u015fman\u0131n taraf\u0131 olmamak i\u00e7in konu\u015fmad\u0131m. Sorumlu bir siyaset\u00e7inin yapmas\u0131 gereken bir davran\u0131\u015f\u0131 g\u00f6stermek i\u00e7in yapt\u0131m. S\u00f6ylenen t\u00fcm s\u00f6zleri k\u00f6t\u00fc s\u00f6z olarak telakki ediyor ve reddediyorum&#8221; dedi.<\/p>\n<p style=\"text-align: justify;\"><strong>Kocao\u011flu&#8217;na dava a\u00e7\u0131yorum<\/strong><\/p>\n<p style=\"text-align: justify;\">Susam, Aziz Kocao\u011flu&#8217;nun toplant\u0131da kendisi i\u00e7in s\u00f6yledi\u011fi s\u00f6zlerle ilgili hukuki anlamda gerekli ki\u015fisel giri\u015fimlere ba\u015flayaca\u011f\u0131n\u0131 a\u00e7\u0131klad\u0131. Susam &#8220;Ki\u015fisel hakaret oldu\u011fu i\u00e7in ceza davas\u0131 a\u00e7aca\u011f\u0131m. Tazminat davas\u0131 a\u00e7mayaca\u011f\u0131m&#8221; dedi. Hem kendisini hem de Genel Merkez&#8217;in disiplin mekanizmas\u0131n\u0131n \u00e7al\u0131\u015fmas\u0131 i\u00e7in de giri\u015fimi olaca\u011f\u0131n\u0131 s\u00f6yledi.<\/p>\n<p style=\"text-align: justify;\"><strong>K\u0131l\u0131\u00e7daro\u011flu&#8217;na ben anlatt\u0131m<\/strong><\/p>\n<p style=\"text-align: justify;\">Susam, CHP lideri K\u0131l\u0131\u00e7daro\u011flu&#8217;nun bir g\u00fcn sonra 11 Haziran&#8217;da \u0130zmir&#8217;e geldi\u011finde kendisiyle konu\u015ftu\u011funu ve olay\u0131 anlatt\u0131\u011f\u0131n\u0131 s\u00f6yledi. K\u0131l\u0131\u00e7daro\u011flu&#8217;nun \u0130zmir&#8217;de se\u00e7im \u00e7al\u0131\u015fmalar\u0131n\u0131n ba\u015far\u0131l\u0131 ge\u00e7mesi i\u00e7in o g\u00fcn gayretli bir efor sarfetti\u011fini belirten Susam, &#8220;Genel Ba\u015fkan konuyu de\u011ferlendirmi\u015ftir. Genel Merkez&#8217;de ise de\u011ferlendirme s\u00fcre\u00e7 i\u00e7inde ortaya \u00e7\u0131kacakt\u0131r. Ben, bana yap\u0131lan bu davran\u0131\u015fla ilgili hukuki t\u00fcm zeminlerde hakk\u0131m\u0131 arayaca\u011f\u0131m&#8221; dedi.<\/p>\n<p style=\"text-align: justify;\">Susam, ki\u015filik haklar\u0131na sald\u0131r\u0131 oldu\u011funu, bir parti i\u00e7i m\u00fccadele olmad\u0131\u011f\u0131n\u0131 s\u00f6yledi. Bornova Kongresi \u00f6ncesi Kocao\u011flu&#8217;yla ya\u015fanan tart\u0131\u015fmalar\u0131 ve Parti Meclisi olu\u015fumundaki gerginliklerle ilgili olarak Susam, burada bir yasal m\u00fccadele olmad\u0131\u011f\u0131n\u0131 s\u00f6yledi. Susam, &#8220;Ben parti i\u00e7i kavga noktas\u0131na hi\u00e7 gelmedim. Her arkada\u015f\u0131mla parti i\u00e7inde kol kola omuz omuza oldum. Bundan sonra da \u00f6yle olacak&#8221; dedi. Kocao\u011flu&#8217;nun ilk belediye ba\u015fkanl\u0131\u011f\u0131 d\u00f6neminde Birlik Ba\u015fkan\u0131 olarak uyumlu \u00e7al\u0131\u015ft\u0131klar\u0131n\u0131 da belirten Susam s\u00f6zlerine \u015f\u00f6yle devam etti:<\/p>\n<p style=\"text-align: justify;\">&#8220;2009 adayl\u0131\u011f\u0131 konusunda destek verdim. Arsenik tart\u0131\u015fmalar\u0131 konusunda belediyeye destek verdim. K\u0130K iptalleri konusunda ve metroda zarar g\u00f6ren Hatay esnaf\u0131yla ilgili TBMM&#8217;de \u00e7al\u0131\u015fmalar yapt\u0131m. Aziz Bey&#8217;in ba\u015far\u0131l\u0131 olmas\u0131 \u0130zmir&#8217;in partimin ba\u015far\u0131s\u0131d\u0131r. Aziz Bey&#8217;in ba\u015far\u0131l\u0131 olmas\u0131ndan gurur duyar\u0131m. Zor g\u00fcnlerde yan\u0131ndayd\u0131m. Ancak, hi\u00e7bir durum ki\u015filik haklar\u0131ma hakareti hakl\u0131 k\u0131lmaz.&#8221;<\/p>\n<p style=\"text-align: justify;\">Susam, se\u00e7im sonras\u0131 de\u011ferlendirmesinde ise CHP&#8217;de parti i\u00e7i kongre talepleri ve Genel Ba\u015fkan K\u0131l\u0131\u00e7daro\u011flu&#8217;nun istifas\u0131n\u0131n istenmesini do\u011fru bulmad\u0131\u011f\u0131n\u0131 s\u00f6yledi. Bu t\u00fcr ele\u015ftirilerin parti kurullar\u0131nda dile getirilmesi gerekti\u011fine dikkat \u00e7ekti.<\/p>\n<p style=\"text-align: justify;\"><a href=\"http:\/\/www.cnnturk.com\/2011\/turkiye\/06\/16\/chpde.izmir.kavgasi.alevleniyor\/620210.0\/index.html\" target=\"_blank\">Kaynak : CNN T\u00dcRK<\/a><\/p>\n","protected":false},"excerpt":{"rendered":"<p style=\"text-align: center;\">\n<p style=\"text-align: justify;\">CHP \u0130zmir milletvekili Mehmet Ali Susam, se\u00e7im \u00f6ncesi bir toplant\u0131da kendisine hakaret etti\u011fi i\u00e7in \u0130zmir B\u00fcy\u00fck\u015fehir Belediye Ba\u015fkan\u0131 Aziz Kocao\u011flu hakk\u0131nda ceza davas\u0131 a\u00e7aca\u011f\u0131n\u0131 a\u00e7\u0131klad\u0131. Susam, genel merkezin parti i\u00e7i disiplin mekanizmas\u0131n\u0131n da harekete ge\u00e7mesi i\u00e7in de\u011ferlendirme yapaca\u011f\u0131n\u0131 belirtti. <\/p>\n","protected":false},"author":1,"featured_media":0,"comment_status":"open","ping_status":"closed","sticky":false,"template":"","format":"standard","meta":{"footnotes":""},"categories":[105],"tags":[],"class_list":["post-34535","post","type-post","status-publish","format-standard","hentry","category-gundem","odd"],"_links":{"self":[{"href":"http:\/\/www.korhanyilmaz.com\/index.php?rest_route=\/wp\/v2\/posts\/34535","targetHints":{"allow":["GET"]}}],"collection":[{"href":"http:\/\/www.korhanyilmaz.com\/index.php?rest_route=\/wp\/v2\/posts"}],"about":[{"href":"http:\/\/www.korhanyilmaz.com\/index.php?rest_route=\/wp\/v2\/types\/post"}],"author":[{"embeddable":true,"href":"http:\/\/www.korhanyilmaz.com\/index.php?rest_route=\/wp\/v2\/users\/1"}],"replies":[{"embeddable":true,"href":"http:\/\/www.korhanyilmaz.com\/index.php?rest_route=%2Fwp%2Fv2%2Fcomments&post=34535"}],"version-history":[{"count":0,"href":"http:\/\/www.korhanyilmaz.com\/index.php?rest_route=\/wp\/v2\/posts\/34535\/revisions"}],"wp:attachment":[{"href":"http:\/\/www.korhanyilmaz.com\/index.php?rest_route=%2Fwp%2Fv2%2Fmedia&parent=34535"}],"wp:term":[{"taxonomy":"category","embeddable":true,"href":"http:\/\/www.korhanyilmaz.com\/index.php?rest_route=%2Fwp%2Fv2%2Fcategories&post=34535"},{"taxonomy":"post_tag","embeddable":true,"href":"http:\/\/www.korhanyilmaz.com\/index.php?rest_route=%2Fwp%2Fv2%2Ftags&post=34535"}],"curies":[{"name":"wp","href":"https:\/\/api.w.org\/{rel}","templated":true}]}}