{"id":34531,"date":"2011-06-10T16:22:43","date_gmt":"2011-06-10T13:22:43","guid":{"rendered":"http:\/\/www.korhanyilmaz.com\/?p=34531"},"modified":"2011-06-10T16:22:43","modified_gmt":"2011-06-10T13:22:43","slug":"chp-toplantisinda-gerilim","status":"publish","type":"post","link":"http:\/\/www.korhanyilmaz.com\/?p=34531","title":{"rendered":"CHP toplant\u0131s\u0131nda gerilim!"},"content":{"rendered":"<p style=\"text-align: justify;\"><a href=\"http:\/\/www.korhanyilmaz.com\/?attachment_id=34532\" rel=\"attachment wp-att-34532\"><img loading=\"lazy\" decoding=\"async\" class=\"aligncenter size-full wp-image-34532\" title=\"\" src=\"http:\/\/www.korhanyilmaz.com\/wp-content\/uploads\/2011\/06\/032.jpg\" alt=\"\" width=\"292\" height=\"278\" \/ class=\"lightview\"><\/a><\/p>\n<p style=\"text-align: justify;\">CHP \u0130zmir milletvekili adaylar\u0131n\u0131n hedeflerini a\u00e7\u0131klad\u0131\u011f\u0131 toplant\u0131 \u00f6ncesi \u0130zmir milletvekili Mehmet Ali Susam ve \u0130zmir B\u00fcy\u00fck\u015fehir Belediye Ba\u015fkan\u0131 Aziz Kocao\u011flu aras\u0131nda gerginlik ya\u015fand\u0131. Kocao\u011flu, Susam&#8217;a, &#8220;Sen bana hesap soracak adam m\u0131s\u0131n? Yeter 7 y\u0131ld\u0131r senden \u00e7ektiklerimiz. Burama kadar geldi. Sen kimsin ya&#8221; diye ba\u011f\u0131rd\u0131. <!--more--><\/p>\n<p style=\"text-align: justify;\">Ergenekon davas\u0131 kapsam\u0131nda Silivri Cezaevi&#8217;nde tutuklu bulunan Mustafa Balbay hari\u00e7 CHP&#8217;nin 25 \u0130zmir milletvekili aday\u0131, \u0130l Ba\u015fkan\u0131 Tacettin Bay\u0131r, \u0130zmir B\u00fcy\u00fck\u015fehir Belediye Ba\u015fkan\u0131 Aziz Kocao\u011flu ve CHP&#8217;li \u0130l\u00e7e belediye ba\u015fkanlar\u0131 se\u00e7im \u00f6ncesi son bas\u0131n toplant\u0131s\u0131n\u0131 Tarihi Havagaz\u0131 Fabrikas\u0131&#8217;nda yapt\u0131.<\/p>\n<p style=\"text-align: justify;\"><strong>Toplant\u0131 \u00f6ncesi gerginlik<\/strong><\/p>\n<p style=\"text-align: justify;\">Toplant\u0131 \u00f6ncesi CHP \u0130zmir milletvekili ve milletvekili aday\u0131 Mehmet Ali Susam ve \u0130zmir B\u00fcy\u00fck\u015fehir Belediye Ba\u015fkan\u0131 Aziz Kocao\u011flu tart\u0131\u015ft\u0131. Yanyana oturan Susam ve Kocao\u011flu birbiriyle konu\u015furken aniden Kocao\u011flu&#8217;nun sesi y\u00fckselmeye ba\u015flad\u0131. Durumu farkeden Alattin Y\u00fcksel, Kocao\u011flu&#8217;nu sakinle\u015ftirmeye \u00e7al\u0131\u015fsa da ba\u015far\u0131l\u0131 olamad\u0131. Kocao\u011flu, Susam&#8217;a, &#8220;Sen bana hesap soracak adam m\u0131s\u0131n? Yeter 7 y\u0131ld\u0131r senden \u00e7ektiklerimiz. Burama kadar geldi. Sen kimsin ya&#8221; diye ba\u011f\u0131rd\u0131.<\/p>\n<p style=\"text-align: justify;\">Bu s\u0131rada Susam&#8217;\u0131n bazen \u00f6ne bazen ise Kocao\u011flu&#8217;na bakarak sessiz kalmas\u0131 dikkat \u00e7ekti. Kocao\u011flu, daha sonra sinirle sandalyesinden kalkarak, salonu terketti. Terkederken de yine Susam&#8217;a y\u00f6nelik &#8220;Sen kimsin? Manyak. Seni aday yapan\u0131n Allah cezas\u0131n\u0131 versin&#8221; diye ba\u011f\u0131rd\u0131. CHP&#8217;li adaylar, il y\u00f6neticileri ve il\u00e7e belediye ba\u015fkanlar\u0131 donup kald\u0131. \u00c7i\u011fli Belediye Ba\u015fkan\u0131 Metin Solak ve Bal\u00e7ova Belediye Ba\u015fkan\u0131 Mehmet Ali \u00c7alkaya, Kocao\u011flu&#8217;nun kolunla girip sakinle\u015ftirmeye \u00e7al\u0131\u015ft\u0131.<\/p>\n<p style=\"text-align: justify;\">\u00c7alkaya, &#8220;Dayan\u0131n ba\u015fkan\u0131m birka\u00e7 g\u00fcn kald\u0131&#8221; dedi\u011fi duyuldu. Kocao\u011flu&#8217;nun siniri bina d\u0131\u015f\u0131nda da devam etti. Yine y\u00fcksek sesle &#8220;Sen kim oluyorsun?&#8221; diye ba\u011f\u0131rd\u0131\u011f\u0131, daha sonra &#8220;Mikrofonu da ben getirdim diyor ya&#8221; dedi\u011fi duyuldu. Kocao\u011flu, daha sonra toplant\u0131ya geldi\u011fi siyah minib\u00fcse binerek Havagaz\u0131 Fabrikas\u0131&#8217;n\u0131 terk etti.<\/p>\n<p style=\"text-align: justify;\"><strong>Susam: 12 Haziran&#8217;da bunlar\u0131 konu\u015fmayaca\u011f\u0131z<\/strong><\/p>\n<p style=\"text-align: justify;\">Mehmet Ali Susam, toplant\u0131 sonras\u0131nda bas\u0131n mensuplar\u0131n\u0131n tart\u0131\u015fmayla ilgili sorular\u0131na &#8220;Hi\u00e7 \u00f6nemli bir \u015fey yok. 12 Haziran&#8217;da bunlar\u0131n hi\u00e7birini konu\u015fmayaca\u011f\u0131z&#8221; dedi.<\/p>\n<p style=\"text-align: justify;\">Alaattin Y\u00fcksel ise Ba\u015fkan Kocao\u011flu&#8217;nun \u0130zmir B\u00fcy\u00fck\u015fehir Beldeyesi&#8217;ni yap\u0131lan operasyon ve arkada\u015flar\u0131n\u0131n cezaevinde olmas\u0131 nedeniyle b\u00fcy\u00fck s\u0131k\u0131nt\u0131, stres ya\u015fad\u0131\u011f\u0131n\u0131 s\u00f6yledi. Y\u00fcksel, &#8220;Bunlar\u0131n hepsi B\u00fcy\u00fck\u015fehir Belediye Ba\u015fkan\u0131&#8217;n\u0131n \u00fczerinde b\u00fcy\u00fck stres yaratt\u0131. \u00c7ok hakl\u0131 olarak, insani bir duygudur. Se\u00e7im ortam\u0131nda da bu stresi, bask\u0131y\u0131, s\u00fcrekli de yapmaya devam ediyorlar. Bunun d\u0131\u015favurumudur. Ba\u015fbakan gelip genel se\u00e7imde miting meydan\u0131nda B\u00fcy\u00fck\u015fehir Belediye Ba\u015fkan\u0131a&#8217;na her t\u00fcrl\u00fc sald\u0131r\u0131da bulunabiliyor. Mehmet Ali Bey&#8217;le, Ba\u015fkan Kocao\u011flu aras\u0131ndaki konuyu bilmiyorum. Genel Ba\u015fkan Kemal K\u0131l\u0131\u00e7daro\u011flu&#8217;nun a\u00e7\u0131klmas\u0131 s\u0131ras\u0131nda ya\u015fananlarla ilgili baz\u0131 \u015feyleri Mehmet Ali Bey, Ba\u015fkan&#8217;a aktar\u0131yordu. Bu s\u0131rada gerginlik oldu. Ben burada tart\u0131\u015f\u0131lmas\u0131n\u0131 \u00f6nlemeye \u00e7al\u0131\u015ft\u0131m. Ancak, \u00e7ok da ba\u015far\u0131l\u0131 olamad\u0131m. Aile i\u00e7i olay. Atlat\u0131r, ge\u00e7eriz. Biz de stres alt\u0131nday\u0131z. Ba\u015fkan Kocao\u011flu&#8217;nun \u00f6zel olarak bir de B\u00fcy\u00fck\u015fehir&#8217;de ya\u015fad\u0131\u011f\u0131 s\u0131k\u0131nt\u0131 var&#8221; dedi.<\/p>\n<p style=\"text-align: justify;\"><strong>\u0130ki g\u00fcn sonra rak\u0131 i\u00e7erken g\u00f6r\u00fcrs\u00fcn\u00fcz<\/strong><\/p>\n<p style=\"text-align: justify;\">CHP \u0130l Ba\u015fkan\u0131 Tacettin Bay\u0131r ise olmay\u0131n b\u00fcy\u00fct\u00fclmemesi gerekti\u011fini s\u00f6yledi. Aile i\u00e7inde \u00e7\u0131kan bir tart\u0131\u015fma oldu\u011funu belirten Bay\u0131r, &#8220;\u0130zmir \u00fczerinde farkl\u0131 g\u00f6r\u00fc\u015fleri projeleri olabilir. Biraraya oturup \u00e7\u00f6zeriz. Hesap sorma durumu yanl\u0131\u015f anlamadan kaynaklanabilir. Bir konu \u00fczerinde anla\u015fmazl\u0131k \u00e7\u0131km\u0131\u015f olabilir. Kamuyu ilgilendiren, b\u00fcy\u00fctecek bir olay de\u011fil. \u0130zmir ho\u015fg\u00f6r\u00fc kentidir. \u0130ki g\u00fcn sonra bir yerde rak\u0131 i\u00e7erken g\u00f6r\u00fcrs\u00fcn\u00fcz. B\u00f6yleydiler b\u00f6yle oldular dersiniz&#8221; dedi.<\/p>\n<p style=\"text-align: justify;\">Alaattin Y\u00fcksel, se\u00e7im s\u00fcrecini zorlu ge\u00e7ti\u011fini, e\u015fit \u015fartlarda, adil bir yar\u0131\u015f olmad\u0131\u011f\u0131n\u0131 s\u00f6yledi. \u0130zmir&#8217;de AKP&#8217;nin iki ithal bakanla devletin t\u00fcm olanklar\u0131n\u0131 kulland\u0131\u011f\u0131n\u0131 belirten Y\u00fcksel, ayr\u0131ca kayna\u011f\u0131 belli olmayan harcamalar da yap\u0131ld\u0131\u011f\u0131n\u0131 iddia etti. \u0130ki Bakan&#8217;\u0131n sadece \u0130zmirlileri g\u00f6nderid\u011fi mektuplar\u0131n maliyetinin 1 milyon TL olarak hesapland\u0131\u011f\u0131n\u0131 belirten Y\u00fcksel, &#8220;Harcamalar\u0131 ceplerinden mi, birinden ald\u0131klar\u0131 destekle mi yoksa devlet olanaklar\u0131yla m\u0131 yapt\u0131klar\u0131n\u0131 a\u00e7\u0131klas\u0131nlar. \u0130zmir&#8217;e Ba\u015fbakan da \u00f6zel \u00f6nem verdi. \u0130stanbul B\u00fcy\u00fck\u015fehir Belediye Ba\u015fkan\u0131&#8217;n\u0131 bile getirdiler. Muhtarlara saatler da\u011f\u0131t\u0131ld\u0131. Alt\u0131n da\u011f\u0131t\u0131ld\u0131\u011f\u0131 iddialar\u0131 konu\u015fuluyor. Bunlar\u0131n yasaya uygun olup olmad\u0131\u011f\u0131 konusunda \u0130zmirlileri ikna etsinler&#8221; dedi.<\/p>\n<p style=\"text-align: justify;\">\u0130stanbul, Ankara ve \u0130zmir gibi b\u00fcy\u00fck kentlerde ta\u015f\u0131ma mitingler yapan AK Parti&#8217;nin ta\u015f\u0131ma yapmad\u0131\u011f\u0131 kentlerde ilgi g\u00f6rmedi\u011fini savunan Y\u00fcksel, Ayd\u0131n&#8217;da CHP&#8217;nin \u00fc\u00e7te biri kalabal\u0131k g\u00f6ren Ba\u015fbakan Erdo\u011fan&#8217;\u0131n sinirlendi\u011fini \u00f6ne s\u00fcrd\u00fc. Y\u00fcksel, 12 Haziran&#8217;da demokrasi i\u00e7in, telefonlar\u0131n dinlenmemesi, yatak odalar\u0131na kamera konulmamas\u0131, \u00f6\u011frencilerin daha iyi ve \u00f6zg\u00fcrce e\u011fitim almas\u0131, \u00e7ift\u00e7inin, memurun, i\u015f\u00e7inin, esnaf\u0131n haketti\u011fini almas\u0131 i\u00e7in sand\u0131\u011fa gidilmesi gerikti\u011fini s\u00f6yledi. Y\u00fcksel, &#8220;Kaset y\u00f6netmeni Ba\u015fbakan&#8217;dan kurtulmak i\u00e7in sand\u0131\u011fa gidece\u011fiz. Diyarbak\u0131r&#8217;da &#8216;BDP&#8217;nin kasedi d\u00fc\u015fecek piyasaya&#8217; diye konu\u015ftu. Bir g\u00fcn sonra kaset \u00e7\u0131kt\u0131. Daha sonra Bakanlar\u0131n kasetlerini engellediklerini s\u00f6yledi. Yani kaset i\u015fini Ba\u015fbakan y\u00f6netiyor. Vizyona girip girmemesine Ba\u015fbakan karar veriyor. T\u00fcrkiye 12 Haziran pazar g\u00fcn\u00fc k\u00fcf\u00fcrbaz\u0131 m\u0131, yoksa vatanda\u015f\u0131n\u0131 seven ve sayan\u0131 m\u0131 ba\u015fbakan yapacak?&#8221; dedi.<\/p>\n<p style=\"text-align: justify;\"><strong>Hep birlikte s\u00f6z verdiler<\/strong><\/p>\n<p style=\"text-align: justify;\">CHP \u0130l Ba\u015fkan\u0131 Tacettin Bay\u0131r ise toplant\u0131n\u0131n sonuda 25 milletvekili aday\u0131na bir t\u00fcr yemin metni okuttu. &#8220;CHP milletvekili adaylar\u0131 olarak s\u00f6z veriyoruz&#8221; ba\u015fl\u0131kl\u0131 metin aya\u011fa kalkarak hep bir a\u011f\u0131zdan okundu. CHP milletvekili adaylar\u0131, &#8220;Biz \u0130zmirliyiz, \u0130zmir&#8217;in vekiliyiz. \u0130zmir&#8217;e yak\u0131\u015fan\u0131 yapaca\u011f\u0131m\u0131za, hatam\u0131zda \u00f6z\u00fcr dileyece\u011fimize, her ad\u0131mda halk\u0131m\u0131za soraca\u011f\u0131m\u0131za, ba\u015far\u0131y\u0131 payla\u015fmay\u0131 ve kendimizden \u00f6nce \u0130zmir&#8217;i, T\u00fcrkiye&#8217;yi d\u00fc\u015f\u00fcnece\u011fimize, insan onuru ve \u015ferefine yak\u0131\u015f\u0131r bir hizmet anlay\u0131\u015f\u0131yla \u00e7al\u0131\u015faca\u011f\u0131m\u0131za, t\u00fcm benli\u011fimizle, \u015ferefimiz \u00fczerine s\u00f6z veriyoruz. S\u00f6z veriyoruz. S\u00f6z veriyoruz&#8221; dedi.<\/p>\n<p style=\"text-align: justify;\"><a href=\"http:\/\/www.cnnturk.com\/2011\/turkiye\/06\/10\/chp.toplantisinda.gerilim\/619655.0\/index.html\" target=\"_blank\">Kaynak : CNN T\u00dcRK<\/a><\/p>\n","protected":false},"excerpt":{"rendered":"<p style=\"text-align: justify;\">\n<p style=\"text-align: justify;\">CHP \u0130zmir milletvekili adaylar\u0131n\u0131n hedeflerini a\u00e7\u0131klad\u0131\u011f\u0131 toplant\u0131 \u00f6ncesi \u0130zmir milletvekili Mehmet Ali Susam ve \u0130zmir B\u00fcy\u00fck\u015fehir Belediye Ba\u015fkan\u0131 Aziz Kocao\u011flu aras\u0131nda gerginlik ya\u015fand\u0131. Kocao\u011flu, Susam&#8217;a, &#8220;Sen bana hesap soracak adam m\u0131s\u0131n? Yeter 7 y\u0131ld\u0131r senden \u00e7ektiklerimiz. Burama kadar geldi. Sen kimsin ya&#8221; diye ba\u011f\u0131rd\u0131. <\/p>\n","protected":false},"author":1,"featured_media":0,"comment_status":"open","ping_status":"closed","sticky":false,"template":"","format":"standard","meta":{"footnotes":""},"categories":[105],"tags":[],"class_list":["post-34531","post","type-post","status-publish","format-standard","hentry","category-gundem","odd"],"_links":{"self":[{"href":"http:\/\/www.korhanyilmaz.com\/index.php?rest_route=\/wp\/v2\/posts\/34531","targetHints":{"allow":["GET"]}}],"collection":[{"href":"http:\/\/www.korhanyilmaz.com\/index.php?rest_route=\/wp\/v2\/posts"}],"about":[{"href":"http:\/\/www.korhanyilmaz.com\/index.php?rest_route=\/wp\/v2\/types\/post"}],"author":[{"embeddable":true,"href":"http:\/\/www.korhanyilmaz.com\/index.php?rest_route=\/wp\/v2\/users\/1"}],"replies":[{"embeddable":true,"href":"http:\/\/www.korhanyilmaz.com\/index.php?rest_route=%2Fwp%2Fv2%2Fcomments&post=34531"}],"version-history":[{"count":0,"href":"http:\/\/www.korhanyilmaz.com\/index.php?rest_route=\/wp\/v2\/posts\/34531\/revisions"}],"wp:attachment":[{"href":"http:\/\/www.korhanyilmaz.com\/index.php?rest_route=%2Fwp%2Fv2%2Fmedia&parent=34531"}],"wp:term":[{"taxonomy":"category","embeddable":true,"href":"http:\/\/www.korhanyilmaz.com\/index.php?rest_route=%2Fwp%2Fv2%2Fcategories&post=34531"},{"taxonomy":"post_tag","embeddable":true,"href":"http:\/\/www.korhanyilmaz.com\/index.php?rest_route=%2Fwp%2Fv2%2Ftags&post=34531"}],"curies":[{"name":"wp","href":"https:\/\/api.w.org\/{rel}","templated":true}]}}