{"id":34526,"date":"2011-06-15T13:07:59","date_gmt":"2011-06-15T10:07:59","guid":{"rendered":"http:\/\/www.korhanyilmaz.com\/?p=34526"},"modified":"2011-07-10T22:26:12","modified_gmt":"2011-07-10T19:26:12","slug":"bdpde-hedef-sol-cati","status":"publish","type":"post","link":"http:\/\/www.korhanyilmaz.com\/?p=34526","title":{"rendered":"BDP&#8217;de hedef &#8220;Sol \u00e7at\u0131&#8221;"},"content":{"rendered":"<p style=\"text-align: center;\"><a href=\"http:\/\/www.korhanyilmaz.com\/wp-content\/uploads\/2011\/06\/0311.jpg\"  class=\"lightview\"><img loading=\"lazy\" decoding=\"async\" class=\"aligncenter size-full wp-image-34527\" src=\"http:\/\/www.korhanyilmaz.com\/wp-content\/uploads\/2011\/06\/0311.jpg\" alt=\"\" width=\"307\" height=\"236\" \/><\/a><\/p>\n<p style=\"text-align: justify;\">Solda g\u00fc\u00e7birli\u011fi olu\u015fturmak i\u00e7in harekete ge\u00e7en BDP\u2019nin kongreden sonra yeni bir parti kuraca\u011f\u0131 belirtiliyor. Genel Ba\u015fkanl\u0131k i\u00e7in Dicle ve T\u00fczel\u2019in ad\u0131 ge\u00e7iyor. \u201cEmek, Demokrasi ve \u00d6zg\u00fcrl\u00fck\u201d blo\u011fu ile se\u00e7imlerden 36 milletvekiliyle \u00e7\u0131kan BDP, b\u00fct\u00fcn sol kesimlerin de bulu\u015faca\u011f\u0131, b\u00fct\u00fcn T\u00fcrkiye\u2019ye hitap edecek proje \u00fczerinde \u00e7al\u0131\u015f\u0131yor. BDP\u2019de, K\u00fcrtlerin ba\u015frol \u00fcstlenece\u011fi bir &#8220;\u00e7at\u0131 partisi&#8221; ciddi anlamda tart\u0131\u015f\u0131lmaya ba\u015fland\u0131.\u00a0<!--more--><\/p>\n<p style=\"text-align: justify;\">\u00a0\u00c7at\u0131 partisi \u00e7al\u0131\u015fmalar\u0131na ba\u015flanmas\u0131 i\u00e7in, y\u00fcksek oy oran\u0131 ile milletvekili se\u00e7ilen, ancak Yarg\u0131tay\u2019\u0131n cezas\u0131n\u0131 onamas\u0131 nedeniyle parlamentoya girip girmeyece\u011fi tart\u0131\u015fmal\u0131 olan Hatip Dicle\u2019nin durumunun netle\u015fmesi beklenecek. Dicle, milletvekilli\u011fi tescillenirse g\u00fc\u00e7l\u00fc genel ba\u015fkan aday\u0131 olarak ortaya \u00e7\u0131kacak.<\/p>\n<p style=\"text-align: justify;\">Projeye g\u00f6re, \u00e7at\u0131 partisinde Dicle ile birlikte K\u00fcrt olmayan EMEP Genel Ba\u015fkan\u0131 Levent T\u00fczel ya da 68 ku\u015fa\u011f\u0131n\u0131n sembol isimlerinden Ertu\u011frul K\u00fcrk\u00e7\u00fc e\u015fba\u015fkanl\u0131\u011f\u0131 \u00fcstlenecek. BDP ve di\u011fer partiler de \u00e7at\u0131 partisine kat\u0131lacak.<\/p>\n<p style=\"text-align: justify;\"><strong>Bir K\u00fcrt, bir T\u00fcrk e\u015f ba\u015fkan\u00a0<\/strong><\/p>\n<p style=\"text-align: justify;\">Abdullah \u00d6calan\u2019\u0131n \u0131srarla g\u00fcndeme getirdi\u011fi, K\u00fcrtlerin yan\u0131 s\u0131ra sol ve sosyalist kesimlerin i\u00e7inde yer ald\u0131\u011f\u0131 \u00e7at\u0131 partisi giri\u015fimine se\u00e7imlerin ard\u0131ndan start verildi. BDP\u2019nin politikalar\u0131na y\u00f6n veren siyasi kadro \u00fczerinde b\u00fcy\u00fck etkisi bulunan Dicle\u2019nin durumu da \u00e7at\u0131 partisi ile birlikte tart\u0131\u015f\u0131l\u0131yor. Dicle\u2019nin durumunun netle\u015fmesiyle birlikte \u00e7at\u0131 partisi \u00e7al\u0131\u015fmalar\u0131na h\u0131z verilecek.<\/p>\n<p style=\"text-align: justify;\">D\u00fc\u015f\u00fcn\u00fclen yol haritas\u0131na g\u00f6re, BDP destekli ba\u011f\u0131ms\u0131zlar\u0131n parlamentoya gelmesinden sonra \u00f6nce BDP grubu olu\u015fturulacak. Grubun olu\u015fmas\u0131 ile birlikte Dicle, \u00f6n\u00fcndeki yasal engel kalkarsa \u00f6n\u00fcm\u00fczdeki iki ay i\u00e7inde yap\u0131lacak kongrede en g\u00fc\u00e7l\u00fc genel ba\u015fkan aday\u0131 olacak. Dicle, bu a\u015famada \u00e7at\u0131 partisi kurulursa bu partiye, kurulmazsa BDP\u2019ye genel ba\u015fkan olacak. Dicle\u2019nin genel ba\u015fkan olmas\u0131 partiye y\u00f6n veren kadro taraf\u0131ndan benimseniyor. \u00d6n\u00fcm\u00fczdeki d\u00f6nemde K\u00fcrt sorununun \u00e7\u00f6z\u00fcm\u00fc konusunda radikal kararlar\u0131 uygulamaya koymas\u0131 beklenen BDP\u2019de, Dicle\u2019nin liderli\u011fi tabanda da destekleniyor.<\/p>\n<p style=\"text-align: justify;\"><strong>\u00d6calan, T\u00fczel&#8217;i i\u015faret etmi\u015fti\u00a0<\/strong><\/p>\n<p style=\"text-align: justify;\">Kulislerdeki bilgilere g\u00f6re, \u00e7at\u0131 partisi b\u00fcy\u00fck olas\u0131l\u0131kla BDP kongresinden sonra kurulacak. \u00c7at\u0131 partisi kurulana kadar, siyaset yasa\u011f\u0131 nedeniyle BDP\u2019ye kat\u0131lamayan Ahmet T\u00fcrk, Aysel Tu\u011fluk ve Leyla Zana ba\u011f\u0131ms\u0131z kalacak. Bu 3 isim, yasaklar\u0131 bitene kadar \u00e7at\u0131 partisine de kat\u0131lamayacak.<\/p>\n<p style=\"text-align: justify;\">\u00c7at\u0131 partisinin kurulaca\u011f\u0131 a\u015famaya kadar, Levent T\u00fczel ve \u015eerafettin El\u00e7i de kendi partilerine d\u00f6necek. T\u00fczel EMEP\u2019e, El\u00e7i ise KADEP\u2019e geri d\u00f6necek. Bu isimler, buna ra\u011fmen, BDP ile ortak hareket edecek. K\u00fcrk\u00e7\u00fc gibi belli bir partiye mensup olmayan isimler ise BDP\u2019de devam edecek.<\/p>\n<p style=\"text-align: justify;\"><strong>Lider adaylar\u0131\u00a0<\/strong><\/p>\n<p style=\"text-align: justify;\">\u00c7at\u0131 partisinin kurulmas\u0131n\u0131n ard\u0131ndan, BDP dahil t\u00fcm partiler bu partiye kat\u0131lacak. \u00c7at\u0131 partisinin e\u015fba\u015fkan\u0131 bu a\u015famada Dicle ile T\u00fczel ya da K\u00fcrk\u00e7\u00fc olacak. \u00d6calan da avukatlar\u0131 arac\u0131l\u0131\u011f\u0131yla, olu\u015fturulmaya \u00e7al\u0131\u015f\u0131lan \u00e7at\u0131 partisi liderli\u011fi i\u00e7in T\u00fczel\u2019i i\u015faret etmi\u015fti.<\/p>\n<p style=\"text-align: justify;\"><strong>Denendi ama olmad\u0131\u00a0<\/strong><\/p>\n<p style=\"text-align: justify;\">BDP, EMEP, \u00d6DP ve SDP\u2019nin \u00f6nc\u00fcl\u00fc\u011f\u00fcnde 2008 y\u0131l\u0131nda \u00e7at\u0131 partisi \u00e7al\u0131\u015fmalar\u0131 i\u00e7in masaya oturmu\u015ftu.<\/p>\n<p style=\"text-align: justify;\">Sol \u00c7at\u0131 Parti Tasla\u011f\u0131 olu\u015fturulduktan sonra demokratik kitle \u00f6rg\u00fctleri, ayd\u0131nlar, yazarlar, kanaat \u00f6nderleriyle bir dizi g\u00f6r\u00fc\u015fmeler ger\u00e7ekle\u015ftirildi. Yakla\u015f\u0131k 1 y\u0131l s\u00fcren \u00e7al\u0131\u015fmalar sonunda bir \u00e7at\u0131s\u0131 kurulamad\u0131. 2010 y\u0131l\u0131nda ter\u00f6rist \u00d6calan, K\u00fcrt siyaset\u00e7ilerin, EMEP, \u00d6DP ve EDP ile bir araya gelmesi gerekti\u011fini s\u00f6ylemi\u015fti.<\/p>\n<p style=\"text-align: justify;\"><a href=\"http:\/\/www.cnnturk.com\/2011\/yazarlar\/06\/15\/bdpde.hedef.sol.cati\/620137.0\/index.html\" target=\"_blank\">Kaynak : CNN T\u00dcRK<\/a><\/p>\n","protected":false},"excerpt":{"rendered":"<p style=\"text-align: center;\">\n<p style=\"text-align: justify;\">Solda g\u00fc\u00e7birli\u011fi olu\u015fturmak i\u00e7in harekete ge\u00e7en BDP\u2019nin kongreden sonra yeni bir parti kuraca\u011f\u0131 belirtiliyor. Genel Ba\u015fkanl\u0131k i\u00e7in Dicle ve T\u00fczel\u2019in ad\u0131 ge\u00e7iyor. \u201cEmek, Demokrasi ve \u00d6zg\u00fcrl\u00fck\u201d blo\u011fu ile se\u00e7imlerden 36 milletvekiliyle \u00e7\u0131kan BDP, b\u00fct\u00fcn sol kesimlerin de bulu\u015faca\u011f\u0131, b\u00fct\u00fcn T\u00fcrkiye\u2019ye hitap edecek proje \u00fczerinde \u00e7al\u0131\u015f\u0131yor. BDP\u2019de, K\u00fcrtlerin ba\u015frol \u00fcstlenece\u011fi bir <\/p>\n","protected":false},"author":1,"featured_media":0,"comment_status":"open","ping_status":"closed","sticky":false,"template":"","format":"standard","meta":{"footnotes":""},"categories":[105],"tags":[],"class_list":["post-34526","post","type-post","status-publish","format-standard","hentry","category-gundem","odd"],"_links":{"self":[{"href":"http:\/\/www.korhanyilmaz.com\/index.php?rest_route=\/wp\/v2\/posts\/34526","targetHints":{"allow":["GET"]}}],"collection":[{"href":"http:\/\/www.korhanyilmaz.com\/index.php?rest_route=\/wp\/v2\/posts"}],"about":[{"href":"http:\/\/www.korhanyilmaz.com\/index.php?rest_route=\/wp\/v2\/types\/post"}],"author":[{"embeddable":true,"href":"http:\/\/www.korhanyilmaz.com\/index.php?rest_route=\/wp\/v2\/users\/1"}],"replies":[{"embeddable":true,"href":"http:\/\/www.korhanyilmaz.com\/index.php?rest_route=%2Fwp%2Fv2%2Fcomments&post=34526"}],"version-history":[{"count":0,"href":"http:\/\/www.korhanyilmaz.com\/index.php?rest_route=\/wp\/v2\/posts\/34526\/revisions"}],"wp:attachment":[{"href":"http:\/\/www.korhanyilmaz.com\/index.php?rest_route=%2Fwp%2Fv2%2Fmedia&parent=34526"}],"wp:term":[{"taxonomy":"category","embeddable":true,"href":"http:\/\/www.korhanyilmaz.com\/index.php?rest_route=%2Fwp%2Fv2%2Fcategories&post=34526"},{"taxonomy":"post_tag","embeddable":true,"href":"http:\/\/www.korhanyilmaz.com\/index.php?rest_route=%2Fwp%2Fv2%2Ftags&post=34526"}],"curies":[{"name":"wp","href":"https:\/\/api.w.org\/{rel}","templated":true}]}}