{"id":34522,"date":"2011-06-15T19:45:56","date_gmt":"2011-06-15T16:45:56","guid":{"rendered":"http:\/\/www.korhanyilmaz.com\/?p=34522"},"modified":"2011-07-10T22:27:18","modified_gmt":"2011-07-10T19:27:18","slug":"o-milletvekilleri-chpden-ayrilacaklar-mi","status":"publish","type":"post","link":"http:\/\/www.korhanyilmaz.com\/?p=34522","title":{"rendered":"O milletvekilleri CHP&#8217;den ayr\u0131lacaklar m\u0131?"},"content":{"rendered":"<p style=\"text-align: center;\"><a href=\"http:\/\/www.korhanyilmaz.com\/wp-content\/uploads\/2011\/06\/0301.jpg\"  class=\"lightview\"><img loading=\"lazy\" decoding=\"async\" class=\"aligncenter size-full wp-image-34523\" src=\"http:\/\/www.korhanyilmaz.com\/wp-content\/uploads\/2011\/06\/0301.jpg\" alt=\"\" width=\"288\" height=\"223\" \/><\/a><\/p>\n<p style=\"text-align: justify;\">CHP Genel Sekreteri ve Parti S\u00f6zc\u00fcs\u00fc Bihlun Tamayl\u0131gil, milletvekili se\u00e7ilen baz\u0131 isimlerin partiden ayr\u0131laca\u011f\u0131 y\u00f6n\u00fcnde iddialar i\u00e7in &#8220;B\u00f6yle bir iddian\u0131n dayana\u011f\u0131 nereden, nedir, bunu iddia edenlere sormak laz\u0131m&#8221; dedi.\u00a0<!--more--><\/p>\n<p style=\"text-align: justify;\">CHP Merkez Y\u00f6netim Kurulu (MYK), Genel Ba\u015fkan Kemal K\u0131l\u0131\u00e7daro\u011flu, ba\u015fkanl\u0131\u011f\u0131nda topland\u0131. Tamayl\u0131gil, yakla\u015f\u0131k 6 saat s\u00fcren toplant\u0131n\u0131n ard\u0131ndan a\u00e7\u0131klamalarda bulundu ve gazetecilerin sorular\u0131n\u0131 yan\u0131tlad\u0131.<\/p>\n<p style=\"text-align: justify;\">Toplant\u0131da se\u00e7im sonu\u00e7lar\u0131n\u0131n de\u011ferlendirildi\u011fini anlatan Tamayl\u0131gil, &#8220;CHP&#8217;nin 2007, 2009, 2011 y\u0131llar\u0131 itibar\u0131yla oy oranlar\u0131nda ba\u015far\u0131l\u0131 bir art\u0131\u015f ger\u00e7ekle\u015ftirdi\u011fini, bununla beraberde milletvekili say\u0131lar\u0131n\u0131 art\u0131rd\u0131klar\u0131n\u0131&#8221; s\u00f6yledi.<\/p>\n<p style=\"text-align: justify;\">&#8220;CHP olarak olu\u015fan Meclis grubumuzla beraber, \u00e7al\u0131\u015fmalar\u0131m\u0131z\u0131 bize verilen sorumluluk ve y\u00fck\u00fcml\u00fcl\u00fck noktas\u0131nda var g\u00fcc\u00fcm\u00fczle ortaya koyaca\u011f\u0131m\u0131z hedeflerimizle ve se\u00e7ime gidi\u015f noktas\u0131nda a\u00e7\u0131klad\u0131\u011f\u0131m\u0131z projelerin temel ilkelerini halk\u0131m\u0131zla payla\u015fmaya devam ederek s\u00fcrd\u00fcrece\u011fiz&#8221; diyen Tamayl\u0131gil, \u015f\u00f6yle devam etti:<\/p>\n<p style=\"text-align: justify;\">&#8220;T\u00fcm CHP \u00f6rg\u00fct\u00fcne, b\u00fct\u00fcn birimlerinde \u00e7al\u0131\u015fan arkada\u015flar\u0131m\u0131za, g\u00f6n\u00fcll\u00fc olarak CHP&#8217;nin bu se\u00e7im s\u00fcrecindeki \u00e7al\u0131\u015fmalar\u0131n emek sarf eden t\u00fcm vatanda\u015flar\u0131m\u0131za, bize ve projelerimize oy vererek destek olan t\u00fcm vatanda\u015flar\u0131m\u0131za ve ayr\u0131ca bas\u0131n mensuplar\u0131na te\u015fekk\u00fcr etmek istiyorum. Bunun yan\u0131 s\u0131ra bug\u00fcnden itibaren hatta pazartesinden itibaren \u00e7al\u0131\u015fmalar\u0131m\u0131z ayn\u0131 tempo, inan\u00e7 ve enerji ile devam ediyor. Hali haz\u0131rda se\u00e7im sonu\u00e7lar\u0131 kesinle\u015fmedi iller baz\u0131nda yap\u0131lm\u0131\u015f tespitler ve itirazlar\u0131n hukuki s\u00fcreci devam ediyor. Kesin sonu\u00e7lar a\u00e7\u0131klanacak ve Meclisin \u00e7al\u0131\u015fma program\u0131 ortaya \u00e7\u0131kacakt\u0131r. Bizler de \u00f6n\u00fcm\u00fczdeki d\u00f6nemde se\u00e7imler ve iktidar hedefli y\u00fcr\u00fcy\u00fc\u015f\u00fcm\u00fczle yolumuza devam edece\u011fiz.&#8221;<\/p>\n<p style=\"text-align: justify;\">Tamayl\u0131gil, se\u00e7im sonu\u00e7lar\u0131na ili\u015fkin t\u00fcm \u00f6rg\u00fctlerden se\u00e7imle ilgili bilgi istediklerini, bunlar\u0131n MYK&#8217;ya ula\u015fmas\u0131ndan sonra de\u011ferlendirilece\u011fini bildirdi. Tamayl\u0131gil, se\u00e7im s\u00fcrecinde kad\u0131nlar\u0131n ve gen\u00e7lerin inan\u0131lmaz bir performans g\u00f6sterdi\u011fini belirterek, te\u015fekk\u00fcr etti.<\/p>\n<p style=\"text-align: justify;\">Se\u00e7im s\u00fcrecinde &#8220;haddini a\u015fan ve kimi zaman sinkafl\u0131 kelimelere d\u00f6nen CHP&#8217;nin muhatap b\u0131rak\u0131ld\u0131\u011f\u0131 a\u011f\u0131r kelimelerle kar\u015f\u0131 kar\u015f\u0131ya kald\u0131klar\u0131n\u0131&#8221; ifade eden Tamayl\u0131gil, bu konuda yasal olarak ba\u015flatt\u0131klar\u0131 giri\u015fimlerin takip\u00e7isi olacaklar\u0131n\u0131 s\u00f6yledi.<\/p>\n<p style=\"text-align: justify;\"><strong>Kurultay talepleri\u00a0<\/strong><\/p>\n<p style=\"text-align: justify;\">Tamayl\u0131gil, bir gazetecinin, baz\u0131 muhalif isimlerin kurultay talebi oldu\u011funu an\u0131msatmas\u0131 \u00fczerine, &#8220;CHP her zaman hukuka, hukukun \u00fcst\u00fcnl\u00fc\u011f\u00fcne parti i\u00e7i hukuka inanan bir partidir. Dile getirilen d\u00fc\u015f\u00fcnceler, ele\u015ftiri boyutunda oldu\u011funda ortaya konulabilir. Bir t\u00fcz\u00fc\u011f\u00fcm\u00fcz vard\u0131r, kurultay\u0131n nas\u0131l toplanaca\u011f\u0131n\u0131 ortaya koymaktad\u0131r. Herkes \u00f6zg\u00fcr iradesiyle bu s\u00fcreci ve t\u00fcz\u00fc\u011f\u00fcn gereklerini yerine getirebilir&#8230;&#8221; ifadelerini kulland\u0131.<\/p>\n<p style=\"text-align: justify;\">Tamayl\u0131gil, &#8220;\u00d6n\u00fcm\u00fczdeki g\u00fcnlerde bir Parti Meclisi (PM) ya da il ba\u015fkanlar\u0131 toplant\u0131s\u0131 olacak m\u0131?&#8221; y\u00f6n\u00fcndeki soru \u00fczerine ise &#8220;\u00d6ncelikle rakamlar ve ortaya \u00e7\u0131k\u0131\u015f s\u00fcreciyle ilgili olarak kesinle\u015fen bir noktada de\u011filiz, bunu detayl\u0131 de\u011ferlendiriyoruz. \u00d6rg\u00fct\u00fcn ortaya koyaca\u011f\u0131 iller baz\u0131ndaki de\u011ferlendirmeleri de ortaya koyaca\u011f\u0131z&#8221; yan\u0131t\u0131n\u0131 verdi.<\/p>\n<p style=\"text-align: justify;\">Yeni anayasa konusunda iktidar partisinin &#8220;uzla\u015fma sa\u011flanmas\u0131&#8221; y\u00f6n\u00fcnde a\u00e7\u0131klamalar\u0131n\u0131n oldu\u011funun hat\u0131rlat\u0131larak, CHP&#8217;nin g\u00f6r\u00fc\u015f\u00fcn\u00fcn sorulmas\u0131 \u00fczerine Tamayl\u0131gil, &#8220;\u0130ktidar partisi bug\u00fcne kadar uzla\u015fma eylemlerinde bulunmam\u0131\u015ft\u0131r, bu t\u00fcr s\u00f6ylemlerin g\u00fcven telakki etti\u011fini s\u00f6ylemek de m\u00fcmk\u00fcn de\u011fildir. Parti tercihleri \u00f6tesine gitmeyen balkon konu\u015fmalar\u0131, genelde balkonda kald\u0131\u011f\u0131 i\u00e7in uygulamada hangi noktaya ta\u015f\u0131yacaklar, g\u00f6rece\u011fiz&#8221; dedi.<\/p>\n<p style=\"text-align: justify;\">Tamayl\u0131gil, anayasalar\u0131n toplumsal mutabakat belgeleri oldu\u011funu da s\u00f6yledi.<\/p>\n<p style=\"text-align: justify;\"><strong>Deniz Baykal&#8217;a cevap\u00a0<\/strong><\/p>\n<p style=\"text-align: justify;\">Bihlun Tamayl\u0131gil, eski CHP Genel Ba\u015fkan\u0131 Deniz Baykal&#8217;\u0131n, &#8220;taklit, asl\u0131n\u0131 ya\u015fat\u0131r&#8221; y\u00f6n\u00fcnde a\u00e7\u0131klamalar\u0131n\u0131n oldu\u011funun an\u0131msat\u0131larak, ele\u015ftirilerinin dikkate al\u0131n\u0131p, al\u0131nmayaca\u011f\u0131n\u0131n sorulmas\u0131 \u00fczerine de CHP&#8217;nin se\u00e7im s\u00fcrecinde \u00f6nemli projeler ortaya koydu\u011funu anlatt\u0131.<\/p>\n<p style=\"text-align: justify;\">Tamayl\u0131gil, &#8220;Bu projeler anlat\u0131lmaya devam edilecektir. Bununla birlikte CHP, kendi projelerini haz\u0131rlam\u0131\u015ft\u0131r, bir taklit de\u011fil, \u00e7a\u011fda\u015f, uygar, temel hak ve \u00f6zg\u00fcrl\u00fcklere sayg\u0131l\u0131, refah\u0131 payla\u015fma hedeflerini ortaya koymu\u015ftur. Bu y\u00f6ndeki t\u00fcm ba\u015fl\u0131klar\u0131 payla\u015fmaya da devam edecektir&#8221; dedi.<\/p>\n<p style=\"text-align: justify;\">Se\u00e7im \u00f6ncesi \u00e7e\u015fitli hedeflerin konuldu\u011funun an\u0131msat\u0131larak, gelinen noktada bu durumun MYK&#8217;da de\u011ferlendirilip de\u011ferlendirilmedi\u011finin sorulmas\u0131 \u00fczerine Tamayl\u0131gil, her siyasi partinin amac\u0131n\u0131n iktidar olmak oldu\u011funu s\u00f6yledi.<\/p>\n<p style=\"text-align: justify;\"><strong>CHP&#8217;den ayr\u0131lacaklar m\u0131?\u00a0<\/strong><\/p>\n<p style=\"text-align: justify;\">Tamayl\u0131gil, CHP&#8217;nin 12 Eyl\u00fcl s\u00fcrecinden sonra en \u00f6nemli oy oran\u0131n\u0131 ald\u0131\u011f\u0131n\u0131, milletvekili a\u00e7\u0131s\u0131nda da artan bir oy oran\u0131yla temsil hakk\u0131n\u0131 elde etti\u011fini kaydetti.<\/p>\n<p style=\"text-align: justify;\">Milletvekili se\u00e7ilen baz\u0131 isimlerin partiden ayr\u0131laca\u011f\u0131 y\u00f6n\u00fcnde iddialar oldu\u011funun hat\u0131rlat\u0131lmas\u0131 \u00fczerine de Tamayl\u0131gil, &#8220;B\u00f6yle bir iddian\u0131n dayana\u011f\u0131 nereden, nedir, bunu iddia edenlere sormak laz\u0131m. CHP&#8217;nin se\u00e7ilmi\u015f t\u00fcm vekilleri, CHP \u00e7at\u0131s\u0131 alt\u0131nda ald\u0131klar\u0131 sorumluluk \u00f6l\u00e7\u00fcs\u00fcnde m\u00fccadele etmeye devam edeceklerdir&#8221; dedi.<\/p>\n<p style=\"text-align: justify;\">Tamayl\u0131gil, Ergenekon tutuklu san\u0131klar\u0131ndan Mehmet Haberal ve Mustafa Balbay ile ilgili s\u00fcrecin sorulmas\u0131 \u00fczerine, yarg\u0131n\u0131n siyasalla\u015ft\u0131\u011f\u0131n\u0131 ileri s\u00fcrerek, bu ortamda nas\u0131l bir karar verilece\u011finin merak konusu oldu\u011funu ifade etti.<\/p>\n<p style=\"text-align: justify;\">Tamayl\u0131gil, CHP Grup Ba\u015fkanvekili Muharrem \u0130nce&#8217;nin a\u00e7\u0131klamalar\u0131n\u0131n sorulmas\u0131 \u00fczerine, \u0130nce&#8217;nin bug\u00fcn MYK toplant\u0131s\u0131na kat\u0131lmad\u0131\u011f\u0131n\u0131 ancak kendisinin ilk a\u00e7\u0131klamas\u0131n\u0131n ard\u0131ndan s\u00f6zlerine a\u00e7\u0131kl\u0131k getirdi\u011fini s\u00f6yledi.<\/p>\n<p style=\"text-align: justify;\">\u00a0Bu arada CHP&#8217;de Genel Ba\u015fkan K\u0131l\u0131\u00e7daro\u011flu&#8217;nun \u00d6zel Kalem M\u00fcd\u00fcr\u00fc Hamret \u015eafak Erdemi\u015f&#8217;in sa\u011fl\u0131k sorunlar\u0131n\u0131 gerek\u00e7e g\u00f6stererek g\u00f6revinden istifa etti\u011fi \u00f6\u011frenildi.<\/p>\n<p style=\"text-align: justify;\"><a href=\"http:\/\/www.cnnturk.com\/2011\/turkiye\/06\/15\/o.milletvekilleri.chpden.ayrilacaklar.mi\/620199.0\/index.html\" target=\"_blank\">Kaynak : CNN T\u00dcRK<\/a><\/p>\n","protected":false},"excerpt":{"rendered":"<p style=\"text-align: center;\">\n<p style=\"text-align: justify;\">CHP Genel Sekreteri ve Parti S\u00f6zc\u00fcs\u00fc Bihlun Tamayl\u0131gil, milletvekili se\u00e7ilen baz\u0131 isimlerin partiden ayr\u0131laca\u011f\u0131 y\u00f6n\u00fcnde iddialar i\u00e7in &#8220;B\u00f6yle bir iddian\u0131n dayana\u011f\u0131 nereden, nedir, bunu iddia edenlere sormak laz\u0131m&#8221; dedi. <\/p>\n","protected":false},"author":1,"featured_media":0,"comment_status":"open","ping_status":"closed","sticky":false,"template":"","format":"standard","meta":{"footnotes":""},"categories":[105],"tags":[],"class_list":["post-34522","post","type-post","status-publish","format-standard","hentry","category-gundem","odd"],"_links":{"self":[{"href":"http:\/\/www.korhanyilmaz.com\/index.php?rest_route=\/wp\/v2\/posts\/34522","targetHints":{"allow":["GET"]}}],"collection":[{"href":"http:\/\/www.korhanyilmaz.com\/index.php?rest_route=\/wp\/v2\/posts"}],"about":[{"href":"http:\/\/www.korhanyilmaz.com\/index.php?rest_route=\/wp\/v2\/types\/post"}],"author":[{"embeddable":true,"href":"http:\/\/www.korhanyilmaz.com\/index.php?rest_route=\/wp\/v2\/users\/1"}],"replies":[{"embeddable":true,"href":"http:\/\/www.korhanyilmaz.com\/index.php?rest_route=%2Fwp%2Fv2%2Fcomments&post=34522"}],"version-history":[{"count":0,"href":"http:\/\/www.korhanyilmaz.com\/index.php?rest_route=\/wp\/v2\/posts\/34522\/revisions"}],"wp:attachment":[{"href":"http:\/\/www.korhanyilmaz.com\/index.php?rest_route=%2Fwp%2Fv2%2Fmedia&parent=34522"}],"wp:term":[{"taxonomy":"category","embeddable":true,"href":"http:\/\/www.korhanyilmaz.com\/index.php?rest_route=%2Fwp%2Fv2%2Fcategories&post=34522"},{"taxonomy":"post_tag","embeddable":true,"href":"http:\/\/www.korhanyilmaz.com\/index.php?rest_route=%2Fwp%2Fv2%2Ftags&post=34522"}],"curies":[{"name":"wp","href":"https:\/\/api.w.org\/{rel}","templated":true}]}}