{"id":34490,"date":"2011-06-15T09:11:34","date_gmt":"2011-06-15T06:11:34","guid":{"rendered":"http:\/\/www.korhanyilmaz.com\/?p=34490"},"modified":"2011-07-10T22:24:24","modified_gmt":"2011-07-10T19:24:24","slug":"balkon-konusmasi-bir-guc-gosterisi","status":"publish","type":"post","link":"http:\/\/www.korhanyilmaz.com\/?p=34490","title":{"rendered":"Balkon konu\u015fmas\u0131: Bir g\u00fc\u00e7 g\u00f6sterisi"},"content":{"rendered":"<div id=\"attachment_34493\" style=\"width: 330px\" class=\"wp-caption aligncenter\"><a href=\"http:\/\/www.korhanyilmaz.com\/wp-content\/uploads\/2011\/06\/024.jpeg\"  class=\"lightview\"><img loading=\"lazy\" decoding=\"async\" aria-describedby=\"caption-attachment-34493\" class=\"size-full wp-image-34493  \" src=\"http:\/\/www.korhanyilmaz.com\/wp-content\/uploads\/2011\/06\/024.jpeg\" alt=\"\" width=\"320\" height=\"214\" \/><\/a><p id=\"caption-attachment-34493\" class=\"wp-caption-text\">Eva Peron Casa Rosada n\u0131n balkonunda.<\/p><\/div>\n<p style=\"text-align: justify;\">Ba\u015fbakan&#8217;\u0131n zafer konu\u015fmas\u0131yla yeniden g\u00fcndeme geldi ama &#8216;balkon konu\u015fmas\u0131&#8217; hemen hemen t\u00fcm siyaset\u00e7ilerin kulland\u0131\u011f\u0131 bir propaganda bi\u00e7imi&#8230;<\/p>\n<p style=\"text-align: justify;\">Ba\u015fbakan Recep Tayyip Erdo\u011fan\u2019\u0131n \u00fc\u00e7\u00fcnc\u00fc se\u00e7im zaferini kazanmas\u0131n\u0131n ard\u0131ndan parti genel merkezinin balkonuna \u00e7\u0131karak vatanda\u015flara hitap etmesi, T\u00fcrk siyasi hayat\u0131na \u2018balkon konu\u015fmas\u0131\u2019 kavram\u0131n\u0131 kazand\u0131rd\u0131. T\u00fcrkiye, \u2018balkon konu\u015fmas\u0131\u2019 ile yak\u0131n d\u00f6nemde tan\u0131\u015fsa da d\u00fcnyan\u0131n en etkili liderlerinin s\u0131k s\u0131k ba\u015fvurdu\u011fu bir y\u00f6ntem. <!--more--><\/p>\n<p style=\"text-align: justify;\"><strong>\u00dc\u00e7\u00fcnc\u00fc defa konu\u015ftu<\/strong><\/p>\n<p style=\"text-align: justify;\">AKP\u2019nin Genel Merkezi 2007 y\u0131l\u0131nda hizmete a\u00e7\u0131ld\u0131. Arka cepheye bakan balkon sadece \u2018balkon konu\u015fmas\u0131\u2019 i\u00e7in tasarland\u0131, \u015fimdiye kadar ba\u015fka bir ama\u00e7 i\u00e7in de kullan\u0131lmad\u0131. Erdo\u011fan, 2002\u2019de iktidara ilk geldi\u011finde Balgat semtindeki eski genel merkez binas\u0131n\u0131n balkonuna \u00e7\u0131karak halka hitap etti. Ancak balkon konu\u015fmas\u0131, 2007 genel se\u00e7imlerinin ard\u0131ndan \u2018siyasi literat\u00fcre\u2019 girdi. Erdo\u011fan, y\u00fczde 47\u2019lik se\u00e7im zaferinin ard\u0131ndan yapt\u0131\u011f\u0131 balkon konu\u015fmas\u0131nda, \u2018herkesin ba\u015fbakan\u0131 oldu\u011fu\u2019 mesaj\u0131n\u0131 verdi. \u015eimdiye kadar yapt\u0131\u011f\u0131 balkon konu\u015fmalar\u0131n\u0131n ana eksenini toplumun tamam\u0131n\u0131 kucaklamak olu\u015fturdu.<\/p>\n<p style=\"text-align: justify;\"><strong>G\u00fc\u00e7 g\u00f6sterisi<\/strong><\/p>\n<p style=\"text-align: justify;\">Balkondan halka hitap etmek, taraftarlara egemenlik ve g\u00fc\u00e7 g\u00f6sterisi, rakiplere ise g\u00f6zda\u011f\u0131 vermek olarak alg\u0131lan\u0131yor. AKP\u2019nin Genel Merkezi\u2019nin d\u0131\u015f cephesinde ve i\u00e7indeki baz\u0131 yerlerde kullan\u0131lan i\u00e7 i\u00e7e ge\u00e7mi\u015f iki kareden olu\u015fan \u2018sekiz kollu y\u0131ld\u0131z\u2019\u0131n da Sel\u00e7uklularda \u2018h\u00e2kimiyet ve m\u00fckemmellik\u2019 anlam\u0131na geldi\u011fini hat\u0131rlatmak gerek.<\/p>\n<p style=\"text-align: justify;\">\u2018Balkon konu\u015fmas\u0131\u2019 T\u00fcrkiye\u2019ye biraz yabanc\u0131 bir kavram olmas\u0131na kar\u015f\u0131n liderler taraf\u0131ndan d\u00fcnyada olduk\u00e7a s\u0131k kullan\u0131l\u0131yor. ABD Ba\u015fkan\u0131 Franklin Roosevelt\u2019ten \u0130talyan lider Benito Mussolini\u2019ye; Sovyet Devrimi\u2019nin mimar\u0131 Vladimir Lenin\u2019den Alman lider Adolf Hitler\u2019e; Papalardan Venezuela Devlet Ba\u015fkan\u0131 Hugo Chavez\u2019e; ABD Ba\u015fkan\u0131 Barack Obama\u2019dan Japon imparatorlar\u0131na, ABD\u2019li insan haklar\u0131 savunucusu Martin Luther King\u2019den Romanya\u2019n\u0131n eski devlet ba\u015fkan\u0131 Nikolay \u00c7avu\u015fesku\u2019ya kadar \u00e7ok say\u0131da devlet adam\u0131 \u2018balkon konu\u015fmas\u0131\u2019 ile kitleleri co\u015fturdu.<\/p>\n<p style=\"text-align: justify;\"><strong>Tarihe ge\u00e7en balkon konu\u015fmalar\u0131<\/strong><\/p>\n<p style=\"text-align: justify;\">*Lenin\u2019in Saint Petersburg\u2019daki malikanenin balkonundan 1917\u2019de yapt\u0131\u011f\u0131 konu\u015fma Sovyet Devri-mi\u2019nin simgelerinden biri haline geldi. Bina 1957\u2019de \u2018Devrim M\u00fczesi\u2019 olarak yeniden d\u00fczenlendi.<\/p>\n<p style=\"text-align: justify;\">*Balkon konu\u015fmalar\u0131n\u0131n en me\u015fhuru Mussolini\u2019nin Venedik Meydan\u0131 (Piazza Venezia)\u2019ndaki bir binan\u0131n balkonundan yapt\u0131\u011f\u0131 konu\u015fmalard\u0131.<\/p>\n<p style=\"text-align: justify;\">*Avrupa\u2019da 2. D\u00fcnya Sava\u015f\u0131n\u0131n zaferle sonu\u00e7lanmas\u0131n\u0131n ard\u0131ndan d\u00f6nemin \u0130ngiltere Ba\u015fbakan\u0131 Winston Churchill, 8 May\u0131s 1945\u2019te Buckingham Saray\u0131\u2019n\u0131n balkonundan bir zafer konu\u015fmas\u0131 yapt\u0131. Churchill\u2019e bu konu\u015fmas\u0131 s\u0131ras\u0131nda Kral VI. George, Krali\u00e7e Elizabeth ve prensesler Elizabeth ve Margaret e\u015flik etti.<\/p>\n<p style=\"text-align: justify;\">*1963\u2019de so\u011fuk sava\u015f devam ederken d\u00f6nemin ABD Ba\u015fkan\u0131 John F.Kennedy\u2019nin Bat\u0131 Berlin\u2019deki Sh\u00f6neberg Belediyesi\u2019nin balkonundan yapt\u0131\u011f\u0131 konu\u015fma tarihe ge\u00e7ti. Kennedy\u2019nin Almanca \u201cBen Berlinliyim\u201d diyerek Sovyetlere g\u00f6zda\u011f\u0131 vermesi uzun s\u00fcre konu\u015fuldu.<\/p>\n<p style=\"text-align: justify;\">*Beyaz \u0131rk\u00e7\u0131l\u0131\u011f\u0131n\u0131n kurbanlar\u0131n\u0131n simgesi say\u0131lan Nelson Mandela, 27 y\u0131ll\u0131k hapis \u2018cezas\u0131n\u0131\u2019 tamamlamas\u0131n\u0131n ard\u0131ndan Cape Town\u2019daki belediye binas\u0131n\u0131n balkonuna \u00e7\u0131karak yakla\u015f\u0131k 100 bin G\u00fcney Afrikal\u0131ya hitap etti. Mandela\u2019n\u0131n konu\u015fmas\u0131 \u0131rk\u00e7\u0131l\u0131\u011fa kar\u015f\u0131 kazan\u0131lan zaferin bir simgesi oldu.<\/p>\n<p style=\"text-align: justify;\">*Barack Obama, ABD Ba\u015fkan\u0131 se\u00e7ilmesinin ard\u0131ndan 20 Ocak 2009 tarihinde Beyaz Saray\u2019\u0131n balkonundan yapt\u0131\u011f\u0131 te\u015fekk\u00fcr konu\u015fmas\u0131nda, \u201cBiz H\u0131ristiyan, M\u00fcsl\u00fcman, Yahudi, Hindu ve ateistlerden olu\u015fan bir ulusuz\u201d dedi.<\/p>\n<p style=\"text-align: justify;\">*Evita ad\u0131yla tan\u0131nan Eva Peron, Arjantin Ba\u015fbakan\u0131 e\u015fi Juan Peron\u2019un muhalifleri taraf\u0131ndan tutuklanmas\u0131 \u00fczerine \u00fcnl\u00fc Casa Rosada Saray\u0131\u2019n\u0131n balkonuna \u00e7\u0131k\u0131p 300 bin ki\u015finin \u00f6n\u00fcnde e\u015finin serbest b\u0131rak\u0131lmas\u0131n\u0131 talep etti. Bu iste\u011finin yerine getirilmesinden sonra bir daha balkona \u00e7\u0131karak sosyal adaletsizlik ve yoksullukla sava\u015fma \u00e7a\u011fr\u0131s\u0131nda bulundu.<\/p>\n<div id=\"attachment_34491\" style=\"width: 410px\" class=\"wp-caption aligncenter\"><a href=\"http:\/\/www.korhanyilmaz.com\/wp-content\/uploads\/2011\/06\/023.jpeg\"  class=\"lightview\"><img loading=\"lazy\" decoding=\"async\" aria-describedby=\"caption-attachment-34491\" class=\"size-full wp-image-34491 \" src=\"http:\/\/www.korhanyilmaz.com\/wp-content\/uploads\/2011\/06\/023.jpeg\" alt=\"\" width=\"400\" height=\"267\" \/><\/a><p id=\"caption-attachment-34491\" class=\"wp-caption-text\">S\u0131rr\u0131 S\u00fcreyya \u00d6nder \u00f6nceki g\u00fcn gazetede \u2018balkon konu\u015fmas\u0131\u2019 yapt\u0131. \u00d6n\u00fcndeki k\u00e2\u011f\u0131tta \u2018balkon\u2019 yaz\u0131yor.<\/p><\/div>\n<p><a href=\"http:\/\/www.radikal.com.tr\/Radikal.aspx?aType=RadikalHaberDetayV3&amp;ArticleID=1052841&amp;Date=15.06.2011&amp;CategoryID=79\" target=\"_blank\">Kaynak : Radikal<\/a><\/p>\n<p style=\"text-align: center;\"><strong>&#8212;&#8212;&#8212;&#8212;&#8212;&#8212;&#8212;&#8212;&#8212;&#8212;&#8212;&#8212;&#8212;&#8212;&#8212;&#8212;&#8212;&#8212;&#8212;&#8212;&#8212;&#8212;&#8212;&#8212;&#8212;&#8212;&#8212;&#8212;&#8212;&#8212;&#8212;&#8212;&#8212;&#8212;&#8212;&#8212;-<\/strong><\/p>\n<p style=\"text-align: center;\"><strong>&#8212;&#8212;&#8212;&#8212;&#8212;&#8212;&#8212;&#8212;&#8212;&#8212;&#8212;&#8212;&#8212;&#8212;&#8212;&#8212;&#8212;&#8212;&#8212;&#8212;&#8212;&#8212;&#8212;&#8212;&#8212;&#8212;&#8212;&#8212;&#8212;&#8212;&#8212;&#8212;&#8212;&#8212;&#8212;&#8212;-<\/strong><\/p>\n<p style=\"text-align: center;\"><a href=\"http:\/\/www.korhanyilmaz.com\/wp-content\/uploads\/2011\/06\/0252.jpg\"  class=\"lightview\"><img loading=\"lazy\" decoding=\"async\" class=\"aligncenter size-full wp-image-34495\" src=\"http:\/\/www.korhanyilmaz.com\/wp-content\/uploads\/2011\/06\/0252.jpg\" alt=\"\" width=\"420\" height=\"314\" \/><\/a><\/p>\n<p style=\"text-align: center;\"><a href=\"http:\/\/www.korhanyilmaz.com\/wp-content\/uploads\/2011\/06\/0261.jpg\"  class=\"lightview\"><img loading=\"lazy\" decoding=\"async\" class=\"aligncenter size-full wp-image-34496\" src=\"http:\/\/www.korhanyilmaz.com\/wp-content\/uploads\/2011\/06\/0261.jpg\" alt=\"\" width=\"400\" height=\"312\" \/><\/a><\/p>\n<p style=\"text-align: center;\"><a href=\"http:\/\/www.korhanyilmaz.com\/wp-content\/uploads\/2011\/06\/0281.jpg\"  class=\"lightview\"><img loading=\"lazy\" decoding=\"async\" class=\"aligncenter size-full wp-image-34497\" src=\"http:\/\/www.korhanyilmaz.com\/wp-content\/uploads\/2011\/06\/0281.jpg\" alt=\"\" width=\"394\" height=\"560\" \/><\/a><\/p>\n<p style=\"text-align: center;\"><a href=\"http:\/\/www.korhanyilmaz.com\/wp-content\/uploads\/2011\/06\/027.jpg\"  class=\"lightview\"><img loading=\"lazy\" decoding=\"async\" class=\"aligncenter size-full wp-image-34498\" src=\"http:\/\/www.korhanyilmaz.com\/wp-content\/uploads\/2011\/06\/027.jpg\" alt=\"\" width=\"360\" height=\"270\" \/><\/a><\/p>\n<p style=\"text-align: center;\"><a href=\"http:\/\/www.korhanyilmaz.com\/wp-content\/uploads\/2011\/06\/0294.jpg\"  class=\"lightview\"><img loading=\"lazy\" decoding=\"async\" class=\"aligncenter size-full wp-image-34515\" src=\"http:\/\/www.korhanyilmaz.com\/wp-content\/uploads\/2011\/06\/0294.jpg\" alt=\"\" width=\"390\" height=\"331\" \/><\/a><\/p>\n<div id=\"attachment_34502\" style=\"width: 380px\" class=\"wp-caption aligncenter\"><a href=\"http:\/\/www.korhanyilmaz.com\/wp-content\/uploads\/2011\/06\/0221.jpg\"  class=\"lightview\"><img loading=\"lazy\" decoding=\"async\" aria-describedby=\"caption-attachment-34502\" class=\"size-full wp-image-34502 \" src=\"http:\/\/www.korhanyilmaz.com\/wp-content\/uploads\/2011\/06\/0221.jpg\" alt=\"\" width=\"370\" height=\"232\" \/><\/a><p id=\"caption-attachment-34502\" class=\"wp-caption-text\">Recep Tayyip Erdo\u011fan Genel Se\u00e7im Zaferi sonras\u0131nda AKP Genel Merkezi Balkonunda 12\/06\/2011<\/p><\/div>\n<p>&nbsp;<\/p>\n","protected":false},"excerpt":{"rendered":"<p id=\"caption-attachment-34493\" class=\"wp-caption-text\">Eva Peron Casa Rosada n\u0131n balkonunda.<\/p>\n<p style=\"text-align: justify;\">Ba\u015fbakan&#8217;\u0131n zafer konu\u015fmas\u0131yla yeniden g\u00fcndeme geldi ama &#8216;balkon konu\u015fmas\u0131&#8217; hemen hemen t\u00fcm siyaset\u00e7ilerin kulland\u0131\u011f\u0131 bir propaganda bi\u00e7imi&#8230;<\/p>\n<p style=\"text-align: justify;\">Ba\u015fbakan Recep Tayyip Erdo\u011fan\u2019\u0131n \u00fc\u00e7\u00fcnc\u00fc se\u00e7im zaferini kazanmas\u0131n\u0131n ard\u0131ndan parti genel merkezinin balkonuna \u00e7\u0131karak vatanda\u015flara hitap etmesi, T\u00fcrk siyasi hayat\u0131na \u2018balkon konu\u015fmas\u0131\u2019 kavram\u0131n\u0131 kazand\u0131rd\u0131. T\u00fcrkiye, \u2018balkon <\/p>\n","protected":false},"author":1,"featured_media":0,"comment_status":"open","ping_status":"closed","sticky":false,"template":"","format":"standard","meta":{"footnotes":""},"categories":[105],"tags":[],"class_list":["post-34490","post","type-post","status-publish","format-standard","hentry","category-gundem","odd"],"_links":{"self":[{"href":"http:\/\/www.korhanyilmaz.com\/index.php?rest_route=\/wp\/v2\/posts\/34490","targetHints":{"allow":["GET"]}}],"collection":[{"href":"http:\/\/www.korhanyilmaz.com\/index.php?rest_route=\/wp\/v2\/posts"}],"about":[{"href":"http:\/\/www.korhanyilmaz.com\/index.php?rest_route=\/wp\/v2\/types\/post"}],"author":[{"embeddable":true,"href":"http:\/\/www.korhanyilmaz.com\/index.php?rest_route=\/wp\/v2\/users\/1"}],"replies":[{"embeddable":true,"href":"http:\/\/www.korhanyilmaz.com\/index.php?rest_route=%2Fwp%2Fv2%2Fcomments&post=34490"}],"version-history":[{"count":0,"href":"http:\/\/www.korhanyilmaz.com\/index.php?rest_route=\/wp\/v2\/posts\/34490\/revisions"}],"wp:attachment":[{"href":"http:\/\/www.korhanyilmaz.com\/index.php?rest_route=%2Fwp%2Fv2%2Fmedia&parent=34490"}],"wp:term":[{"taxonomy":"category","embeddable":true,"href":"http:\/\/www.korhanyilmaz.com\/index.php?rest_route=%2Fwp%2Fv2%2Fcategories&post=34490"},{"taxonomy":"post_tag","embeddable":true,"href":"http:\/\/www.korhanyilmaz.com\/index.php?rest_route=%2Fwp%2Fv2%2Ftags&post=34490"}],"curies":[{"name":"wp","href":"https:\/\/api.w.org\/{rel}","templated":true}]}}