{"id":34482,"date":"2011-06-15T10:03:09","date_gmt":"2011-06-15T07:03:09","guid":{"rendered":"http:\/\/www.korhanyilmaz.com\/?p=34482"},"modified":"2011-07-11T00:12:22","modified_gmt":"2011-07-10T21:12:22","slug":"israilden-sok-yorum","status":"publish","type":"post","link":"http:\/\/www.korhanyilmaz.com\/?p=34482","title":{"rendered":"\u0130srail&#8217;den \u015fok yorum"},"content":{"rendered":"<p style=\"text-align: center;\"><a href=\"http:\/\/www.korhanyilmaz.com\/wp-content\/uploads\/2011\/06\/021.jpg\"  class=\"lightview\"><img loading=\"lazy\" decoding=\"async\" class=\"aligncenter size-full wp-image-34483\" src=\"http:\/\/www.korhanyilmaz.com\/wp-content\/uploads\/2011\/06\/021.jpg\" alt=\"\" width=\"396\" height=\"180\" \/><\/a><\/p>\n<p style=\"text-align: justify;\"><strong>&#8220;T\u00fcrkiye daha \u0130slami bir toplum yoluna girecek ve otokrasinin e\u015fi\u011finde.&#8221;<\/strong><\/p>\n<p style=\"text-align: justify;\">KUD\u00dcS &#8211; T\u00fcrkiye\u2019deki se\u00e7im sonu\u00e7lar\u0131 ve \u0130srail-T\u00fcrkiye ili\u015fkileri \u0130srail bas\u0131n\u0131nda geni\u015f yer buldu. \u0130srail\u2019in \u00f6nemli gazetelerinden Jerusalem Post, T\u00fcrkiye\u2019deki genel se\u00e7imleri analiz etti\u011fi \u00fc\u00e7 ayr\u0131 yorumda, AKP\u2019nin zaferinin T\u00fcrk toplumunun d\u00f6n\u00fc\u015f\u00fcm\u00fcn\u00fcn sonucu oldu\u011funu savunarak, T\u00fcrkiye\u2019nin daha \u0130slami bir toplum yoluna girece\u011fi ve T\u00fcrkiye\u2019nin otokrasinin e\u015fi\u011finde oldu\u011fu g\u00f6r\u00fc\u015f\u00fcn\u00fc \u00f6ne s\u00fcrd\u00fc.<!--more--><\/p>\n<p style=\"text-align: justify;\">Gazete ayr\u0131ca, h\u00fck\u00fcmetin a\u00e7\u0131k a\u00e7\u0131k Yahudilerden nefret etti\u011fini ortaya koyaca\u011f\u0131, \u0130srail perspektifinden bak\u0131ld\u0131\u011f\u0131nda ise T\u00fcrk h\u00fck\u00fcmetinin \u015fimdi d\u00fc\u015fmanlar\u0131n taraf\u0131nda oldu\u011funu savundu.<\/p>\n<p style=\"text-align: justify;\">The Jerusalem Post, Ba\u015fbakan Recep Tayip Erdo\u011fan\u2019\u0131n T\u00fcrkiye tarihinde benzeri g\u00f6r\u00fclmemi\u015f \u00fc\u00e7\u00fcnc\u00fc y\u00f6netim d\u00f6neminin T\u00fcrk toplumunda AKP\u2019nin yapt\u0131\u011f\u0131 de\u011fi\u015fimin bir sonucu oldu\u011funu savunarak bozulan \u0130srail-T\u00fcrkiye ili\u015fkileri konusunda \u0130srail\u2019in K\u0131l\u0131\u00e7daro\u011flu\u2019nun bile Filistin sorununu kolayla\u015ft\u0131rmayaca\u011f\u0131n\u0131 bildi\u011fini savundu. Gazete, bu ba\u011flamda \u015f\u00f6yle devam etti:<\/p>\n<p style=\"text-align: justify;\">\u201cB\u00f6ylece, \u0130srail T\u00fcrkiye\u2019deki AKP saltanat\u0131n\u0131n di\u011fer d\u00f6rt y\u0131l\u0131nda nas\u0131l u\u011fra\u015faca\u011f\u0131n\u0131 \u00f6\u011frenmek yerine \u2018i\u015flerin normale d\u00f6nece\u011fi\u2019 r\u00fcyas\u0131ndan uyanmak zorunda.\u201d<\/p>\n<p style=\"text-align: justify;\"><strong>\u201cT\u00dcRK\u0130YE DAHA \u0130SLAM\u0130ST B\u0130R YOLA G\u0130RECEK\u201d<\/strong><\/p>\n<p style=\"text-align: justify;\">Gazete\u2019nin \u201cT\u00fcrkiye\u2019deki Gizli \u0130slamiyet\u201d haberinde ise, Lenin\u2019in kapitalistlere kendilerini asacak ipi satt\u0131klar\u0131n\u0131 s\u00f6yledi\u011fi ve AKP\u2019nin Bat\u0131ya bu ipi bir hediye olarak sa\u011flad\u0131\u011f\u0131 yorumuna yer verildi.<\/p>\n<p style=\"text-align: justify;\">AKP\u2019nin kendisini merkez sa\u011f partilerinden ay\u0131rd\u0131\u011f\u0131n\u0131 ve \u0130slami zekas\u0131yla \u00fcnl\u00fc oldu\u011fu ifade edilen haberde, T\u00fcrkiye\u2019nin daha \u0130slami bir toplum yoluna girece\u011fi, Ba\u015fbakan Recep Tayip Erdo\u011fan\u2019\u0131n Ba\u015fkan olaca\u011f\u0131, h\u00fck\u00fcmetin politikas\u0131n\u0131n Suriye ve \u0130ran gibi \u0130slam \u00fclkeleri hizaya getirece\u011fi, h\u00fck\u00fcmetin yeniden ABD ve Bat\u0131 ile ilgilenece\u011fi g\u00f6r\u00fc\u015fleri \u00f6ne s\u00fcr\u00fcld\u00fc.<\/p>\n<p style=\"text-align: justify;\"><strong>\u201c\u0130SRA\u0130L\u2019\u0130N T\u00dcRK\u0130YE \u0130LE \u0130TT\u0130FAK R\u00dcYASININ SONU\u201d<\/strong><\/p>\n<p style=\"text-align: justify;\">Ayr\u0131ca, h\u00fck\u00fcmetin a\u00e7\u0131k a\u00e7\u0131k \u0130srail\u2019den ve \u00fcyeleri olan Yahudilerden nefret etti\u011fini ortaya koyaca\u011f\u0131 ve \u0130srail i\u00e7in T\u00fcrkiye ile ittifak r\u00fcyas\u0131n\u0131n sonu oldu\u011fu savunularak \u0130srail perspektifinden bak\u0131ld\u0131\u011f\u0131nda, T\u00fcrk h\u00fck\u00fcmetinin \u015fimdi d\u00fc\u015fmanlar\u0131n taraf\u0131nda oldu\u011fu yorumu yap\u0131ld\u0131.<\/p>\n<p style=\"text-align: justify;\">The Jerusalem Post, \u201cT\u00fcrkiye Otokrasinin E\u015fi\u011finde\u201d ba\u015fl\u0131kl\u0131 haberde ise, T\u00fcrkiye\u2019nin artan bir \u015fekilde anti-demokratik, ulusal ve uluslar aras\u0131 \u0130slam yanl\u0131s\u0131 politikalar\u0131n\u0131n Yahudi kar\u015f\u0131t\u0131 ve \u0130srail\u2019e temelsiz sald\u0131r\u0131lar\u0131 i\u00e7erdi\u011fini savundu.<\/p>\n<p style=\"text-align: justify;\"><a href=\"http:\/\/www.gazeteport.com.tr\/haber\/37661\/israilden_sok_yorum\" target=\"_blank\">Kaynak : GAZETEPORT<\/a><\/p>\n","protected":false},"excerpt":{"rendered":"<p style=\"text-align: center;\">\n<p style=\"text-align: justify;\">&#8220;T\u00fcrkiye daha \u0130slami bir toplum yoluna girecek ve otokrasinin e\u015fi\u011finde.&#8221;<\/p>\n<p style=\"text-align: justify;\">KUD\u00dcS &#8211; T\u00fcrkiye\u2019deki se\u00e7im sonu\u00e7lar\u0131 ve \u0130srail-T\u00fcrkiye ili\u015fkileri \u0130srail bas\u0131n\u0131nda geni\u015f yer buldu. \u0130srail\u2019in \u00f6nemli gazetelerinden Jerusalem Post, T\u00fcrkiye\u2019deki genel se\u00e7imleri analiz etti\u011fi \u00fc\u00e7 ayr\u0131 yorumda, AKP\u2019nin zaferinin T\u00fcrk toplumunun d\u00f6n\u00fc\u015f\u00fcm\u00fcn\u00fcn sonucu oldu\u011funu savunarak, T\u00fcrkiye\u2019nin daha \u0130slami bir <\/p>\n","protected":false},"author":1,"featured_media":0,"comment_status":"open","ping_status":"closed","sticky":false,"template":"","format":"standard","meta":{"footnotes":""},"categories":[105],"tags":[],"class_list":["post-34482","post","type-post","status-publish","format-standard","hentry","category-gundem","odd"],"_links":{"self":[{"href":"http:\/\/www.korhanyilmaz.com\/index.php?rest_route=\/wp\/v2\/posts\/34482","targetHints":{"allow":["GET"]}}],"collection":[{"href":"http:\/\/www.korhanyilmaz.com\/index.php?rest_route=\/wp\/v2\/posts"}],"about":[{"href":"http:\/\/www.korhanyilmaz.com\/index.php?rest_route=\/wp\/v2\/types\/post"}],"author":[{"embeddable":true,"href":"http:\/\/www.korhanyilmaz.com\/index.php?rest_route=\/wp\/v2\/users\/1"}],"replies":[{"embeddable":true,"href":"http:\/\/www.korhanyilmaz.com\/index.php?rest_route=%2Fwp%2Fv2%2Fcomments&post=34482"}],"version-history":[{"count":0,"href":"http:\/\/www.korhanyilmaz.com\/index.php?rest_route=\/wp\/v2\/posts\/34482\/revisions"}],"wp:attachment":[{"href":"http:\/\/www.korhanyilmaz.com\/index.php?rest_route=%2Fwp%2Fv2%2Fmedia&parent=34482"}],"wp:term":[{"taxonomy":"category","embeddable":true,"href":"http:\/\/www.korhanyilmaz.com\/index.php?rest_route=%2Fwp%2Fv2%2Fcategories&post=34482"},{"taxonomy":"post_tag","embeddable":true,"href":"http:\/\/www.korhanyilmaz.com\/index.php?rest_route=%2Fwp%2Fv2%2Ftags&post=34482"}],"curies":[{"name":"wp","href":"https:\/\/api.w.org\/{rel}","templated":true}]}}