{"id":34469,"date":"2011-06-14T15:59:27","date_gmt":"2011-06-14T12:59:27","guid":{"rendered":"http:\/\/www.korhanyilmaz.com\/?p=34469"},"modified":"2011-07-11T00:15:30","modified_gmt":"2011-07-10T21:15:30","slug":"antalyada-4-sorumlu-var","status":"publish","type":"post","link":"http:\/\/www.korhanyilmaz.com\/?p=34469","title":{"rendered":"&#8216;Antalya&#8217;da 4 sorumlu var!&#8217;"},"content":{"rendered":"<p style=\"text-align: center;\"><a href=\"http:\/\/www.korhanyilmaz.com\/wp-content\/uploads\/2011\/06\/0181.jpg\"  class=\"lightview\"><img loading=\"lazy\" decoding=\"async\" class=\"aligncenter size-full wp-image-34470\" src=\"http:\/\/www.korhanyilmaz.com\/wp-content\/uploads\/2011\/06\/0181.jpg\" alt=\"\" width=\"420\" height=\"210\" \/><\/a><\/p>\n<p style=\"text-align: justify;\">ANTALYA B\u00fcy\u00fck\u015fehir Belediye Ba\u015fkan\u0131 CHP&#8217;li Akayd\u0131n, Antalya\u2019da ya\u015fanan tablonun 4 sorumlusu oldu\u011funu ileri s\u00fcrd\u00fc. Ba\u015fkan Akayd\u0131n, CHP Antalya \u0130l \u00d6rg\u00fct\u00fc\u2019n\u00fcn, kendisinin, il\u00e7e belediye ba\u015fkanlar\u0131n\u0131n ve CHP\u2019in Antalya milletvekili aday listesini haz\u0131rlayan Deniz Baykal\u2019\u0131 sonucun sorumlular\u0131 ilan etti.<!--more--><\/p>\n<p style=\"text-align: justify;\">ANTALYA B\u00fcy\u00fck\u015fehir Belediye Ba\u015fkan\u0131 CHP\u2019li Mustafa Akayd\u0131n, partisinin oylar\u0131n\u0131, 2007 se\u00e7imlerine g\u00f6re, 81 ilin tamam\u0131nda y\u00fckseltti\u011fini ve y\u00fczde 5\u2019lik bir oy art\u0131\u015f\u0131n\u0131 yakalad\u0131\u011f\u0131na dikkat \u00e7ekerek, &#8220;Bunu kimse ba\u015far\u0131s\u0131zl\u0131k olarak de\u011ferlendiremez&#8221; dedi. Ba\u015fkan Akayd\u0131n, partisinin sahillerde ya\u015fad\u0131\u011f\u0131 h\u00fcsran\u0131n faturas\u0131n\u0131n CHP\u2019li belediye ba\u015fkanlar\u0131na kesilmesini &#8220;Kolayc\u0131l\u0131k&#8221; olarak de\u011ferlendirdi.<\/p>\n<p style=\"text-align: justify;\">CHP\u2019de sahillerde ya\u015fad\u0131\u011f\u0131 \u015fokun faturas\u0131 partili belediye ba\u015fkanlar\u0131na \u00e7\u0131kart\u0131l\u0131rken, Antalya B\u00fcy\u00fck\u015fehir Belediye Ba\u015fkan\u0131 Mustafa Akayd\u0131n, T\u00fcrkiye genelinde CHP ad\u0131na \u2019orta derecede olumlu\u2019 bir tablonun oldu\u011funu savundu. Partisinin oylar\u0131n\u0131, 2007 se\u00e7imlerine g\u00f6re, 81 ilin tamam\u0131nda y\u00fckseltti\u011fini ve y\u00fczde 5\u2019lik bir oy art\u0131\u015f\u0131n\u0131 yakalad\u0131\u011f\u0131n\u0131 kaydeden Ba\u015fkan Akayd\u0131n, &#8220;Bunu kimse ba\u015far\u0131s\u0131zl\u0131k olarak de\u011ferlendiremez&#8221; dedi. Ba\u015fkan Mustafa Akayd\u0131n, se\u00e7im sonu\u00e7lar\u0131n\u0131 &#8220;Halk\u0131n CHP Genel Ba\u015fkan\u0131 Kemal K\u0131l\u0131\u00e7daro\u011flu\u2019na ve yeni vizyonuna uygun destekleyici bir oy kulland\u0131\u011f\u0131 anla\u015f\u0131l\u0131yor&#8221; s\u00f6zleriyle de\u011ferlendirdi.<\/p>\n<p style=\"text-align: justify;\"><strong>\u2019\u00c7ALI\u015eKAN AMA YALNIZ GENEL BA\u015eKAN\u2019<\/strong><\/p>\n<p style=\"text-align: justify;\">CHP Lideri K\u0131l\u0131\u00e7daro\u011flu\u2019nun hen\u00fcz yeni bir Genel Ba\u015fkan oldu\u011funu ve \u00f6rg\u00fctlerle genel merkez aras\u0131ndaki zaman zaman uyu\u015fmazl\u0131klar\u0131n basg\u00f6sterdi\u011finin T\u00fcrkiye genelinde g\u00f6zlemlendi\u011fini belirten Akayd\u0131n, CHP lideri i\u00e7in &#8220;\u00c7al\u0131\u015fkan ama yanl\u0131z bir genel ba\u015fkan&#8221; dedi. CHP Genel Ba\u015fkan\u0131 K\u0131l\u0131\u00e7daro\u011flu\u2019nu ba\u015far\u0131l\u0131 oldu\u011funu s\u00f6yleyen Ba\u015fkan Akayd\u0131n, &#8220;Ge\u00e7mi\u015fte y\u00fczde 1 oy art\u0131\u015f\u0131n\u0131 bile ba\u015far\u0131yla de\u011ferlendiren bir parti gelene\u011fimiz var. O nedenle y\u00fczde 5 art\u0131\u015f\u0131 kimse ba\u015far\u0131s\u0131zl\u0131k olarak nitelendiremez&#8221; dedi.<\/p>\n<p style=\"text-align: justify;\">CHP eski Genel Ba\u015fkan\u0131 ve Antalya Milletvekili Deniz Baykal\u2019\u0131n CHP y\u00f6netiminin ba\u015far\u0131s\u0131z oldu\u011fu y\u00f6n\u00fcnde a\u00e7\u0131klamalar\u0131n hat\u0131rlat\u0131lmas\u0131 \u00fczerine ise Ba\u015fkan Akayd\u0131n, Baykal\u2019\u0131n a\u00e7\u0131klamalar\u0131 \u00e7ok iyi de\u011ferlendirmedi\u011fini fakat genel ba\u015fkanl\u0131\u011f\u0131 b\u0131rakt\u0131\u011f\u0131 andaki oy oran\u0131 \u00fczerinden a\u00e7\u0131klamalarda bulunuyorsa ele\u015ftirilerinin haks\u0131z oldu\u011funu dile getirdi.<\/p>\n<p style=\"text-align: justify;\"><strong>BA\u015eKANI SU\u00c7LAMAK KOLAYCILIK<\/strong><\/p>\n<p style=\"text-align: justify;\">AK Parti\u2019nin sahillerde yakalad\u0131\u011f\u0131 ba\u015far\u0131n\u0131n ard\u0131ndan partisinde faturan\u0131n \u00f6nce belediye ba\u015fkanlar\u0131na \u00e7\u0131kart\u0131lmas\u0131n\u0131 kolayc\u0131l\u0131k olarak de\u011ferlendiren B\u00fcy\u00fck\u015fehir Belediye Ba\u015fkan\u0131 Akayd\u0131n, &#8220;B\u00f6yle bir ikilemi sadece ben de\u011fil \u0130zmir B\u00fcy\u015f\u00fckehir Belediye Ba\u015fkan\u0131 hatta Eski\u015fehir Belediyesi, Mersin Belediye Ba\u015fkan\u0131m\u0131z topluca ya\u015f\u0131yoruz. Bu sorumluluktan ka\u00e7ma duygusudur. Bunlar\u0131 daha iyi analiz edilmesi laz\u0131m&#8221; diye konu\u015ftu.<\/p>\n<p style=\"text-align: justify;\"><strong>ANTALYA\u2019DA 4 SORUMLU<\/strong><\/p>\n<p style=\"text-align: justify;\">Akayd\u0131n, Antalya\u2019da ya\u015fanan tablonun 4 sorumlusu oldu\u011funu ileri s\u00fcrd\u00fc. Ba\u015fkan Akayd\u0131n, CHP Antalya \u0130l \u00d6rg\u00fct\u00fc\u2019n\u00fcn, kendisinin, il\u00e7e belediye ba\u015fkanlar\u0131n\u0131n ve CHP\u2019in Antalya milletvekili aday listesini haz\u0131rlayan Deniz Baykal\u2019\u0131 sonucun sorumlular\u0131 ilan etti. Bu sorumlular i\u00e7inde kimin esas sorumlulu\u011fu ta\u015f\u0131d\u0131\u011f\u0131n\u0131n ancak bir anket yoluyla \u00f6\u011frenilebilce\u011fini kaydeden Ba\u015fkan Akayd\u0131n, &#8220;Bu yap\u0131lmadan yorumlar laf\u0131 g\u00fczaftan ibarettir&#8221; dedi.<\/p>\n<p style=\"text-align: justify;\">Ba\u015fkan Akayd\u0131n, &#8220;Antalya\u2019da istifa etmesi gereken bir isim var m\u0131?&#8221; sorusuna ise, &#8220;Hi\u00e7 b\u00f6yle bir yorumda bulunmak istemiyorum. Bu, makam i\u015fgal eden ki\u015filerin kendilerine bi\u00e7ecekleri karne notuna, sorumluluk duygusuna ba\u011fl\u0131d\u0131r&#8221; diye kar\u015f\u0131l\u0131k verdi.<\/p>\n<p style=\"text-align: justify;\"><a href=\"http:\/\/haber.gazetevatan.com\/antalyada-4-sorumlu-var\/383485\/9\/Siyaset\" target=\"_blank\">Kaynak : VATAN Gazetesi<\/a><\/p>\n","protected":false},"excerpt":{"rendered":"<p style=\"text-align: center;\">\n<p style=\"text-align: justify;\">ANTALYA B\u00fcy\u00fck\u015fehir Belediye Ba\u015fkan\u0131 CHP&#8217;li Akayd\u0131n, Antalya\u2019da ya\u015fanan tablonun 4 sorumlusu oldu\u011funu ileri s\u00fcrd\u00fc. Ba\u015fkan Akayd\u0131n, CHP Antalya \u0130l \u00d6rg\u00fct\u00fc\u2019n\u00fcn, kendisinin, il\u00e7e belediye ba\u015fkanlar\u0131n\u0131n ve CHP\u2019in Antalya milletvekili aday listesini haz\u0131rlayan Deniz Baykal\u2019\u0131 sonucun sorumlular\u0131 ilan etti.<\/p>\n","protected":false},"author":1,"featured_media":0,"comment_status":"open","ping_status":"closed","sticky":false,"template":"","format":"standard","meta":{"footnotes":""},"categories":[105],"tags":[],"class_list":["post-34469","post","type-post","status-publish","format-standard","hentry","category-gundem","odd"],"_links":{"self":[{"href":"http:\/\/www.korhanyilmaz.com\/index.php?rest_route=\/wp\/v2\/posts\/34469","targetHints":{"allow":["GET"]}}],"collection":[{"href":"http:\/\/www.korhanyilmaz.com\/index.php?rest_route=\/wp\/v2\/posts"}],"about":[{"href":"http:\/\/www.korhanyilmaz.com\/index.php?rest_route=\/wp\/v2\/types\/post"}],"author":[{"embeddable":true,"href":"http:\/\/www.korhanyilmaz.com\/index.php?rest_route=\/wp\/v2\/users\/1"}],"replies":[{"embeddable":true,"href":"http:\/\/www.korhanyilmaz.com\/index.php?rest_route=%2Fwp%2Fv2%2Fcomments&post=34469"}],"version-history":[{"count":0,"href":"http:\/\/www.korhanyilmaz.com\/index.php?rest_route=\/wp\/v2\/posts\/34469\/revisions"}],"wp:attachment":[{"href":"http:\/\/www.korhanyilmaz.com\/index.php?rest_route=%2Fwp%2Fv2%2Fmedia&parent=34469"}],"wp:term":[{"taxonomy":"category","embeddable":true,"href":"http:\/\/www.korhanyilmaz.com\/index.php?rest_route=%2Fwp%2Fv2%2Fcategories&post=34469"},{"taxonomy":"post_tag","embeddable":true,"href":"http:\/\/www.korhanyilmaz.com\/index.php?rest_route=%2Fwp%2Fv2%2Ftags&post=34469"}],"curies":[{"name":"wp","href":"https:\/\/api.w.org\/{rel}","templated":true}]}}