{"id":34464,"date":"2011-06-14T22:45:22","date_gmt":"2011-06-14T19:45:22","guid":{"rendered":"http:\/\/www.korhanyilmaz.com\/?p=34464"},"modified":"2011-07-10T22:18:54","modified_gmt":"2011-07-10T19:18:54","slug":"mhpnin-vekil-sayisi-54e-yukseldi","status":"publish","type":"post","link":"http:\/\/www.korhanyilmaz.com\/?p=34464","title":{"rendered":"MHP&#8217;nin vekil say\u0131s\u0131 54&#8217;e y\u00fckseldi"},"content":{"rendered":"<p style=\"text-align: center;\"><a href=\"http:\/\/www.korhanyilmaz.com\/wp-content\/uploads\/2011\/06\/0171.jpg\"  class=\"lightview\"><img loading=\"lazy\" decoding=\"async\" class=\"aligncenter size-full wp-image-34465\" src=\"http:\/\/www.korhanyilmaz.com\/wp-content\/uploads\/2011\/06\/0171.jpg\" alt=\"\" width=\"307\" height=\"236\" \/><\/a><\/p>\n<p style=\"text-align: justify;\">MHP Genel Ba\u015fkan Yard\u0131mc\u0131s\u0131 Faruk Bal, il\u00e7e se\u00e7im kurullar\u0131na yapt\u0131klar\u0131 itirazlar\u0131n kabul edildi\u011fini, partisinin \u0130stanbul 1. B\u00f6lge&#8217;den \u00fc\u00e7\u00fcnc\u00fc s\u0131ra aday\u0131 Hayrettin Nuho\u011flu&#8217;nun da TBMM&#8217;ye girdi\u011fini bildirdi. <!--more--><\/p>\n<p style=\"text-align: justify;\">Bal, AA muhabirine yapt\u0131\u011f\u0131 a\u00e7\u0131klamada, &#8220;MHP&#8217;ye ait oldu\u011fu halde di\u011fer partilere yaz\u0131lan veya iptal edilen oylar\u0131m\u0131zla ilgili il\u00e7e se\u00e7im kurullar\u0131na yap\u0131lan itirazlar kabul edildi&#8221; dedi.<\/p>\n<p style=\"text-align: justify;\">Faruk Bal, buna g\u00f6re \u0130stanbul 1. B\u00f6lge&#8217;de Engin Alan ve Durmu\u015fali Torlak&#8217;\u0131n ard\u0131ndan Hayrettin Nuho\u011flu&#8217;nun da TBMM&#8217;ye girmeye haz kazand\u0131\u011f\u0131n\u0131 bildirdi.<\/p>\n<p style=\"text-align: justify;\">Bal &#8220;TBMM&#8217;deki sandalye say\u0131m\u0131z 54&#8217;e y\u00fckseldi&#8221; ifadesini kulland\u0131.<\/p>\n<p style=\"text-align: justify;\">Faruk Bal, se\u00e7imi 634 oyla kaybetti\u011fi a\u00e7\u0131klanan Nuho\u011flu&#8217;nun, itirazlar sonucu 820 oy farkla milletvekili se\u00e7ilmeye hak kazand\u0131\u011f\u0131n\u0131 s\u00f6zlerine ekledi.<\/p>\n<p style=\"text-align: justify;\"><a href=\"http:\/\/www.cnnturk.com\/2011\/turkiye\/06\/14\/mhpnin.vekil.sayisi.54e.yukseldi\/620087.0\/index.html\" target=\"_blank\">Kaynak : CNN T\u00dcRK<\/a><\/p>\n","protected":false},"excerpt":{"rendered":"<p style=\"text-align: center;\">\n<p style=\"text-align: justify;\">MHP Genel Ba\u015fkan Yard\u0131mc\u0131s\u0131 Faruk Bal, il\u00e7e se\u00e7im kurullar\u0131na yapt\u0131klar\u0131 itirazlar\u0131n kabul edildi\u011fini, partisinin \u0130stanbul 1. B\u00f6lge&#8217;den \u00fc\u00e7\u00fcnc\u00fc s\u0131ra aday\u0131 Hayrettin Nuho\u011flu&#8217;nun da TBMM&#8217;ye girdi\u011fini bildirdi. <\/p>\n","protected":false},"author":1,"featured_media":0,"comment_status":"open","ping_status":"closed","sticky":false,"template":"","format":"standard","meta":{"footnotes":""},"categories":[105],"tags":[],"class_list":["post-34464","post","type-post","status-publish","format-standard","hentry","category-gundem","odd"],"_links":{"self":[{"href":"http:\/\/www.korhanyilmaz.com\/index.php?rest_route=\/wp\/v2\/posts\/34464","targetHints":{"allow":["GET"]}}],"collection":[{"href":"http:\/\/www.korhanyilmaz.com\/index.php?rest_route=\/wp\/v2\/posts"}],"about":[{"href":"http:\/\/www.korhanyilmaz.com\/index.php?rest_route=\/wp\/v2\/types\/post"}],"author":[{"embeddable":true,"href":"http:\/\/www.korhanyilmaz.com\/index.php?rest_route=\/wp\/v2\/users\/1"}],"replies":[{"embeddable":true,"href":"http:\/\/www.korhanyilmaz.com\/index.php?rest_route=%2Fwp%2Fv2%2Fcomments&post=34464"}],"version-history":[{"count":0,"href":"http:\/\/www.korhanyilmaz.com\/index.php?rest_route=\/wp\/v2\/posts\/34464\/revisions"}],"wp:attachment":[{"href":"http:\/\/www.korhanyilmaz.com\/index.php?rest_route=%2Fwp%2Fv2%2Fmedia&parent=34464"}],"wp:term":[{"taxonomy":"category","embeddable":true,"href":"http:\/\/www.korhanyilmaz.com\/index.php?rest_route=%2Fwp%2Fv2%2Fcategories&post=34464"},{"taxonomy":"post_tag","embeddable":true,"href":"http:\/\/www.korhanyilmaz.com\/index.php?rest_route=%2Fwp%2Fv2%2Ftags&post=34464"}],"curies":[{"name":"wp","href":"https:\/\/api.w.org\/{rel}","templated":true}]}}