{"id":3445,"date":"2009-02-22T09:45:39","date_gmt":"2009-02-22T07:45:39","guid":{"rendered":"http:\/\/www.korhanyilmaz.com\/?p=3445"},"modified":"2009-02-22T09:45:39","modified_gmt":"2009-02-22T07:45:39","slug":"tbmmde-bile-tartisilamiyor","status":"publish","type":"post","link":"http:\/\/www.korhanyilmaz.com\/?p=3445","title":{"rendered":"TBMM&#039;de bile tart\u0131\u015f\u0131lam\u0131yor!"},"content":{"rendered":"<p style=\"text-align: center;\"><img loading=\"lazy\" decoding=\"async\" class=\"aligncenter size-full wp-image-3446\" title=\"Ankara B\u00fcy\u00fck\u015fehir Belediye Ba\u015fkan\u0131 Melih G\u00f6k\u00e7ek\" src=\"http:\/\/www.korhanyilmaz.com\/wp-content\/uploads\/2009\/02\/220220091133462807619.jpg\" alt=\"Ankara B\u00fcy\u00fck\u015fehir Belediye Ba\u015fkan\u0131 Melih G\u00f6k\u00e7ek\" width=\"376\" height=\"240\" \/><\/p>\n<p style=\"text-align: justify;\"><strong>Bir\u00e7ok konuda yarg\u0131lanmas\u0131 istenen ancak \u0130\u00e7i\u015fleri Bakanl\u0131\u011f\u0131&#8217;n\u0131n izin vermemesi nedeniyle mahkeme yolundan d\u00f6nen Ankara B\u00fcy\u00fck\u015fehir Belediye Ba\u015fkan\u0131 Melih G\u00f6k\u00e7ek TBMM&#8217;de de tart\u0131\u015f\u0131lam\u0131yor. <\/strong><\/p>\n<p style=\"text-align: justify;\">CHP Zonguldak Milletvekili Ali \u0130hsan K\u00f6kt\u00fcrk, \u0130\u00e7i\u015fleri Bakan\u0131 Be\u015fir Atalay&#8217;a yarg\u0131lama izninin verilmemesinin nedenlerine y\u00f6nelik sorular\u0131na Meclis&#8217;te yan\u0131t alamad\u0131. Soru \u00f6nergesine yan\u0131t alamayan ve Meclis&#8217;in denetim yetkisinin yok say\u0131lmas\u0131 nedeniyle \u00e7ileden \u00e7\u0131kan K\u00f6kt\u00fcrk, bu sefer konuyu &#8220;Bilgi Edinme Hakk\u0131 Yasas\u0131&#8221; kapsam\u0131na ta\u015f\u0131yarak cevap istedi.<\/p>\n<p style=\"text-align: justify;\">Bir\u00e7ok konuda yarg\u0131lanmas\u0131 istenen ancak \u0130\u00e7i\u015fleri Bakanl\u0131\u011f\u0131&#8217;n\u0131n soru\u015fturma izni vermemesi nedeniyle mahkeme yolundan d\u00f6nen Ankara B\u00fcy\u00fck\u015fehir Belediye Ba\u015fkan\u0131 Melih G\u00f6k\u00e7ek&#8217;in durumu TBMM&#8217;de tart\u0131\u015fma konusu oldu.<!--more--><\/p>\n<p style=\"text-align: justify;\">CHP Zonguldak Milletvekili Ali \u0130hsan K\u00f6kt\u00fcrk, \u0130\u00e7i\u015fleri Bakan\u0131 Be\u015fir Atalay&#8217;\u0131n yan\u0131tlamas\u0131 istemiyle, &#8220;Yarg\u0131tay Cumhuriyet Savc\u0131s\u0131 Ayd\u0131n Kuyucu&#8217;nun, Ankara B\u00fcy\u00fck\u015fehir Belediye Ba\u015fkan\u0131 Melih G\u00f6k\u00e7ek ile 13 san\u0131\u011f\u0131n &#8216;g\u00f6revi k\u00f6t\u00fcye kullanma&#8217; su\u00e7undan cezaland\u0131r\u0131lmalar\u0131n\u0131, di\u011fer san\u0131klar\u0131n beraat\u0131n\u0131 talep ederken AKP H\u00fck\u00fcmetinin \u0130\u00e7i\u015fleri Bakan\u0131n\u0131n, G\u00f6k\u00e7ek hakk\u0131ndaki \u015fikayet ve su\u00e7 duyurular\u0131na kar\u015f\u0131n soru\u015fturma izni vermemesi&#8221;ne ili\u015fkin soru \u00f6nergesi verdi.<\/p>\n<p style=\"text-align: justify;\">S\u00f6z konusu soru \u00f6nergesine aradan 3 ay\u0131n \u00fczerinde bir zaman ge\u00e7mesi ve yan\u0131tlanmamas\u0131 \u00fczerine K\u00f6kt\u00fcrk konuyu &#8220;Bilgi Edinme Hakk\u0131 Yasas\u0131&#8221; kapsam\u0131nda \u0130\u00e7i\u015fleri Bakanl\u0131\u011f\u0131&#8217;na y\u00f6nlendirdi. K\u00f6kt\u00fcrk, &#8220;T\u00fcrk Ulusu ad\u0131na yapm\u0131\u015f oldu\u011fum denetim g\u00f6revim engellenmi\u015ftir. Bunun \u00fczerine, ayn\u0131 sorular\u0131m Bilgi Edinme Hakk\u0131 Yasas\u0131 kapsam\u0131nda ilgili bakanl\u0131klara y\u00f6nlendirilmi\u015ftir&#8221; a\u00e7\u0131klamas\u0131nda bulundu.<\/p>\n<p style=\"text-align: justify;\"><strong>-&#8220;G\u00d6K\u00c7EK&#8217;\u0130N YARGIYA HESAP VERMES\u0130 \u00d6NLEND\u0130&#8221;-<\/strong><\/p>\n<p style=\"text-align: justify;\">K\u00f6kt\u00fcrk, Yarg\u0131tay Cumhuriyet Savc\u0131s\u0131 Ayd\u0131n Kuyucu&#8217;nun, 2004 y\u0131l\u0131 May\u0131s ay\u0131nda Ankara B\u00fcy\u00fck\u015fehir Belediye Ba\u015fkan\u0131 Melih G\u00f6k\u00e7ek ile 13 san\u0131\u011f\u0131n &#8216;g\u00f6revi k\u00f6t\u00fcye kullanma&#8217; su\u00e7undan cezaland\u0131r\u0131lmalar\u0131n\u0131, di\u011fer san\u0131klar\u0131n beraat\u0131n\u0131 talep etti\u011fini an\u0131msatarak, d\u00f6nemin \u0130\u00e7i\u015fleri Bakan\u0131n\u0131n, G\u00f6k\u00e7ek hakk\u0131ndaki \u015fik\u00e2yet ve su\u00e7 duyurular\u0131na kar\u015f\u0131n soru\u015fturma izni vermeyerek G\u00f6k\u00e7ek&#8217;in &#8220;yarg\u0131ya hesap vermesinin&#8221; \u00f6nlendi\u011fini s\u00f6yledi.<\/p>\n<p style=\"text-align: justify;\">Cumhuriyet Savc\u0131l\u0131\u011f\u0131na ve Dan\u0131\u015ftay&#8217;a yap\u0131lan ba\u015fvurular ile G\u00f6k\u00e7ek&#8217;in &#8220;g\u00f6revi k\u00f6t\u00fcye kullanma&#8221; su\u00e7undan yarg\u0131lanma talebinin Dan\u0131\u015ftay Birinci Dairesince uygun g\u00f6r\u00fclmesi \u00fczerine, Dan\u0131\u015ftay Birinci Dairesince &#8220;itirazlar\u0131n kabul\u00fc ile \u0130\u00e7i\u015fleri Bakan\u0131 taraf\u0131ndan \u015fik\u00e2yetin i\u015fleme konulmamas\u0131na ili\u015fkin olarak verilen 9 Temmuz 2007 g\u00fcnl\u00fc karar\u0131n kald\u0131r\u0131lmas\u0131n\u0131n istenildi\u011finin ulusal bas\u0131nda yer ald\u0131\u011f\u0131n\u0131 s\u00f6yleyen K\u00f6kt\u00fcrk, &#8220;11 ayda y\u00fczde 82,5&#8217;i bulan do\u011falgaz ve elektrik zamm\u0131n\u0131n en \u00f6nde gelen nedenlerinden birinin, Ankaral\u0131 yurtta\u015flar\u0131m\u0131zdan tahsil\u00e2t\u0131 aksatmayan AKP&#8217;li Ankara B\u00fcy\u00fck\u015fehir Belediye Ba\u015fkan\u0131 Melih G\u00f6k\u00e7ek&#8217;in do\u011falgaz gelirlerini BOTA\u015e&#8217;a \u00f6demeyerek BOTA\u015e&#8217;\u0131 iflas\u0131n e\u015fi\u011fine getirmesi oldu\u011fu, BOTA\u015e&#8217;a borcunun \u00f6demeyen G\u00f6k\u00e7ek&#8217;in, ayn\u0131 zamanda 14 y\u0131ld\u0131r Ba\u015fkanl\u0131\u011f\u0131n\u0131 yapt\u0131\u011f\u0131 Ankara B\u00fcy\u00fck\u015fehir Belediyesi ve ba\u011fl\u0131 kurulu\u015flar\u0131n\u0131n Hazine M\u00fcste\u015farl\u0131\u011f\u0131&#8217;na olan vadesi ge\u00e7mi\u015f bor\u00e7 tutar\u0131n\u0131n Ekim sonunda 4 milyar 60.7 milyon YTL&#8217;ye ula\u015ft\u0131\u011f\u0131 ulusal bas\u0131n\u0131m\u0131za yans\u0131yan bilgilerden g\u00f6r\u00fclmektedir&#8221; dedi.<\/p>\n<p style=\"text-align: justify;\">S\u00f6z konusu konuyu bir soru \u00f6nergesi ile TBMM g\u00fcndemine ta\u015f\u0131yan K\u00f6kt\u00fcrk, aradan 3 ay ge\u00e7mesine kar\u015f\u0131n \u00f6nergenin yan\u0131tlanmamas\u0131 kar\u015f\u0131s\u0131nda \u00e7ileden \u00e7\u0131kt\u0131. S\u00f6z konusu soru \u00f6nergesinin yan\u0131tlanmayarak TBMM&#8217;nin yok say\u0131ld\u0131\u011f\u0131 gerek\u00e7esi ile K\u00f6kt\u00fcrk, konuyu &#8220;sade bir vatanda\u015f&#8221; gibi Bilgi Edinme Hakk\u0131 Yasas\u0131 kapsam\u0131na ta\u015f\u0131d\u0131.<\/p>\n<p style=\"text-align: justify;\"><strong>-\u0130\u00c7\u0130\u015eLER\u0130 BAKANLI\u011eININ SORU\u015eTURMA \u0130\u00c7\u0130N \u0130Z\u0130N VERMED\u0130\u011e\u0130 DOSYALAR-<\/strong><\/p>\n<p style=\"text-align: justify;\"><strong>K\u00f6kt\u00fcrk, konu ile ilgili olarak Bilgi Edinme Hakk\u0131 Yasas\u0131 kapsam\u0131nda \u0130\u00e7i\u015fleri Bakanl\u0131\u011f\u0131&#8217;na \u015fu sorular\u0131 y\u00f6neltti:<\/strong><\/p>\n<p style=\"text-align: justify;\">&#8220;-\u0130\u00e7i\u015fleri Bakanl\u0131\u011f\u0131 M\u00fclkiye Tefti\u015f Kurulunca ve Bakanl\u0131k Kontrol\u00f6rlerince yap\u0131lan \u00f6n inceleme ve \u00f6n incelemeye esas konular, \u00f6n inceleme sonucunda verilen soru\u015fturma izinleri, idari yarg\u0131 kararlar\u0131 ile a\u00e7\u0131lm\u0131\u015f soru\u015fturmalar ve soru\u015fturma dosyalar\u0131 ile dosyaya esas konu ba\u015fl\u0131klar\u0131 nelerdir?<\/p>\n<p style=\"text-align: justify;\">-\u0130\u00e7i\u015fleri Bakanl\u0131\u011f\u0131nca izin verilen soru\u015fturmalar\u0131n sonu\u00e7lar\u0131 nedir?<\/p>\n<p style=\"text-align: justify;\">-\u0130\u00e7i\u015fleri Bakanl\u0131\u011f\u0131n\u0131n soru\u015fturma i\u00e7in izin vermedi\u011fi konu ve dosyalar hangileridir?<\/p>\n<p style=\"text-align: justify;\">-Yarg\u0131 kararlar\u0131na kar\u015f\u0131n soru\u015fturma izni verilmeyen dosyalar var m\u0131d\u0131r? Varsa, bu dosyalar hangileridir?&#8221;<\/p>\n<p style=\"text-align: justify;\"><span style=\"color: #888888;\">Kaynak : ANKA<\/span><\/p>\n","protected":false},"excerpt":{"rendered":"<p style=\"text-align: center;\">\n<p style=\"text-align: justify;\">Bir\u00e7ok konuda yarg\u0131lanmas\u0131 istenen ancak \u0130\u00e7i\u015fleri Bakanl\u0131\u011f\u0131&#8217;n\u0131n izin vermemesi nedeniyle mahkeme yolundan d\u00f6nen Ankara B\u00fcy\u00fck\u015fehir Belediye Ba\u015fkan\u0131 Melih G\u00f6k\u00e7ek TBMM&#8217;de de tart\u0131\u015f\u0131lam\u0131yor. <\/p>\n<p style=\"text-align: justify;\">CHP Zonguldak Milletvekili Ali \u0130hsan K\u00f6kt\u00fcrk, \u0130\u00e7i\u015fleri Bakan\u0131 Be\u015fir Atalay&#8217;a yarg\u0131lama izninin verilmemesinin nedenlerine y\u00f6nelik sorular\u0131na Meclis&#8217;te yan\u0131t alamad\u0131. Soru \u00f6nergesine yan\u0131t alamayan ve Meclis&#8217;in <\/p>\n","protected":false},"author":1,"featured_media":0,"comment_status":"open","ping_status":"closed","sticky":false,"template":"","format":"standard","meta":{"footnotes":""},"categories":[105],"tags":[],"class_list":["post-3445","post","type-post","status-publish","format-standard","hentry","category-gundem","odd"],"_links":{"self":[{"href":"http:\/\/www.korhanyilmaz.com\/index.php?rest_route=\/wp\/v2\/posts\/3445","targetHints":{"allow":["GET"]}}],"collection":[{"href":"http:\/\/www.korhanyilmaz.com\/index.php?rest_route=\/wp\/v2\/posts"}],"about":[{"href":"http:\/\/www.korhanyilmaz.com\/index.php?rest_route=\/wp\/v2\/types\/post"}],"author":[{"embeddable":true,"href":"http:\/\/www.korhanyilmaz.com\/index.php?rest_route=\/wp\/v2\/users\/1"}],"replies":[{"embeddable":true,"href":"http:\/\/www.korhanyilmaz.com\/index.php?rest_route=%2Fwp%2Fv2%2Fcomments&post=3445"}],"version-history":[{"count":0,"href":"http:\/\/www.korhanyilmaz.com\/index.php?rest_route=\/wp\/v2\/posts\/3445\/revisions"}],"wp:attachment":[{"href":"http:\/\/www.korhanyilmaz.com\/index.php?rest_route=%2Fwp%2Fv2%2Fmedia&parent=3445"}],"wp:term":[{"taxonomy":"category","embeddable":true,"href":"http:\/\/www.korhanyilmaz.com\/index.php?rest_route=%2Fwp%2Fv2%2Fcategories&post=3445"},{"taxonomy":"post_tag","embeddable":true,"href":"http:\/\/www.korhanyilmaz.com\/index.php?rest_route=%2Fwp%2Fv2%2Ftags&post=3445"}],"curies":[{"name":"wp","href":"https:\/\/api.w.org\/{rel}","templated":true}]}}