{"id":34447,"date":"2011-06-14T17:25:54","date_gmt":"2011-06-14T14:25:54","guid":{"rendered":"http:\/\/www.korhanyilmaz.com\/?p=34447"},"modified":"2011-07-10T22:17:45","modified_gmt":"2011-07-10T19:17:45","slug":"chp-grup-baskanvekili-ortada-basari-filan-yok","status":"publish","type":"post","link":"http:\/\/www.korhanyilmaz.com\/?p=34447","title":{"rendered":"CHP Grup Ba\u015fkanvekili: Ortada ba\u015far\u0131 filan yok"},"content":{"rendered":"<p style=\"text-align: center;\"><a href=\"http:\/\/www.korhanyilmaz.com\/wp-content\/uploads\/2011\/06\/0151.jpg\"  class=\"lightview\"><img loading=\"lazy\" decoding=\"async\" class=\"aligncenter size-full wp-image-34448\" src=\"http:\/\/www.korhanyilmaz.com\/wp-content\/uploads\/2011\/06\/0151.jpg\" alt=\"\" width=\"359\" height=\"202\" \/><\/a><\/p>\n<p style=\"text-align: justify;\">CHP Grup Ba\u015fkanvekili Muharrem \u0130nce, partisinin ald\u0131\u011f\u0131 oy oran\u0131na ili\u015fkin, \u201cOrtada ba\u015far\u0131 filan yoktur\u201d dedi. Sonu\u00e7lar hakk\u0131nda ilk kez konu\u015fan CHP Eski Genel Ba\u015fkan\u0131 Deniz Baykal &#8220;Ba\u015far\u0131l\u0131y\u0131z diyerek kendimizi kand\u0131rmak b\u00fcy\u00fck hatad\u0131r&#8221; dedi. CHP Eski \u0130stanbul \u0130l Ba\u015fkan\u0131 Berhan \u015eim\u015fek ise ola\u011fan\u00fcst\u00fc kurultay \u00e7a\u011fr\u0131s\u0131 yapt\u0131. <!--more--><\/p>\n<p style=\"text-align: justify;\">\u0130nce, Yalova&#8217;da d\u00fczenledi\u011fi bas\u0131n toplant\u0131s\u0131nda, se\u00e7im \u00e7al\u0131\u015fmalar\u0131nda Yalova&#8217;da en \u00e7ok \u00fczerine gidilen ki\u015finin kendisi oldu\u011funu s\u00f6yledi.<\/p>\n<p style=\"text-align: justify;\">Hi\u00e7 kimseden korkusu olmad\u0131\u011f\u0131n\u0131 ifade eden \u0130nce, \u201cSe\u00e7im kampanyas\u0131nda en \u00e7ok ele\u015ftirilen, \u00fczerine oynanan, tank\u0131yla, topuyla \u00fczerine sald\u0131r\u0131lan benim. Ben bunlar\u0131n hi\u00e7birine cevap vermedim. Muhatap almad\u0131\u011f\u0131m i\u00e7in cevap vermedim. Ben \u00e7i\u011f yemedim karn\u0131m a\u011fr\u0131s\u0131n. Hi\u00e7 kimseden korkum yok, seviyeyi d\u00fc\u015f\u00fcrmek istemedim ama seviye ne yaz\u0131k ki d\u00fc\u015ft\u00fc. Kim ne biliyorsa konu\u015fur\u201d dedi.<\/p>\n<p style=\"text-align: justify;\"><strong>&#8216;\u0130RLANDALILARI TEM\u0130ZLEYECE\u011e\u0130Z&#8217;<\/strong><\/p>\n<p style=\"text-align: justify;\">\u0130nce, se\u00e7im s\u00fcrecinde merkez il\u00e7e te\u015fkilat\u0131n\u0131n istifas\u0131na da de\u011finerek, \u015f\u00f6yle devam etti:<\/p>\n<p style=\"text-align: justify;\">\u201cBen b\u00fcy\u00fck i\u015flerle u\u011fra\u015f\u0131yorum. K\u00fc\u00e7\u00fck siyasi tart\u0131\u015fmalara giremeyece\u011fim ama bu partide \u0130rlandal\u0131lar olmayacak. Bu d\u00f6nemde partiden \u0130rlandal\u0131lar\u0131 temizleyece\u011fiz. A\u011fabeylik yapaca\u011f\u0131m. Bu partide \u0130rlandal\u0131 olmayacak. Ba\u015fka partilerden talimat alan ki\u015fi olmayacak. Bunlar\u0131 bar\u0131nd\u0131rmayaca\u011f\u0131m.\u201d<\/p>\n<p style=\"text-align: justify;\">Yalova&#8217;da Ak Parti&#8217;nin kendisini sand\u0131ktan \u00e7\u0131kartmamak i\u00e7in elinden geleni yapt\u0131\u011f\u0131n\u0131 \u00f6ne s\u00fcren \u0130nce, \u201cBir parti d\u00fc\u015f\u00fcn\u00fcn; kampanyas\u0131n\u0131 anamuhalefet partisinin \u00fczerine kuruyor. Sa\u00e7mal\u0131k buradan ba\u015fl\u0131yor. Ba\u015fbakan, eski 4 il ba\u015fkan\u0131n\u0131 toplay\u0131p, Yalova&#8217;daki se\u00e7im stratejisini benim \u00fczerine kurarsa \u00f6rg\u00fct b\u00f6yle yapar. Bunun \u00fczerinde kampanya yap\u0131l\u0131rsa bu beni b\u00fcy\u00fct\u00fcr. Stratejisi yanl\u0131\u015ft\u0131\u201d diye konu\u015ftu.<\/p>\n<p style=\"text-align: justify;\">\u0130nce, bir soru \u00fczerine Ak Parti&#8217;nin ald\u0131\u011f\u0131 oyu de\u011ferlendirirken \u015funlar\u0131 s\u00f6yledi:<\/p>\n<p style=\"text-align: justify;\">\u201cYalova&#8217;da kimseye ben bedava k\u00f6m\u00fcr, makarna vermedim. Kimseye i\u015f vaadinde bulunmad\u0131m. Sadece insanlara g\u00f6nl\u00fcm\u00fc, y\u00fcre\u011fimi a\u00e7t\u0131m. Her g\u00f6rd\u00fc\u011f\u00fcn\u00fcz \u00fc\u00e7 ki\u015fiden birisi bana, partime oy verdi. Ben de b\u00f6yle bak\u0131yorum. (AK Parti&#8217;den Yalova Milletvekili se\u00e7ilen) Temel Co\u015fkun , &#8216;her iki ki\u015fiden biri bana oy verdi&#8217; diyorsa ben de bunu s\u00f6yl\u00fcyorum. Neden olumsuz bakay\u0131m. AKP&#8217;ye toplumun y\u00fczde 50&#8217;si oy verdiyse y\u00fczde 50&#8217;si de oy vermedi. O taraf\u0131ndan bak\u0131n.\u201d<\/p>\n<p style=\"text-align: justify;\"><strong>&#8216;ORTADA BA\u015eARI F\u0130LAN YOK&#8217;<\/strong><\/p>\n<p style=\"text-align: justify;\">Muharrem \u0130nce, CHP&#8217;nin T\u00fcrkiye genelinde ald\u0131\u011f\u0131 sonu\u00e7la ilgili soruyu ise \u201cOrtada ba\u015far\u0131 filan yoktur. Bunla ilgili a\u00e7\u0131klamalar\u0131m\u0131 Ankara&#8217;da yapaca\u011f\u0131m\u201d diye yan\u0131tlad\u0131.<\/p>\n<p style=\"text-align: justify;\"><strong>BAYKAL \u0130LK KEZ KONU\u015eTU<\/strong><\/p>\n<p style=\"text-align: justify;\">Baykal, Posta Gazetesi&#8217;nden Canda\u015f Tolga I\u015f\u0131k&#8217;a se\u00e7im sonu\u00e7lar\u0131n\u0131 de\u011ferlendirdi.<\/p>\n<p style=\"text-align: justify;\">K\u0131l\u0131\u00e7daro\u011flu&#8217;na &#8220;kendini kand\u0131rma&#8221; s\u00f6zleriyle seslenen Baykal, sonu\u00e7lar\u0131 \u015fu s\u00f6zlerle yorumlad\u0131:<\/p>\n<p style=\"text-align: justify;\">&#8220;Ortada CHP ad\u0131na bir ba\u015far\u0131 yok. Benim genel ba\u015fkanl\u0131\u011f\u0131m d\u00f6neminde yap\u0131lan son ankette CHP&#8217;nin oyu y\u00fczde 29&#8217;du. \u015eimdi ise y\u00fczde 26&#8217;ya indik. Biz oy kaybettik, AKP oyunu art\u0131rd\u0131. Sorunu \u00e7\u00f6zmek istiyorsak \u00f6nce hastal\u0131\u011f\u0131 do\u011fru te\u015fhis etmeliyiz. Ba\u015far\u0131l\u0131y\u0131z deyip kendi kendini kand\u0131rmak b\u00fcy\u00fck hatad\u0131r. Ortada bir ba\u015far\u0131 yok.&#8221;<\/p>\n<p style=\"text-align: justify;\"><strong>MYK YARIN TOPLANACAK<\/strong><\/p>\n<p style=\"text-align: justify;\">CHP MYK, se\u00e7imin ard\u0131ndan ilk kez Genel Ba\u015fkan Kemal K\u0131l\u0131\u00e7daro\u011flu ba\u015fkanl\u0131\u011f\u0131nda yar\u0131n toplanacak. Toplant\u0131, saat 11.00&#8217;de ba\u015flayacak.<\/p>\n<p style=\"text-align: justify;\"><strong>\u015e\u0130M\u015eEK&#8217;TEN OLA\u011eAN\u00dcST\u00dc KURULTAY \u00c7A\u011eRISI<\/strong><\/p>\n<p style=\"text-align: justify;\">Bu arada CHP Eski \u0130stanbul \u0130l Ba\u015fkan\u0131 Berhan \u015eim\u015fek de CHP Genel Merkezi taraf\u0131ndan g\u00f6revden al\u0131nan baz\u0131 il ve il\u00e7e \u00f6rg\u00fct\u00fc y\u00f6neticileriyle birlikte \u0130stanbul&#8217;daki S\u00fcmer Otel&#8217;de bir bas\u0131n toplant\u0131s\u0131 d\u00fczenledi.<\/p>\n<p style=\"text-align: justify;\">CHP&#8217;nin Genel se\u00e7imlerde ba\u015far\u0131s\u0131z oldu\u011funu \u00f6ne s\u00fcren \u015eim\u015fek, &#8220;\u0130lk defa ve son olsun. Say\u0131n Genel Ba\u015fkan\u0131n vermi\u015f oldu\u011fu bir s\u00f6z\u00fc yerine getirmesini rica ediyorum. &#8217;40 alamazsam giderim&#8217; dedi. Madem ki devrimci, emek\u00e7i Kemal olarak oraya geldin. Demokrasinin i\u015flemesi olarak sizi oraya ta\u015f\u0131yan CHP&#8217;nin en \u00fcst kuruludur, kurultayd\u0131r. Biran \u00f6nce se\u00e7imli bir kurultay davetinde bulunmak, benim tan\u0131d\u0131\u011f\u0131m say\u0131n K\u0131l\u0131\u00e7daro\u011flu&#8217;na yak\u0131\u015f\u0131r&#8221; \u015feklinde konu\u015ftu.<\/p>\n<p style=\"text-align: justify;\">Mevcut CHP y\u00f6netimini ele\u015ftiren ve &#8216;Yeni CHP&#8217; s\u00f6ylemiyle CHP&#8217;de bir DNA bozulmas\u0131 ya\u015fand\u0131\u011f\u0131n\u0131 \u00f6ne s\u00fcren \u015eim\u015fek, &#8220;\u0130stemi\u015f olsayd\u0131m burada binlerce on binlerce \u00f6rg\u00fct \u00fcyesi arkada\u015f\u0131m olabilirdi. Fakat bu genel merkeze mesaj toplant\u0131s\u0131&#8221; \u015feklinde konu\u015ftu.<\/p>\n<p style=\"text-align: justify;\"><strong>\u00d6RG\u00dcT\u00dc DI\u015eARIDA BIRAKILDI \u0130DD\u0130ASI<\/strong><\/p>\n<p style=\"text-align: justify;\">CHP&#8217;nin milletvekili aday listeleri belirlenirken \u00f6rg\u00fcte sorulmad\u0131\u011f\u0131n\u0131 belirten \u015eim\u015fek, &#8220;\u00d6rg\u00fct\u00fc d\u0131\u015flayanlar, bug\u00fcn ald\u0131klar\u0131 sonucu \u00f6rg\u00fcte y\u00fckleme \u00e7abas\u0131 i\u00e7indeler. Siyaset tarihinde belki de genel ba\u015fkanl\u0131k koltu\u011funa en rahat en \u00e7abuk ve en kolay oturan ki\u015fi sizsiniz. \u00d6rg\u00fct\u00fc g\u00f6zden ge\u00e7irmek yerine siz ve arkada\u015flar\u0131n\u0131z\u0131n kendinizi g\u00f6zden ge\u00e7irmenizde fayda var &#8221; ifadesini kulland\u0131.<\/p>\n<p style=\"text-align: justify;\"><strong>&#8220;ATAT\u00dcRK&#8217;\u00dcN ADINI A\u011eIZINIZA ALMADINIZ&#8221;<\/strong><\/p>\n<p style=\"text-align: justify;\">CHP&#8217;nin yeni politikalar\u0131n\u0131 da ele\u015ftiri ya\u011fmuruna tutan \u015eim\u015fek, se\u00e7im s\u00fcrecinde Atat\u00fcrk&#8217;\u00fcn isminin \u00f6zellikle a\u011fza al\u0131nmad\u0131\u011f\u0131n\u0131 da iddia etti. \u015eim\u015fek, &#8221; Yeni CHP denilen Cumhuriyet Halk Partisi&#8217;nde bir DNA bozulmas\u0131 ya\u015fanm\u0131\u015ft\u0131r. CHP \u00f6rg\u00fct\u00fc bundan \u00e7ok b\u00fcy\u00fck bir \u00fcz\u00fcnt\u00fc, ac\u0131 ve kayg\u0131 duymaktad\u0131r. &#8216;Herkes i\u00e7in CHP&#8217; slogan\u0131yla yola \u00e7\u0131k\u0131ld\u0131. Ama g\u00f6r\u00fcnen o ki birilerinin CHP&#8217;si haline geldi. Herkes i\u00e7in CHP ama bir \u015fartla CHP&#8217;liler hari\u00e7. Say\u0131n genel ba\u015fkan\u0131n aday oldu\u011fu, say\u0131n genel genel sekreterin aday oldu\u011fu ikinci b\u00f6lgede sadece 9 milletvekili \u00e7\u0131kar\u0131ld\u0131. Genel ba\u015fkan\u0131n ve kerameti kendinden menkul genel ba\u015fkan yard\u0131mc\u0131s\u0131n\u0131n a\u00e7\u0131klamas\u0131 var. &#8216;Oylar\u0131m\u0131z MHP&#8217;ye kayd\u0131&#8217; diyorlar. Neden kayd\u0131? Bir se\u00e7im s\u00fcrecinde bu \u00fclkenin kurucusu Atat\u00fcrk&#8217;\u00fcn ad\u0131n\u0131 a\u011fz\u0131n\u0131za almad\u0131n\u0131z. Bu \u00fclkede Atat\u00fcrk&#8217;\u00fc ba\u015f \u00fcst\u00fcnde ta\u015f\u0131yan AKP&#8217;ye MHP&#8217;ye oy verenler vatanda\u015flar\u0131m\u0131z olmu\u015ftur &#8221; \u015feklinde konu\u015ftu.<\/p>\n<p style=\"text-align: justify;\"><strong>\u0130STANBUL&#8217;DA CHP&#8217;N\u0130N OYU D\u00dc\u015eT\u00dc<\/strong><\/p>\n<p style=\"text-align: justify;\">CHP &#8216;nin \u0130stanbul &#8216;da da oy oran\u0131n\u0131n d\u00fc\u015ft\u00fc\u011f\u00fcn\u00fc de iddia eden \u015eim\u015fek ele\u015ftirilerini \u015f\u00f6yle s\u00fcrd\u00fcrd\u00fc :<\/p>\n<p style=\"text-align: justify;\">&#8220;Bu se\u00e7imleri 2007 se\u00e7imleriyle k\u0131yaslad\u0131\u011f\u0131 kadar 2009 yerel se\u00e7im sonu\u00e7lar\u0131yla da k\u0131yaslamal\u0131. 2009 Kemal K\u0131l\u0131\u00e7daro\u011flu belediye ba\u015fkan aday\u0131yken ald\u0131\u011f\u0131 oy, \u0130stanbul &#8216;da y\u00fczde 37&#8217;dir. \u0130l genel meclisinde ise y\u00fczde 33&#8217;t\u00fcr. \u015eimdi ise il genel meclisinde al\u0131nan oy y\u00fczde 23, \u0130stanbul ortalamas\u0131 ise y\u00fczde 30&#8217;dur. CHP&#8217;nin kalesi \u0130zmir &#8216;de AKP ile fark y\u00fczde 5&#8217;e inmi\u015ftir. Referandumda biz y\u00fczde 45 hay\u0131r \u00e7\u0131kard\u0131k. Y\u00fczde 30 nire y\u00fczde 45 nire. Referandumdan sonra Say\u0131n G\u00fcrsel Tekin y\u00fczde 42&#8217;nin y\u00fczde 36&#8217;s\u0131 CHP&#8217;nindir dedi. Say\u0131n G\u00fcrsel Tekin ara\u015ft\u0131rma \u015firketlerinin s\u0131rt\u0131na teneke ba\u011flayaca\u011f\u0131n\u0131za CHP \u00f6rg\u00fct\u00fcnden gelen bir insan olarak \u00f6rg\u00fct\u00fcne sahip \u00e7\u0131kmal\u0131yd\u0131&#8221;<\/p>\n<p style=\"text-align: justify;\"><a href=\"http:\/\/www.hurriyet.com.tr\/gundem\/18030296.asp?gid=381\" target=\"_blank\">Kaynak : H\u00fcrriyet<\/a><\/p>\n","protected":false},"excerpt":{"rendered":"<p style=\"text-align: center;\">\n<p style=\"text-align: justify;\">CHP Grup Ba\u015fkanvekili Muharrem \u0130nce, partisinin ald\u0131\u011f\u0131 oy oran\u0131na ili\u015fkin, \u201cOrtada ba\u015far\u0131 filan yoktur\u201d dedi. Sonu\u00e7lar hakk\u0131nda ilk kez konu\u015fan CHP Eski Genel Ba\u015fkan\u0131 Deniz Baykal &#8220;Ba\u015far\u0131l\u0131y\u0131z diyerek kendimizi kand\u0131rmak b\u00fcy\u00fck hatad\u0131r&#8221; dedi. CHP Eski \u0130stanbul \u0130l Ba\u015fkan\u0131 Berhan \u015eim\u015fek ise ola\u011fan\u00fcst\u00fc kurultay \u00e7a\u011fr\u0131s\u0131 yapt\u0131. <\/p>\n","protected":false},"author":1,"featured_media":0,"comment_status":"open","ping_status":"closed","sticky":false,"template":"","format":"standard","meta":{"footnotes":""},"categories":[105],"tags":[],"class_list":["post-34447","post","type-post","status-publish","format-standard","hentry","category-gundem","odd"],"_links":{"self":[{"href":"http:\/\/www.korhanyilmaz.com\/index.php?rest_route=\/wp\/v2\/posts\/34447","targetHints":{"allow":["GET"]}}],"collection":[{"href":"http:\/\/www.korhanyilmaz.com\/index.php?rest_route=\/wp\/v2\/posts"}],"about":[{"href":"http:\/\/www.korhanyilmaz.com\/index.php?rest_route=\/wp\/v2\/types\/post"}],"author":[{"embeddable":true,"href":"http:\/\/www.korhanyilmaz.com\/index.php?rest_route=\/wp\/v2\/users\/1"}],"replies":[{"embeddable":true,"href":"http:\/\/www.korhanyilmaz.com\/index.php?rest_route=%2Fwp%2Fv2%2Fcomments&post=34447"}],"version-history":[{"count":0,"href":"http:\/\/www.korhanyilmaz.com\/index.php?rest_route=\/wp\/v2\/posts\/34447\/revisions"}],"wp:attachment":[{"href":"http:\/\/www.korhanyilmaz.com\/index.php?rest_route=%2Fwp%2Fv2%2Fmedia&parent=34447"}],"wp:term":[{"taxonomy":"category","embeddable":true,"href":"http:\/\/www.korhanyilmaz.com\/index.php?rest_route=%2Fwp%2Fv2%2Fcategories&post=34447"},{"taxonomy":"post_tag","embeddable":true,"href":"http:\/\/www.korhanyilmaz.com\/index.php?rest_route=%2Fwp%2Fv2%2Ftags&post=34447"}],"curies":[{"name":"wp","href":"https:\/\/api.w.org\/{rel}","templated":true}]}}