{"id":34443,"date":"2011-06-14T19:01:37","date_gmt":"2011-06-14T16:01:37","guid":{"rendered":"http:\/\/www.korhanyilmaz.com\/?p=34443"},"modified":"2011-07-11T00:12:59","modified_gmt":"2011-07-10T21:12:59","slug":"ve-partide-istifalar-basladi","status":"publish","type":"post","link":"http:\/\/www.korhanyilmaz.com\/?p=34443","title":{"rendered":"Ve partilerde istifalar ba\u015flad\u0131"},"content":{"rendered":"<div id=\"attachment_34444\" style=\"width: 325px\" class=\"wp-caption aligncenter\"><a href=\"http:\/\/www.korhanyilmaz.com\/wp-content\/uploads\/2011\/06\/0141.jpg\"  class=\"lightview\"><img loading=\"lazy\" decoding=\"async\" aria-describedby=\"caption-attachment-34444\" class=\"size-full wp-image-34444 \" src=\"http:\/\/www.korhanyilmaz.com\/wp-content\/uploads\/2011\/06\/0141.jpg\" alt=\"\" width=\"315\" height=\"189\" \/><\/a><p id=\"caption-attachment-34444\" class=\"wp-caption-text\">DSP Genel Ba\u015fkan Yard\u0131mc\u0131s\u0131 Ulu\u00e7 G\u00fcrkan<\/p><\/div>\n<p style=\"text-align: justify;\">DSP Genel Ba\u015fkan Yard\u0131mc\u0131s\u0131 Ulu\u00e7 G\u00fcrkan g\u00f6revinden istifa etti. DSP\u2019nin se\u00e7imlerin en ba\u015far\u0131s\u0131z partilerinden oldu\u011funu belirterek, Genel Ba\u015fkan Masum T\u00fcrker\u2019i \u2018ilkesizlikle\u2019 su\u00e7layan G\u00fcrkan, ola\u011fan\u00fcst\u00fc kurultay \u00e7a\u011fr\u0131s\u0131nda bulundu.<!--more--><\/p>\n<p style=\"text-align: justify;\">Bir di\u011fer Genel Ba\u015fkan Yard\u0131mc\u0131s\u0131 Hasan Macit de, \u201c\u00e7al\u0131\u015fma anlay\u0131\u015f\u0131ndaki farkl\u0131klardan dolay\u0131\u201d istifa etti\u011fini belirtti.<\/p>\n<p style=\"text-align: justify;\">Genel se\u00e7imlerde baraj alt\u0131 kalarak y\u00fczde 0,25 oy alan Masum T\u00fcrker liderli\u011findeki DSP\u2019de, ilk istifa Genel Ba\u015fkan Yard\u0131mc\u0131s\u0131 Ulu\u00e7 G\u00fcrkan\u2019dan geldi. G\u00fcrkan, T\u00fcrker\u2019e yazd\u0131\u011f\u0131 istifa mektubunda Haziran 2011 Genel Se\u00e7im sonu\u00e7lar\u0131n\u0131n T\u00fcrkiye i\u00e7in sevindirici olmad\u0131\u011f\u0131n\u0131 belirterek, parti i\u00e7in ise kabul edilebilir olmaktan uzak oldu\u011funu ifade etti. \u201cDSP se\u00e7imlerin en ba\u015far\u0131s\u0131z partilerindendir\u201d diyen G\u00fcrkan, bu sonucun adaletsiz y\u00fczde 10 baraj\u0131, ilgisiz medya, \u2018oylar b\u00f6l\u00fcnmesin\u2019 kampanyas\u0131 gibi mazeretlerle ge\u00e7i\u015ftirilemeyece\u011fini kaydetti.<\/p>\n<p style=\"text-align: justify;\">T\u00fcrker\u2019i i\u015faret ederek, \u201c12 Eyl\u00fcl 2010 Anayasa referandumu \u00f6ncesinden ba\u015flayarak sizi \u0131srarla uyard\u0131k\u201d diyen G\u00fcrkan \u015f\u00f6yle devam etti:<\/p>\n<p style=\"text-align: justify;\">\u201cT\u00fcrkiye\u2019nin tepeden t\u0131rna\u011fa d\u00f6n\u00fc\u015ft\u00fcr\u00fcld\u00fc\u011f\u00fcn\u00fc, bu ko\u015fullarda T\u00fcrkiye\u2019nin DSP\u2019ye her zamankinden daha fazla ihtiyac\u0131 oldu\u011funu anlatmaya \u00e7al\u0131\u015ft\u0131k. DSP\u2019nin, Atat\u00fcrk\u2019\u00fcn yolundan sapt\u0131r\u0131lm\u0131\u015f ayd\u0131nlanma devrimini tamamlamak ve B\u00fclent Ecevit\u2019in yar\u0131da b\u0131rakt\u0131r\u0131lm\u0131\u015f ezilenlerin ak g\u00fcnler y\u00fcr\u00fcy\u00fc\u015f\u00fcn\u00fc yeniden ba\u015flatmakla g\u00f6revli ve \u00f6devli oldu\u011funu vurgulad\u0131k. Oral\u0131 olmad\u0131n\u0131z. DSP\u2019nin g\u00f6rev ve \u00f6devlerini se\u00e7im bildirgesine l\u00fctfen girmi\u015f bir c\u00fcmle olarak ge\u00e7i\u015ftirdiniz. Halkla bulu\u015fmay\u0131 otob\u00fcs\u00fcn i\u00e7inden bo\u015flu\u011fa el sallamakla \u00f6zde\u015fle\u015ftiren bir s\u00f6zde se\u00e7im kampanyas\u0131 y\u00fcr\u00fctt\u00fcn\u00fcz. Televizyonlarda, ilan tahtalar\u0131nda ve di\u011fer b\u00fct\u00fcn tan\u0131t\u0131m ara\u00e7lar\u0131nda kendinizi oy pusulalar\u0131ndaki kimli\u011fimiz ak g\u00fcvercinin dahi \u00f6n\u00fcnde tuttunuz. \u00d6tesinde, kurucumuz ve kuramc\u0131m\u0131z B\u00fclent Ecevit\u2019in, deyim yerindeyse ad\u0131n\u0131n an\u0131lmas\u0131na dahi f\u0131rsat vermediniz.\u201d<\/p>\n<p style=\"text-align: justify;\"><strong>&#8220;\u0130TT\u0130FAK \u00c7ALI\u015eMALARINIZ SULANDIRDINIZ&#8221;<\/strong><\/p>\n<p style=\"text-align: justify;\">T\u00fcrker\u2019i se\u00e7imler i\u00e7in ya\u015famsal olan ittifak \u00e7al\u0131\u015fmalar\u0131n\u0131 suland\u0131rmakla su\u00e7layan G\u00fcrkan, \u201cSola a\u00e7\u0131lma \u00f6nerimizi, ancak DYP ile ittifak yaparsak baraj\u0131n a\u015f\u0131laca\u011f\u0131 aldatmacas\u0131yla fiilen engellediniz. Hem do\u011frudan hem de medya \u00fczerinden yapt\u0131\u011f\u0131n\u0131z \u00e7a\u011fr\u0131larda BTP, SP ve Has Parti\u2019yi \u00f6ne \u00e7\u0131kartt\u0131n\u0131z. Sonu\u00e7ta, 1999 Mart ay\u0131nda TBMM\u2019de DSP\u2019ye ve B\u00fclent Ecevit\u2019e sald\u0131r\u0131lar\u0131 tutanaklarda duran Mahmut Y\u0131lba\u015f\u2019\u0131 ba\u015f tac\u0131 yapt\u0131n\u0131z. Adaylar\u0131m\u0131z belirlenirken \u00f6nse\u00e7im taahh\u00fcd\u00fcm\u00fcz\u00fc de unuttunuz. Bu ilkesizlikler \u00e7ok say\u0131da partili arkada\u015f\u0131m\u0131z\u0131, bu arada beni adayl\u0131ktan cayd\u0131r\u0131rken, DSP\u2019nin ulusal solun d\u00fcnyas\u0131ndaki g\u00fcvenirli\u011fini de zedeledi. DSP\u2019yi B\u00fclent Ecevit\u2019in demokratik sol \u00e7izgisinde T\u00fcrkiye i\u00e7in yeniden var etmek bizim sorumlulu\u011fumuzdad\u0131r\u201d dedi.<\/p>\n<p style=\"text-align: justify;\">Bu nedenlerle DSP\u2019nin ola\u011fan\u00fcst\u00fc kurultay s\u00fcrecinin derhal ba\u015flat\u0131lmas\u0131 ve Parti Meclisi\u2019nin en ge\u00e7 on g\u00fcn i\u00e7inde toplanarak bu karar\u0131 almas\u0131n\u0131n ka\u00e7\u0131n\u0131lmaz oldu\u011funu belirten G\u00fcrkan, \u201cBundan ka\u00e7\u0131nmak hem siyasi, hem de insani eti\u011fe s\u0131\u011fmaz. Bu vesileyle, b\u00f6ylesi bir ba\u015far\u0131s\u0131zl\u0131k kar\u015f\u0131s\u0131nda istifan\u0131n erdem oldu\u011fu inanc\u0131mla DSP Genel Ba\u015fkan Yard\u0131mc\u0131l\u0131\u011f\u0131 g\u00f6revinden ayr\u0131ld\u0131\u011f\u0131m\u0131 da bilginize sunar\u0131m. DSP\u2019de, geride b\u0131rakt\u0131\u011f\u0131m\u0131z yedi y\u0131lda ad\u0131m ad\u0131m unuttu\u011fumuz ulusalc\u0131 demokratik sol \u00e7izgimizin g\u00fcncel g\u00f6revlerini netle\u015ftirmek ve yerine getirmek; parti i\u00e7inde tam demokrasiyi ya\u015fama ge\u00e7irmek umuduyla DSP Genel Ba\u015fkan Yard\u0131mc\u0131l\u0131\u011f\u0131 g\u00f6revinden ayr\u0131l\u0131yorum\u201d dedi.<\/p>\n<p style=\"text-align: justify;\"><strong>MAC\u0130T DE \u0130ST\u0130FA ETT\u0130<\/strong><\/p>\n<p style=\"text-align: justify;\">G\u00fcrkan\u2019\u0131n yan\u0131s\u0131ra DSP Genel Ba\u015fkan Yard\u0131mc\u0131s\u0131 Hasan Macit\u2019in de g\u00f6revinden istifa etti\u011fi \u00f6\u011frenildi. Se\u00e7imden birka\u00e7 g\u00fcn \u00f6nce Genel Ba\u015fkan T\u00fcrker\u2019e istifas\u0131n\u0131 sundu\u011funu belirten Macit, \u201cDSP Genel Ba\u015fkan Yard\u0131mc\u0131l\u0131\u011f\u0131ndan ayr\u0131ld\u0131m. Genel Ba\u015fkan istifam\u0131 kabul etmedi\u011fini s\u00f6ylese de ben fiilen ayr\u0131lm\u0131\u015f durumday\u0131m. DSP\u2019den ayr\u0131lamam s\u00f6z konusu olmaz, PM \u00fcyeli\u011fim devam ediyor. Ancak \u00f6teden beri \u00e7al\u0131\u015fma anlay\u0131\u015f\u0131nda farkl\u0131klar vard\u0131. Bu farkl\u0131l\u0131klardan dolay\u0131 istifa ettim. Se\u00e7imden al\u0131nan sonucun ard\u0131nda da y\u00f6netim gerekli de\u011ferlendirmeyi, gerekli karar\u0131 alacakt\u0131r\u201d diye konu\u015ftu.<\/p>\n<p style=\"text-align: justify;\"><a href=\"http:\/\/www.hurriyet.com.tr\/gundem\/18028702.asp?gid=381\" target=\"_blank\">Kaynak : H\u00fcrriyet<\/a><\/p>\n","protected":false},"excerpt":{"rendered":"<p id=\"caption-attachment-34444\" class=\"wp-caption-text\">DSP Genel Ba\u015fkan Yard\u0131mc\u0131s\u0131 Ulu\u00e7 G\u00fcrkan<\/p>\n<p style=\"text-align: justify;\">DSP Genel Ba\u015fkan Yard\u0131mc\u0131s\u0131 Ulu\u00e7 G\u00fcrkan g\u00f6revinden istifa etti. DSP\u2019nin se\u00e7imlerin en ba\u015far\u0131s\u0131z partilerinden oldu\u011funu belirterek, Genel Ba\u015fkan Masum T\u00fcrker\u2019i \u2018ilkesizlikle\u2019 su\u00e7layan G\u00fcrkan, ola\u011fan\u00fcst\u00fc kurultay \u00e7a\u011fr\u0131s\u0131nda bulundu.<\/p>\n","protected":false},"author":1,"featured_media":0,"comment_status":"open","ping_status":"closed","sticky":false,"template":"","format":"standard","meta":{"footnotes":""},"categories":[105],"tags":[],"class_list":["post-34443","post","type-post","status-publish","format-standard","hentry","category-gundem","odd"],"_links":{"self":[{"href":"http:\/\/www.korhanyilmaz.com\/index.php?rest_route=\/wp\/v2\/posts\/34443","targetHints":{"allow":["GET"]}}],"collection":[{"href":"http:\/\/www.korhanyilmaz.com\/index.php?rest_route=\/wp\/v2\/posts"}],"about":[{"href":"http:\/\/www.korhanyilmaz.com\/index.php?rest_route=\/wp\/v2\/types\/post"}],"author":[{"embeddable":true,"href":"http:\/\/www.korhanyilmaz.com\/index.php?rest_route=\/wp\/v2\/users\/1"}],"replies":[{"embeddable":true,"href":"http:\/\/www.korhanyilmaz.com\/index.php?rest_route=%2Fwp%2Fv2%2Fcomments&post=34443"}],"version-history":[{"count":0,"href":"http:\/\/www.korhanyilmaz.com\/index.php?rest_route=\/wp\/v2\/posts\/34443\/revisions"}],"wp:attachment":[{"href":"http:\/\/www.korhanyilmaz.com\/index.php?rest_route=%2Fwp%2Fv2%2Fmedia&parent=34443"}],"wp:term":[{"taxonomy":"category","embeddable":true,"href":"http:\/\/www.korhanyilmaz.com\/index.php?rest_route=%2Fwp%2Fv2%2Fcategories&post=34443"},{"taxonomy":"post_tag","embeddable":true,"href":"http:\/\/www.korhanyilmaz.com\/index.php?rest_route=%2Fwp%2Fv2%2Ftags&post=34443"}],"curies":[{"name":"wp","href":"https:\/\/api.w.org\/{rel}","templated":true}]}}