{"id":34438,"date":"2011-06-14T17:27:47","date_gmt":"2011-06-14T14:27:47","guid":{"rendered":"http:\/\/www.korhanyilmaz.com\/?p=34438"},"modified":"2011-07-10T22:18:23","modified_gmt":"2011-07-10T19:18:23","slug":"60-hukumet-istifa-etti","status":"publish","type":"post","link":"http:\/\/www.korhanyilmaz.com\/?p=34438","title":{"rendered":"60. H\u00fck\u00fcmet istifa etti"},"content":{"rendered":"<p style=\"text-align: center;\"><a href=\"http:\/\/www.korhanyilmaz.com\/wp-content\/uploads\/2011\/06\/0121.jpg\"  class=\"lightview\"><img loading=\"lazy\" decoding=\"async\" class=\"aligncenter size-full wp-image-34439\" src=\"http:\/\/www.korhanyilmaz.com\/wp-content\/uploads\/2011\/06\/0121.jpg\" alt=\"\" width=\"307\" height=\"236\" \/><\/a><\/p>\n<p>Cumhurba\u015fkan\u0131 Abdullah G\u00fcl, Ba\u015fbakan Recep Tayyip Erdo\u011fan taraf\u0131ndan sunulan Bakanlar Kurulu&#8217;nun istifas\u0131n\u0131 kabul etti.<\/p>\n<p>\u00c7ankaya K\u00f6\u015fk\u00fc&#8217;nde ger\u00e7ekle\u015fen g\u00f6r\u00fc\u015fmenin ard\u0131ndan Cumhurba\u015fkanl\u0131\u011f\u0131&#8217;ndan yaz\u0131l\u0131 bir a\u00e7\u0131klama yap\u0131ld\u0131.<!--more--><\/p>\n<p>A\u00e7\u0131klamada, &#8220;Cumhurba\u015fkan\u0131m\u0131z, bug\u00fcn Ba\u015fbakan Say\u0131n Recep Tayyip Erdo\u011fan taraf\u0131ndan sunulan Bakanlar Kurulunun istifas\u0131n\u0131 kabul etmi\u015ftir. Bug\u00fcne kadar ge\u00e7en hizmetleri i\u00e7in te\u015fekk\u00fcrlerini ifade eden Say\u0131n Cumhurba\u015fkan\u0131m\u0131z, Bakanlar Kurulunun, yeni H\u00fck\u00fcmet kurulana kadar g\u00f6reve devam etmesini istemi\u015ftir&#8221; ifadeleri kullan\u0131ld\u0131.<\/p>\n<p>Kaynak : CNN T\u00dcRK<\/p>\n","protected":false},"excerpt":{"rendered":"<p style=\"text-align: center;\">\n<p>Cumhurba\u015fkan\u0131 Abdullah G\u00fcl, Ba\u015fbakan Recep Tayyip Erdo\u011fan taraf\u0131ndan sunulan Bakanlar Kurulu&#8217;nun istifas\u0131n\u0131 kabul etti.<\/p>\n<p>\u00c7ankaya K\u00f6\u015fk\u00fc&#8217;nde ger\u00e7ekle\u015fen g\u00f6r\u00fc\u015fmenin ard\u0131ndan Cumhurba\u015fkanl\u0131\u011f\u0131&#8217;ndan yaz\u0131l\u0131 bir a\u00e7\u0131klama yap\u0131ld\u0131.<\/p>\n","protected":false},"author":1,"featured_media":0,"comment_status":"open","ping_status":"closed","sticky":false,"template":"","format":"standard","meta":{"footnotes":""},"categories":[105],"tags":[],"class_list":["post-34438","post","type-post","status-publish","format-standard","hentry","category-gundem","odd"],"_links":{"self":[{"href":"http:\/\/www.korhanyilmaz.com\/index.php?rest_route=\/wp\/v2\/posts\/34438","targetHints":{"allow":["GET"]}}],"collection":[{"href":"http:\/\/www.korhanyilmaz.com\/index.php?rest_route=\/wp\/v2\/posts"}],"about":[{"href":"http:\/\/www.korhanyilmaz.com\/index.php?rest_route=\/wp\/v2\/types\/post"}],"author":[{"embeddable":true,"href":"http:\/\/www.korhanyilmaz.com\/index.php?rest_route=\/wp\/v2\/users\/1"}],"replies":[{"embeddable":true,"href":"http:\/\/www.korhanyilmaz.com\/index.php?rest_route=%2Fwp%2Fv2%2Fcomments&post=34438"}],"version-history":[{"count":0,"href":"http:\/\/www.korhanyilmaz.com\/index.php?rest_route=\/wp\/v2\/posts\/34438\/revisions"}],"wp:attachment":[{"href":"http:\/\/www.korhanyilmaz.com\/index.php?rest_route=%2Fwp%2Fv2%2Fmedia&parent=34438"}],"wp:term":[{"taxonomy":"category","embeddable":true,"href":"http:\/\/www.korhanyilmaz.com\/index.php?rest_route=%2Fwp%2Fv2%2Fcategories&post=34438"},{"taxonomy":"post_tag","embeddable":true,"href":"http:\/\/www.korhanyilmaz.com\/index.php?rest_route=%2Fwp%2Fv2%2Ftags&post=34438"}],"curies":[{"name":"wp","href":"https:\/\/api.w.org\/{rel}","templated":true}]}}