{"id":34434,"date":"2011-06-14T17:29:53","date_gmt":"2011-06-14T14:29:53","guid":{"rendered":"http:\/\/www.korhanyilmaz.com\/?p=34434"},"modified":"2011-07-11T00:14:24","modified_gmt":"2011-07-10T21:14:24","slug":"mehmet-haberal-dpye-mi-gececek","status":"publish","type":"post","link":"http:\/\/www.korhanyilmaz.com\/?p=34434","title":{"rendered":"Mehmet Haberal DP&#8217;ye mi ge\u00e7ecek?"},"content":{"rendered":"<p style=\"text-align: center;\"><a href=\"http:\/\/www.korhanyilmaz.com\/wp-content\/uploads\/2011\/06\/0111.jpg\"  class=\"lightview\"><img loading=\"lazy\" decoding=\"async\" class=\"aligncenter size-full wp-image-34435\" src=\"http:\/\/www.korhanyilmaz.com\/wp-content\/uploads\/2011\/06\/0111.jpg\" alt=\"\" width=\"292\" height=\"290\" \/><\/a><\/p>\n<p style=\"text-align: justify;\">&#8220;Ergenekon&#8221; davas\u0131 tutuklu san\u0131klar\u0131ndan Prof. Dr. Mehmet Haberal&#8217;\u0131n, DP&#8217;ye ge\u00e7mek veya yeni bir parti kurmak i\u00e7in milletvekili se\u00e7ildi\u011fi CHP&#8217;den ayr\u0131laca\u011f\u0131 iddias\u0131na, karde\u015fi Osman Haberal cevap verdi. Osman Haberal, a\u011fabeyinin vefa duygusunu \u00e7ok iyi bilen birisi oldu\u011funu belirterek, &#8220;\u00d6yle bir d\u00fc\u015f\u00fcncesi olaca\u011f\u0131n\u0131 asla zannetmiyorum&#8221; dedi. <!--more--><\/p>\n<p style=\"text-align: justify;\">Z\u00fclf\u00fc Livaneli&#8217;nin, Vatan gazetesindeki k\u00f6\u015fesinde g\u00fcndeme getirdi\u011fi iddiaya, Zonguldak&#8217;ta CHP&#8217;den 1&#8217;inci s\u0131rada se\u00e7ilerek milletvekili olan Prof.Dr. Mehmet Haberal&#8217;\u0131n karde\u015fi in\u015faat m\u00fchendisi Osman Haberal cevap verdi.<\/p>\n<p style=\"text-align: justify;\">\u00c7ar\u015famba veya per\u015fembe g\u00fcn\u00fc mazbatay\u0131 alacaklar\u0131n\u0131 belirten Osman Haberal, a\u011fabeyinin cezaevinden \u00e7\u0131k\u0131nca \u00f6nce cezaevinde oldu\u011fu i\u00e7in ge\u00e7en y\u0131l cenazesine kat\u0131lamad\u0131\u011f\u0131 babas\u0131n\u0131n Zonguldak&#8217;taki mezar\u0131n\u0131 ziyaret edece\u011fini, ard\u0131ndan da 27 ayd\u0131r g\u00f6rmedi\u011fi annesiyle kucakla\u015f\u0131p elini \u00f6pece\u011fini s\u00f6yledi.<\/p>\n<p style=\"text-align: justify;\">Osman Haberal, a\u011fabeyinin DP&#8217;nin ba\u015f\u0131na ge\u00e7mek veya yeni bir parti kurmak gibi bir d\u00fc\u015f\u00fcncesinin olmad\u0131\u011f\u0131n\u0131 ve Silivri Cezaevi&#8217;nde avukatlar\u0131 d\u0131\u015f\u0131nda kimseyle g\u00f6r\u00fc\u015fmedi\u011fini belirtti.<\/p>\n<p style=\"text-align: justify;\">Osman Haberal, &#8220;Bu d\u00fc\u015f\u00fcnce Livaneli&#8217;nin \u015fahsi g\u00f6r\u00fc\u015f\u00fcd\u00fcr. \u0130n\u015fallah Meclis&#8217;e gittikten sonra kendisi bu konuda daha kapsaml\u0131 bir de\u011ferlendirme yapacakt\u0131r. Ama kesinlikle b\u00f6yle bir \u015feyin olmas\u0131 m\u00fcmk\u00fcn de\u011fildir. Mehmet Haberal vefa duygusunu \u00e7ok iyi bilen birisidir. \u00d6yle bir d\u00fc\u015f\u00fcncesi olaca\u011f\u0131n\u0131 asla zannetmiyorum&#8221; dedi.<\/p>\n<p style=\"text-align: justify;\"><a href=\"http:\/\/www.cnnturk.com\/2011\/turkiye\/06\/14\/mehmet.haberal.dpye.mi.gececek\/620069.0\/index.html\" target=\"_blank\">Kaynak : CNN T\u00dcRK<\/a><\/p>\n","protected":false},"excerpt":{"rendered":"<p style=\"text-align: center;\">\n<p style=\"text-align: justify;\">&#8220;Ergenekon&#8221; davas\u0131 tutuklu san\u0131klar\u0131ndan Prof. Dr. Mehmet Haberal&#8217;\u0131n, DP&#8217;ye ge\u00e7mek veya yeni bir parti kurmak i\u00e7in milletvekili se\u00e7ildi\u011fi CHP&#8217;den ayr\u0131laca\u011f\u0131 iddias\u0131na, karde\u015fi Osman Haberal cevap verdi. Osman Haberal, a\u011fabeyinin vefa duygusunu \u00e7ok iyi bilen birisi oldu\u011funu belirterek, &#8220;\u00d6yle bir d\u00fc\u015f\u00fcncesi olaca\u011f\u0131n\u0131 asla zannetmiyorum&#8221; dedi. <\/p>\n","protected":false},"author":1,"featured_media":0,"comment_status":"open","ping_status":"closed","sticky":false,"template":"","format":"standard","meta":{"footnotes":""},"categories":[105],"tags":[],"class_list":["post-34434","post","type-post","status-publish","format-standard","hentry","category-gundem","odd"],"_links":{"self":[{"href":"http:\/\/www.korhanyilmaz.com\/index.php?rest_route=\/wp\/v2\/posts\/34434","targetHints":{"allow":["GET"]}}],"collection":[{"href":"http:\/\/www.korhanyilmaz.com\/index.php?rest_route=\/wp\/v2\/posts"}],"about":[{"href":"http:\/\/www.korhanyilmaz.com\/index.php?rest_route=\/wp\/v2\/types\/post"}],"author":[{"embeddable":true,"href":"http:\/\/www.korhanyilmaz.com\/index.php?rest_route=\/wp\/v2\/users\/1"}],"replies":[{"embeddable":true,"href":"http:\/\/www.korhanyilmaz.com\/index.php?rest_route=%2Fwp%2Fv2%2Fcomments&post=34434"}],"version-history":[{"count":0,"href":"http:\/\/www.korhanyilmaz.com\/index.php?rest_route=\/wp\/v2\/posts\/34434\/revisions"}],"wp:attachment":[{"href":"http:\/\/www.korhanyilmaz.com\/index.php?rest_route=%2Fwp%2Fv2%2Fmedia&parent=34434"}],"wp:term":[{"taxonomy":"category","embeddable":true,"href":"http:\/\/www.korhanyilmaz.com\/index.php?rest_route=%2Fwp%2Fv2%2Fcategories&post=34434"},{"taxonomy":"post_tag","embeddable":true,"href":"http:\/\/www.korhanyilmaz.com\/index.php?rest_route=%2Fwp%2Fv2%2Ftags&post=34434"}],"curies":[{"name":"wp","href":"https:\/\/api.w.org\/{rel}","templated":true}]}}