{"id":34423,"date":"2011-06-14T15:39:09","date_gmt":"2011-06-14T12:39:09","guid":{"rendered":"http:\/\/www.korhanyilmaz.com\/?p=34423"},"modified":"2011-07-11T00:15:57","modified_gmt":"2011-07-10T21:15:57","slug":"economistten-garip-logo","status":"publish","type":"post","link":"http:\/\/www.korhanyilmaz.com\/?p=34423","title":{"rendered":"Economist&#8217;ten &#8216;garip&#8217; logo"},"content":{"rendered":"<p style=\"text-align: center;\"><a href=\"http:\/\/www.korhanyilmaz.com\/wp-content\/uploads\/2011\/06\/0101.jpg\"  class=\"lightview\"><img loading=\"lazy\" decoding=\"async\" class=\"aligncenter size-full wp-image-34424\" src=\"http:\/\/www.korhanyilmaz.com\/wp-content\/uploads\/2011\/06\/0101.jpg\" alt=\"\" width=\"324\" height=\"176\" \/><\/a><\/p>\n<p style=\"text-align: justify;\">\u0130ngiliz The Economist dergisinin internet sitesinde yay\u0131mlanan, &#8220;Erdo\u011fan&#8217;\u0131n hat-trick&#8217;i&#8221; ba\u015fl\u0131kl\u0131 haber analizde T\u00fcrkiye&#8217;deki se\u00e7im sonu\u00e7lar\u0131 yorumland\u0131. Haberin i\u00e7inde kullan\u0131lan banner kapa\u011f\u0131ndaki T\u00fcrk Bayra\u011f\u0131&#8217;nda y\u0131ld\u0131z yerine \u00e7arp\u0131 i\u015fareti konmas\u0131 ise dikkat \u00e7ekti. <!--more--><\/p>\n<div style=\"text-align: justify;\">\n<p>\u00a0Amberin Zaman imzal\u0131 haber analizde, AK Parti&#8217;nin oylar\u0131n yakla\u015f\u0131k y\u00fczde 50&#8217;sini alarak, \u00fcst \u00fcste \u00fc\u00e7\u00fcnc\u00fc kez se\u00e7imlerden zaferle ayr\u0131ld\u0131\u011f\u0131, ancak K\u00fcrt meselesi, Suriyeli m\u00fclteci krizi ve giderek<strong> &#8220;hararetlenen&#8221;<\/strong> ekonomik konular\u0131n kendisini bekledi\u011fi vurguland\u0131.<\/p>\n<p>Analizde, <strong>&#8220;\u00dclkenin karizmatik Ba\u015fbakan\u0131 Recep Tayyip Erdo\u011fan, art arda \u00fc\u00e7 se\u00e7im kazanan ilk lider olmakla kalmad\u0131 ayn\u0131 zamanda her seferinde partisinin oyunu art\u0131rmay\u0131 da ba\u015fard\u0131&#8221; <\/strong>denildi.<\/p>\n<p>Analiz haberin i\u00e7inde <strong>&#8220;\u0130nteraktif rehberimizden se\u00e7im sonu\u00e7lar\u0131n\u0131 \u00f6\u011frenin&#8221;<\/strong> linki i\u00e7in konulan g\u00f6rsel ise dikkat \u00e7ekti. Kapak olarak yer alan g\u00f6rselde T\u00fcrk Bayra\u011f\u0131&#8217;nda y\u0131ld\u0131z yerine<strong> &#8220;\u00e7arp\u0131&#8221; <\/strong>i\u015fareti kondu. Y\u0131ld\u0131z\u0131n\u00a0\u00fczerinin \u00e7arp\u0131 ile kapat\u0131l\u0131p hilal&#8217;in g\u00f6sterilmesi, se\u00e7im sonu\u00e7lar\u0131na g\u00f6re<strong> &#8220;hilafete geri d\u00f6n\u00fc\u015f\u00fcn\u00a0simgesi mi?&#8221; <\/strong>olarak yorumland\u0131. T\u00fcrkiye&#8217;de tart\u0131\u015fma yaratan bu sembol\u00fcn ne anlama geldi\u011fi Ekonomistin simgeyi \u00e7izen edit\u00f6r\u00fcne soruldu. Edit\u00f6r\u00fcn yan\u0131t\u0131 ise<strong> &#8220;\u00fczerine \u00e7arp\u0131 \u00e7ekilmi\u015f kutu\u00a0i\u015fareti evrensel olarak &#8220;sand\u0131k-se\u00e7im&#8221; sembol\u00fcd\u00fcr. B\u00f6yle anlamlara\u00a0\u00e7ekilmesini de hayretle kar\u015f\u0131lad\u0131m&#8221;<\/strong> oldu\u011fu\u00a0\u00f6\u011frenildi.<\/p>\n<\/div>\n<p style=\"text-align: justify;\"><a href=\"http:\/\/www.gazeteport.com.tr\/haber\/37554\/economistten_garip_logo\" target=\"_blank\">Kaynak : GAZETEPORT<\/a><\/p>\n","protected":false},"excerpt":{"rendered":"<p style=\"text-align: center;\">\n<p style=\"text-align: justify;\">\u0130ngiliz The Economist dergisinin internet sitesinde yay\u0131mlanan, &#8220;Erdo\u011fan&#8217;\u0131n hat-trick&#8217;i&#8221; ba\u015fl\u0131kl\u0131 haber analizde T\u00fcrkiye&#8217;deki se\u00e7im sonu\u00e7lar\u0131 yorumland\u0131. Haberin i\u00e7inde kullan\u0131lan banner kapa\u011f\u0131ndaki T\u00fcrk Bayra\u011f\u0131&#8217;nda y\u0131ld\u0131z yerine \u00e7arp\u0131 i\u015fareti konmas\u0131 ise dikkat \u00e7ekti. <\/p>\n","protected":false},"author":1,"featured_media":0,"comment_status":"open","ping_status":"closed","sticky":false,"template":"","format":"standard","meta":{"footnotes":""},"categories":[105],"tags":[],"class_list":["post-34423","post","type-post","status-publish","format-standard","hentry","category-gundem","odd"],"_links":{"self":[{"href":"http:\/\/www.korhanyilmaz.com\/index.php?rest_route=\/wp\/v2\/posts\/34423","targetHints":{"allow":["GET"]}}],"collection":[{"href":"http:\/\/www.korhanyilmaz.com\/index.php?rest_route=\/wp\/v2\/posts"}],"about":[{"href":"http:\/\/www.korhanyilmaz.com\/index.php?rest_route=\/wp\/v2\/types\/post"}],"author":[{"embeddable":true,"href":"http:\/\/www.korhanyilmaz.com\/index.php?rest_route=\/wp\/v2\/users\/1"}],"replies":[{"embeddable":true,"href":"http:\/\/www.korhanyilmaz.com\/index.php?rest_route=%2Fwp%2Fv2%2Fcomments&post=34423"}],"version-history":[{"count":0,"href":"http:\/\/www.korhanyilmaz.com\/index.php?rest_route=\/wp\/v2\/posts\/34423\/revisions"}],"wp:attachment":[{"href":"http:\/\/www.korhanyilmaz.com\/index.php?rest_route=%2Fwp%2Fv2%2Fmedia&parent=34423"}],"wp:term":[{"taxonomy":"category","embeddable":true,"href":"http:\/\/www.korhanyilmaz.com\/index.php?rest_route=%2Fwp%2Fv2%2Fcategories&post=34423"},{"taxonomy":"post_tag","embeddable":true,"href":"http:\/\/www.korhanyilmaz.com\/index.php?rest_route=%2Fwp%2Fv2%2Ftags&post=34423"}],"curies":[{"name":"wp","href":"https:\/\/api.w.org\/{rel}","templated":true}]}}