{"id":34417,"date":"2011-06-14T09:56:06","date_gmt":"2011-06-14T06:56:06","guid":{"rendered":"http:\/\/www.korhanyilmaz.com\/?p=34417"},"modified":"2011-07-11T00:17:05","modified_gmt":"2011-07-10T21:17:05","slug":"yeni-anayasayi-facebookta-yapiyorlar","status":"publish","type":"post","link":"http:\/\/www.korhanyilmaz.com\/?p=34417","title":{"rendered":"Yeni anayasay\u0131 Facebook&#8217;ta yap\u0131yorlar"},"content":{"rendered":"<p style=\"text-align: center;\"><a href=\"http:\/\/www.korhanyilmaz.com\/wp-content\/uploads\/2011\/06\/0091.jpg\"  class=\"lightview\"><img loading=\"lazy\" decoding=\"async\" class=\"aligncenter size-full wp-image-34418\" src=\"http:\/\/www.korhanyilmaz.com\/wp-content\/uploads\/2011\/06\/0091.jpg\" alt=\"\" width=\"350\" height=\"186\" \/><\/a><\/p>\n<p style=\"text-align: justify;\">\u0130zlanda yeni anayasa i\u00e7in haz\u0131rlanan tasla\u011f\u0131 sosyal a\u011flar \u00fczerinden halka soruyor, gelen \u00f6nerileri de\u011fi\u015fiklik olarak tasla\u011fa yans\u0131t\u0131yor.<\/p>\n<p style=\"text-align: justify;\">K\u00fcresel ekonomik kriz s\u0131ras\u0131nda ekonomisi ve \u015firketleri iflas eden \u0130zlanda, daha \u00f6zg\u00fcrl\u00fck\u00e7\u00fc ve g\u00fcvenli bir anayasa i\u00e7in y\u00fcz\u00fcn\u00fc halka d\u00f6nd\u00fc. \u0130\u015fin \u00e7arp\u0131c\u0131 taraf\u0131 anayasa tasla\u011f\u0131n\u0131n sosyal a\u011flar \u00fczerinden halka a\u00e7\u0131lmas\u0131 ve genel kabul g\u00f6ren \u00f6nerilerin ger\u00e7ekten tasla\u011fa eklenmesi. <!--more--><\/p>\n<p style=\"text-align: justify;\">Yeni anayasay\u0131 haz\u0131rlamaktan sorumlu Anayasa Konseyi, taslak metni internet sitesine ve sosyal medyada bunun i\u00e7in a\u00e7\u0131lan sayfalara yerle\u015ftirdi. Buralara abone olan \u00fcyelerden genele veya maddelere ili\u015fkin \u00f6neriler toplayan Konsey, yorum onay s\u00fcrecinden sonra bu \u00f6nerileri ayn\u0131 mecralarda tart\u0131\u015fmaya a\u00e7\u0131yor.<\/p>\n<div id=\"attachment_34419\" style=\"width: 415px\" class=\"wp-caption aligncenter\"><a href=\"http:\/\/www.korhanyilmaz.com\/wp-content\/uploads\/2011\/06\/0081.jpg\"  class=\"lightview\"><img loading=\"lazy\" decoding=\"async\" aria-describedby=\"caption-attachment-34419\" class=\"size-full wp-image-34419  \" src=\"http:\/\/www.korhanyilmaz.com\/wp-content\/uploads\/2011\/06\/0081.jpg\" alt=\"\" width=\"405\" height=\"261\" \/><\/a><p id=\"caption-attachment-34419\" class=\"wp-caption-text\">\u0130zlanda Parlamentosu<\/p><\/div>\n<p style=\"text-align: justify;\">Anayasa g\u00f6zden ge\u00e7irme kurulunun s\u00f6zc\u00fcs\u00fc Berghildur Bernhardsdottir, tart\u0131\u015fma ve \u00f6nerilerin yo\u011fun ilgi g\u00f6rd\u00fc\u011f\u00fcn\u00fc, en \u00e7ok trafi\u011fin ise Facebook\u2019ta g\u00f6r\u00fcld\u00fc\u011f\u00fcn\u00fc a\u00e7\u0131klad\u0131. Twitter&#8217;\u0131n da yo\u011fun olarak kullan\u0131ld\u0131\u011f\u0131 y\u00f6ntemde, Konsey \u00fcyeleri ve milletvekillerinin anayasa tasla\u011f\u0131 \u00fczerindeki g\u00f6r\u00fc\u015f ve ele\u015ftirileri kamuoyuna ayn\u0131 g\u00fcn a\u00e7\u0131klanarak tam \u015feffafl\u0131k sa\u011flan\u0131yor.<\/p>\n<p style=\"text-align: justify;\">The Associated Press haber ajans\u0131n\u0131n haberine g\u00f6re yeni anayasa \u00fczerinde sosyal medyada y\u00fcr\u00fcyen bu \u00f6neri ve tart\u0131\u015fma s\u00fcreci sonucunda baz\u0131 de\u011fi\u015fiklik \u00f6nerileri tasla\u011fa girmi\u015f bile. Bunlardan en \u00f6nemlisi \u00fclkedeki do\u011fal kaynaklar\u0131n m\u00fclkiyetinde halk\u0131n s\u00f6z sahibi olmas\u0131n\u0131 sa\u011flayan de\u011fi\u015fiklik.<\/p>\n<p style=\"text-align: justify;\"><a href=\"http:\/\/www.ntvmsnbc.com\/id\/25222923\/\" target=\"_blank\">Kaynak : NTVMSNBC<\/a><\/p>\n","protected":false},"excerpt":{"rendered":"<p style=\"text-align: center;\">\n<p style=\"text-align: justify;\">\u0130zlanda yeni anayasa i\u00e7in haz\u0131rlanan tasla\u011f\u0131 sosyal a\u011flar \u00fczerinden halka soruyor, gelen \u00f6nerileri de\u011fi\u015fiklik olarak tasla\u011fa yans\u0131t\u0131yor.<\/p>\n<p style=\"text-align: justify;\">K\u00fcresel ekonomik kriz s\u0131ras\u0131nda ekonomisi ve \u015firketleri iflas eden \u0130zlanda, daha \u00f6zg\u00fcrl\u00fck\u00e7\u00fc ve g\u00fcvenli bir anayasa i\u00e7in y\u00fcz\u00fcn\u00fc halka d\u00f6nd\u00fc. \u0130\u015fin \u00e7arp\u0131c\u0131 taraf\u0131 anayasa tasla\u011f\u0131n\u0131n sosyal a\u011flar \u00fczerinden halka a\u00e7\u0131lmas\u0131 ve <\/p>\n","protected":false},"author":1,"featured_media":0,"comment_status":"open","ping_status":"closed","sticky":false,"template":"","format":"standard","meta":{"footnotes":""},"categories":[105],"tags":[],"class_list":["post-34417","post","type-post","status-publish","format-standard","hentry","category-gundem","odd"],"_links":{"self":[{"href":"http:\/\/www.korhanyilmaz.com\/index.php?rest_route=\/wp\/v2\/posts\/34417","targetHints":{"allow":["GET"]}}],"collection":[{"href":"http:\/\/www.korhanyilmaz.com\/index.php?rest_route=\/wp\/v2\/posts"}],"about":[{"href":"http:\/\/www.korhanyilmaz.com\/index.php?rest_route=\/wp\/v2\/types\/post"}],"author":[{"embeddable":true,"href":"http:\/\/www.korhanyilmaz.com\/index.php?rest_route=\/wp\/v2\/users\/1"}],"replies":[{"embeddable":true,"href":"http:\/\/www.korhanyilmaz.com\/index.php?rest_route=%2Fwp%2Fv2%2Fcomments&post=34417"}],"version-history":[{"count":0,"href":"http:\/\/www.korhanyilmaz.com\/index.php?rest_route=\/wp\/v2\/posts\/34417\/revisions"}],"wp:attachment":[{"href":"http:\/\/www.korhanyilmaz.com\/index.php?rest_route=%2Fwp%2Fv2%2Fmedia&parent=34417"}],"wp:term":[{"taxonomy":"category","embeddable":true,"href":"http:\/\/www.korhanyilmaz.com\/index.php?rest_route=%2Fwp%2Fv2%2Fcategories&post=34417"},{"taxonomy":"post_tag","embeddable":true,"href":"http:\/\/www.korhanyilmaz.com\/index.php?rest_route=%2Fwp%2Fv2%2Ftags&post=34417"}],"curies":[{"name":"wp","href":"https:\/\/api.w.org\/{rel}","templated":true}]}}