{"id":34412,"date":"2011-06-14T10:17:17","date_gmt":"2011-06-14T07:17:17","guid":{"rendered":"http:\/\/www.korhanyilmaz.com\/?p=34412"},"modified":"2011-07-10T22:20:49","modified_gmt":"2011-07-10T19:20:49","slug":"chp%e2%80%99de-%e2%80%98istifa%e2%80%99-sesleri","status":"publish","type":"post","link":"http:\/\/www.korhanyilmaz.com\/?p=34412","title":{"rendered":"CHP\u2019de \u2018istifa\u2019 sesleri"},"content":{"rendered":"<div id=\"attachment_34413\" style=\"width: 310px\" class=\"wp-caption aligncenter\"><a href=\"http:\/\/www.korhanyilmaz.com\/wp-content\/uploads\/2011\/06\/0071.jpg\"  class=\"lightview\"><img loading=\"lazy\" decoding=\"async\" aria-describedby=\"caption-attachment-34413\" class=\"size-full wp-image-34413  \" src=\"http:\/\/www.korhanyilmaz.com\/wp-content\/uploads\/2011\/06\/0071.jpg\" alt=\"\" width=\"300\" height=\"225\" \/><\/a><p id=\"caption-attachment-34413\" class=\"wp-caption-text\">Canan Ar\u0131tman ( AR\u015e\u0130V )<\/p><\/div>\n<p style=\"text-align: justify;\">Milletvekili se\u00e7iminde y\u00fczde 25.91 oy alarak hayal k\u0131r\u0131kl\u0131\u011f\u0131 ya\u015fayan CHP\u2019de tart\u0131\u015fmalar ilk g\u00fcnden ba\u015flad\u0131. Eski Milletvekilleri Mesut De\u011fer, Canan Ar\u0131tman ve \u015eahin Meng\u00fc, Genel Ba\u015fkan Kemal K\u0131l\u0131\u00e7daro\u011flu\u2019nu istifaya \u00e7a\u011f\u0131rd\u0131.<!--more--><\/p>\n<p style=\"text-align: justify;\">\u0130STANBUL &#8211; CHP\u2019nin ald\u0131\u011f\u0131 sonu\u00e7 parti i\u00e7indeki \u201cBaykalc\u0131\u201d ve \u201cSavc\u0131\u201d olarak bilinen gruplar\u0131 memnun etmedi. Se\u00e7imin ertesinde kurultay sesleri y\u00fckselmeye ba\u015flad\u0131.<\/p>\n<p style=\"text-align: justify;\">PM \u00fcyesi, eski Diyarbak\u0131r Milletvekili Mesut De\u011fer, eski Manisa Milletvekili \u015eahin Meng\u00fc ve eski \u0130zmir Milletvekili Canan Ar\u0131tman se\u00e7im sonu\u00e7lar\u0131n\u0131 \u201cba\u015far\u0131s\u0131zl\u0131k\u201d olarak de\u011ferlendirdi.<\/p>\n<p style=\"text-align: justify;\">Eski milletvekilleri, &#8220;Vekil say\u0131s\u0131n\u0131 art\u0131ran tek partiyiz&#8221; diyen Genel Ba\u015fkan Kemal K\u0131l\u0131\u00e7daro\u011flu\u2019nun istifa etmesini istediler.<\/p>\n<p style=\"text-align: justify;\"><strong>\u2018S\u00d6Z\u00dcN\u00dc TUTMALI\u2019<\/strong><\/p>\n<p style=\"text-align: justify;\">Mesut De\u011fer, \u015f\u00f6yle konu\u015ftu: \u201cBa\u015far\u0131s\u0131zl\u0131\u011f\u0131m\u0131z\u0131n nedenlerinden biri eski CHP, yeni CHP ayr\u0131m\u0131 yap\u0131lmas\u0131. Bu \u00e7ok b\u00fcy\u00fck yanl\u0131\u015ft\u0131. \u00c7ok hatayd\u0131, \u00e7ok k\u00f6t\u00fcyd\u00fc. Bunun sonu\u00e7lar\u0131n\u0131 12 Haziran\u2019da ya\u015fad\u0131k. 2002\u2019de 178 milletvekili ile CHP parlamentoya girdi. 12 Haziran\u2019da CHP se\u00e7imlerde ba\u015far\u0131l\u0131 de\u011fil ba\u015far\u0131s\u0131z olmu\u015ftur. Bu nedenle genel Ba\u015fkan Say\u0131n Kemal K\u0131l\u0131\u00e7daro\u011flu\u2019ndan, kendi s\u00f6z verdi\u011fi, kendisinin medyada s\u00f6ylem olarak ortaya koydu\u011fu \u2018ba\u015far\u0131s\u0131z olursam giderim\u2019 s\u00f6z\u00fcn\u00fcn gere\u011fini yapmas\u0131n\u0131 bekliyoruz.\u201d<\/p>\n<p style=\"text-align: justify;\"><strong>\u2018CAH\u0130LLER ORDUSU\u2019<\/strong><\/p>\n<p style=\"text-align: justify;\">\u015eahin Meng\u00fc \u015funlar\u0131 s\u00f6yledi: \u201cSe\u00e7imin iki galibi var, AKP ve BDP (ba\u011f\u0131ms\u0131zlar). CHP \u00e7ok k\u00f6t\u00fc puan ald\u0131. Bug\u00fcnk\u00fc oylar ma\u011flubiyettir. Tasfiye hareketiyle toplumdaki inan\u0131l\u0131rl\u0131\u011f\u0131n\u0131 yitirmi\u015fsin. \u2018Oylar\u0131m\u0131z artt\u0131\u2019 dersen, insana g\u00fclerler. G\u00fcrsel Tekin tek ba\u015f\u0131na sorumlu de\u011fil. Ekibin tamam\u0131 ba\u015far\u0131s\u0131zd\u0131r. Bu ekip \u00e7ok ba\u015far\u0131s\u0131zd\u0131r. Bunlar genel ba\u015fkanlar\u0131n\u0131 yan\u0131ltacak kadar cahiller ordusudur.\u201d<\/p>\n<p style=\"text-align: justify;\"><strong>\u2018YOKSA ZORLA \u00d6DET\u0130R\u2019<\/strong><\/p>\n<p style=\"text-align: justify;\">Canan Ar\u0131tman ise \u015fu ifadeleri kulland\u0131: \u201cDeniz Baykal\u2019\u0131n b\u0131rakt\u0131\u011f\u0131 y\u00fczde 28.7\u2019lik noktan\u0131n gerisinde kald\u0131. Baykal\u2019\u0131n kat\u0131ld\u0131\u011f\u0131 son Parti Meclisi toplant\u0131s\u0131nda CHP\u2019nin anketlerdeki oy oran\u0131 y\u00fczde 28.7\u2019ydi. Genel Ba\u015fkan ve ekibi s\u00f6z\u00fcn\u00fc tutmal\u0131, istifa etmelidir. \u00d6rg\u00fct faturan\u0131n \u00f6denmesini istiyor, yoksa zorla \u00f6detir. Medeni bir insand\u0131r, ona yak\u0131\u015fan \u015fapkay\u0131 al\u0131p gitmektir. Gitmezse kurultay toplan\u0131r.\u201d<\/p>\n<p style=\"text-align: justify;\"><a href=\"http:\/\/www.ntvmsnbc.com\/id\/25222946\/\" target=\"_blank\">Kaynak : NTVMSNBC<\/a><\/p>\n","protected":false},"excerpt":{"rendered":"<p id=\"caption-attachment-34413\" class=\"wp-caption-text\">Canan Ar\u0131tman ( AR\u015e\u0130V )<\/p>\n<p style=\"text-align: justify;\">Milletvekili se\u00e7iminde y\u00fczde 25.91 oy alarak hayal k\u0131r\u0131kl\u0131\u011f\u0131 ya\u015fayan CHP\u2019de tart\u0131\u015fmalar ilk g\u00fcnden ba\u015flad\u0131. Eski Milletvekilleri Mesut De\u011fer, Canan Ar\u0131tman ve \u015eahin Meng\u00fc, Genel Ba\u015fkan Kemal K\u0131l\u0131\u00e7daro\u011flu\u2019nu istifaya \u00e7a\u011f\u0131rd\u0131.<\/p>\n","protected":false},"author":1,"featured_media":0,"comment_status":"open","ping_status":"closed","sticky":false,"template":"","format":"standard","meta":{"footnotes":""},"categories":[105],"tags":[],"class_list":["post-34412","post","type-post","status-publish","format-standard","hentry","category-gundem","odd"],"_links":{"self":[{"href":"http:\/\/www.korhanyilmaz.com\/index.php?rest_route=\/wp\/v2\/posts\/34412","targetHints":{"allow":["GET"]}}],"collection":[{"href":"http:\/\/www.korhanyilmaz.com\/index.php?rest_route=\/wp\/v2\/posts"}],"about":[{"href":"http:\/\/www.korhanyilmaz.com\/index.php?rest_route=\/wp\/v2\/types\/post"}],"author":[{"embeddable":true,"href":"http:\/\/www.korhanyilmaz.com\/index.php?rest_route=\/wp\/v2\/users\/1"}],"replies":[{"embeddable":true,"href":"http:\/\/www.korhanyilmaz.com\/index.php?rest_route=%2Fwp%2Fv2%2Fcomments&post=34412"}],"version-history":[{"count":0,"href":"http:\/\/www.korhanyilmaz.com\/index.php?rest_route=\/wp\/v2\/posts\/34412\/revisions"}],"wp:attachment":[{"href":"http:\/\/www.korhanyilmaz.com\/index.php?rest_route=%2Fwp%2Fv2%2Fmedia&parent=34412"}],"wp:term":[{"taxonomy":"category","embeddable":true,"href":"http:\/\/www.korhanyilmaz.com\/index.php?rest_route=%2Fwp%2Fv2%2Fcategories&post=34412"},{"taxonomy":"post_tag","embeddable":true,"href":"http:\/\/www.korhanyilmaz.com\/index.php?rest_route=%2Fwp%2Fv2%2Ftags&post=34412"}],"curies":[{"name":"wp","href":"https:\/\/api.w.org\/{rel}","templated":true}]}}