{"id":34407,"date":"2011-06-14T09:47:27","date_gmt":"2011-06-14T06:47:27","guid":{"rendered":"http:\/\/www.korhanyilmaz.com\/?p=34407"},"modified":"2011-07-10T22:16:38","modified_gmt":"2011-07-10T19:16:38","slug":"kart-secim-sonuclarini-takibe-aldi","status":"publish","type":"post","link":"http:\/\/www.korhanyilmaz.com\/?p=34407","title":{"rendered":"Kart, se\u00e7im sonu\u00e7lar\u0131n\u0131 takibe ald\u0131"},"content":{"rendered":"<p style=\"text-align: center;\"><a href=\"http:\/\/www.korhanyilmaz.com\/wp-content\/uploads\/2011\/06\/0061.jpg\"  class=\"lightview\"><img loading=\"lazy\" decoding=\"async\" class=\"aligncenter size-full wp-image-34408\" src=\"http:\/\/www.korhanyilmaz.com\/wp-content\/uploads\/2011\/06\/0061.jpg\" alt=\"\" width=\"322\" height=\"241\" \/><\/a><\/p>\n<p style=\"text-align: justify;\">CHP Konya Milletvekili Atilla Kart, se\u00e7im sonu\u00e7lar\u0131n\u0131 takibe ald\u0131\u011f\u0131n\u0131 belirterek, &#8220;Hareket halindeki 5 milyon se\u00e7men olay\u0131 ve devam\u0131ndaki ikiz se\u00e7menle ilgili konularda ki\u015fisel olarak takip i\u00e7indeyim. O konudaki ku\u015fkular\u0131m giderilmedi&#8221; dedi.<!--more--><\/p>\n<p style=\"text-align: justify;\">Ankara- CHP Konya Milletvekili Atilla Kart, &#8220;\u0130hlal anlam\u0131nda \u015fu anda intikal eden bana somut bir duyuru yok. Ben ki\u015fisel olarak takip ediyorum&#8221; dedi. Kart, \u015f\u00f6yle devam etti:<\/p>\n<p style=\"text-align: justify;\">&#8220;Hareket halindeki 5 milyon se\u00e7men olay\u0131 ve devam\u0131ndaki ikiz se\u00e7menle ilgili konularda ki\u015fisel olarak takip i\u00e7indeyim. O konudaki ku\u015fkular\u0131m giderilmedi. YSK bu konularda kamuoyunu tatmin edecek bir a\u00e7\u0131klama i\u00e7erisine girmedi. YSK&#8217;n\u0131n bu somut iddialar konusunda mutlaka kamuoyuna hem teknik anlamda hem de i\u00e7erik anlamda a\u00e7\u0131klama yapmas\u0131 gerekiyor. Bu endi\u015felerimi h\u00e2l\u00e2 ta\u015f\u0131yorum. &#8216;5 milyon hareketli se\u00e7mene organize m\u00fcdahale oldu\u011funu, yasa d\u0131\u015f\u0131 bir m\u00fcdahalenin&#8217; oldu\u011fu sabit oldu\u011fu takdirde bu \u00e7ok farkl\u0131 bir tablo ortaya \u00e7\u0131kar\u0131r. Bunun mutlaka sonu\u00e7lar\u0131 olacakt\u0131r. Bu ciddi bir olayd\u0131r. Bunun ivedi olarak YSK&#8217;dan a\u00e7\u0131klanmas\u0131 gerekir. Ben ki\u015fisel olarak takip ediyorum.&#8221;<\/p>\n<p style=\"text-align: justify;\"><strong>Se\u00e7imden \u00f6nce YSK&#8217;yi uyarm\u0131\u015ft\u0131<\/strong><\/p>\n<p style=\"text-align: justify;\">Se\u00e7imlerden \u00f6nce yap\u0131\u015f\u0131k b\u00f6lgelerde &#8220;ikiz se\u00e7men&#8221; uygulamas\u0131n\u0131n yap\u0131ld\u0131\u011f\u0131na dair kayg\u0131lar\u0131n\u0131 dile getiren Kart, &#8220;AKP&#8217;nin kendi \u00fcyelerinin bir b\u00f6l\u00fcm\u00fcn\u00fc yap\u0131\u015f\u0131k se\u00e7im b\u00f6lgelerinde kullanarak haks\u0131z oy temin etti\u011fine dair iddialar ortaya \u00e7\u0131km\u0131\u015ft\u0131r. 5 milyon civar\u0131nda hareket halinde se\u00e7men bulundu\u011fu y\u00f6n\u00fcndeki bulgular g\u00f6z \u00f6n\u00fcne al\u0131nd\u0131\u011f\u0131nda, yap\u0131\u015f\u0131k b\u00f6lgelerde ikiz se\u00e7men uygulamas\u0131n\u0131n yap\u0131ld\u0131\u011f\u0131na dair tezin kuvvet kazand\u0131\u011f\u0131 g\u00f6r\u00fc\u015f\u00fcndeyiz&#8221; demi\u015fti.<\/p>\n<p style=\"text-align: justify;\"><a href=\"http:\/\/www.cumhuriyet.com.tr\/?hn=253020\" target=\"_blank\">Kaynak : Cumhuriyet Haber Portal\u0131<\/a><\/p>\n","protected":false},"excerpt":{"rendered":"<p style=\"text-align: center;\">\n<p style=\"text-align: justify;\">CHP Konya Milletvekili Atilla Kart, se\u00e7im sonu\u00e7lar\u0131n\u0131 takibe ald\u0131\u011f\u0131n\u0131 belirterek, &#8220;Hareket halindeki 5 milyon se\u00e7men olay\u0131 ve devam\u0131ndaki ikiz se\u00e7menle ilgili konularda ki\u015fisel olarak takip i\u00e7indeyim. O konudaki ku\u015fkular\u0131m giderilmedi&#8221; dedi.<\/p>\n","protected":false},"author":1,"featured_media":0,"comment_status":"open","ping_status":"closed","sticky":false,"template":"","format":"standard","meta":{"footnotes":""},"categories":[105],"tags":[],"class_list":["post-34407","post","type-post","status-publish","format-standard","hentry","category-gundem","odd"],"_links":{"self":[{"href":"http:\/\/www.korhanyilmaz.com\/index.php?rest_route=\/wp\/v2\/posts\/34407","targetHints":{"allow":["GET"]}}],"collection":[{"href":"http:\/\/www.korhanyilmaz.com\/index.php?rest_route=\/wp\/v2\/posts"}],"about":[{"href":"http:\/\/www.korhanyilmaz.com\/index.php?rest_route=\/wp\/v2\/types\/post"}],"author":[{"embeddable":true,"href":"http:\/\/www.korhanyilmaz.com\/index.php?rest_route=\/wp\/v2\/users\/1"}],"replies":[{"embeddable":true,"href":"http:\/\/www.korhanyilmaz.com\/index.php?rest_route=%2Fwp%2Fv2%2Fcomments&post=34407"}],"version-history":[{"count":0,"href":"http:\/\/www.korhanyilmaz.com\/index.php?rest_route=\/wp\/v2\/posts\/34407\/revisions"}],"wp:attachment":[{"href":"http:\/\/www.korhanyilmaz.com\/index.php?rest_route=%2Fwp%2Fv2%2Fmedia&parent=34407"}],"wp:term":[{"taxonomy":"category","embeddable":true,"href":"http:\/\/www.korhanyilmaz.com\/index.php?rest_route=%2Fwp%2Fv2%2Fcategories&post=34407"},{"taxonomy":"post_tag","embeddable":true,"href":"http:\/\/www.korhanyilmaz.com\/index.php?rest_route=%2Fwp%2Fv2%2Ftags&post=34407"}],"curies":[{"name":"wp","href":"https:\/\/api.w.org\/{rel}","templated":true}]}}