{"id":34394,"date":"2011-06-13T15:29:10","date_gmt":"2011-06-13T12:29:10","guid":{"rendered":"http:\/\/www.korhanyilmaz.com\/?p=34394"},"modified":"2011-07-10T22:15:43","modified_gmt":"2011-07-10T19:15:43","slug":"secimi-%e2%80%9cakp-bdp-chp%e2%80%9d-ittifaki-kazandi","status":"publish","type":"post","link":"http:\/\/www.korhanyilmaz.com\/?p=34394","title":{"rendered":"Se\u00e7imi \u201cAKP-BDP-CHP\u201d ittifak\u0131 kazand\u0131"},"content":{"rendered":"<p style=\"text-align: center;\"><a href=\"http:\/\/www.korhanyilmaz.com\/wp-content\/uploads\/2011\/06\/0051.jpg\"  class=\"lightview\"><img loading=\"lazy\" decoding=\"async\" class=\"aligncenter size-full wp-image-34395\" src=\"http:\/\/www.korhanyilmaz.com\/wp-content\/uploads\/2011\/06\/0051.jpg\" alt=\"\" width=\"372\" height=\"207\" \/><\/a><\/p>\n<p style=\"text-align: justify;\">12 Haziran 2011 Genel Se\u00e7imleri i\u00e7in pek \u00e7ok sonu\u00e7 dile getirilebilir. Ama biz T\u00fcrkiye\u2019yi i\u00e7ine sokaca\u011f\u0131 zorluklardan hareketle, bu ilk incelememizde, iki \u00f6nemli sonu\u00e7 \u00fczerinde duraca\u011f\u0131z:<\/p>\n<p style=\"text-align: justify;\"><strong>1.)<\/strong> D\u0131\u015f politika a\u00e7\u0131s\u0131ndan; <strong>Ba\u015fbakan Erdo\u011fan<\/strong> \u201cBalkon konu\u015fmas\u0131nda\u201d yapt\u0131\u011f\u0131 de\u011ferlendirmede \u201c<strong>Ankara kazand\u0131, \u015eam kazand\u0131<\/strong>\u201d dedi.<\/p>\n<p style=\"text-align: justify;\"><strong>2.)<\/strong> \u0130\u00e7 politika a\u00e7\u0131s\u0131ndan; <strong>AKP-CHP-BDP aras\u0131nda \u201cYeni Anayasa\u201d ittifak\u0131 olu\u015fturulaca\u011f\u0131n\u0131n i\u015fareti <\/strong>verildi.<!--more--><\/p>\n<p style=\"text-align: justify;\">A\u00e7al\u0131m:<\/p>\n<p style=\"text-align: justify;\"><strong>\u201cANKARA KAZANDI, \u015eAM KAZANDI\u201d<\/strong><\/p>\n<p style=\"text-align: justify;\"><strong>Ba\u015fbakan Erdo\u011fan<\/strong>, partisinin y\u00fczde 50 oy kazand\u0131\u011f\u0131 se\u00e7imlerden sonra yapt\u0131\u011f\u0131 geleneksel balkon konu\u015fmas\u0131nda kurdu bu ba\u011f\u0131: \u201c<strong>\u0130nan\u0131n bug\u00fcn \u0130stanbul kadar Saraybosna kazanm\u0131\u015ft\u0131r; \u0130zmir kadar <\/strong><strong>Beyrut kazanm\u0131\u015ft\u0131r; Ankara kadar \u015eam kazanm\u0131\u015ft\u0131r; Diyarbak\u0131r kadar Ramallah, Nablus, Cenin, Bat\u0131 \u015eeria, Kud\u00fcs, Gazze kazanm\u0131\u015ft\u0131r. Bug\u00fcn T\u00fcrkiye kadar Orta Do\u011fu, Kafkasya, Balkanlar, Avrupa kazanm\u0131\u015ft\u0131r.<\/strong> Bug\u00fcn, demokrasi kadar, \u00f6zg\u00fcrl\u00fck kadar, bar\u0131\u015f, adalet, istikrar kazanm\u0131\u015ft\u0131r.\u201d<\/p>\n<p style=\"text-align: justify;\">\u0130lk bak\u0131\u015fta ilgisiz gibi duran bu denklem, AKP\u2019nin varl\u0131k nedeniyle do\u011frudan ilgilidir. Bu denklem, <strong>Recep Tayyip Erdo\u011fan<\/strong>\u2019\u0131n ABD\u2019nin B\u00fcy\u00fck Ortado\u011fu Projesi\u2019nin e\u015fba\u015fkan\u0131 olmas\u0131n\u0131n gere\u011fidir.<\/p>\n<p style=\"text-align: justify;\"><strong>T\u00fcrkiye Cumhuriyeti Ba\u015fbakan\u0131 ayn\u0131 zamanda BOP e\u015fba\u015fkan\u0131 olursa, do\u011fal olarak kazand\u0131\u011f\u0131 se\u00e7im nedeniyle \u015eam da kazanm\u0131\u015f olur!<\/strong><\/p>\n<p style=\"text-align: justify;\">ABD\u2019nin Suriye\u2019yi par\u00e7alama plan\u0131nda g\u00f6rev alacak muhalefete Antalya\u2019da evsahipli\u011fi yapan bir parti i\u00e7in, <strong>se\u00e7imleri elbette \u015eam kazanm\u0131\u015f olur<\/strong>! \u201cABD\u2019nin BOP\u2019u i\u00e7inde Diyarbak\u0131r\u2019\u0131 bir merkez yapaca\u011f\u0131z\u201d diye 7 y\u0131l \u00f6nce taahh\u00fctte bulunan bir Ba\u015fbakan i\u00e7in, <strong>se\u00e7imleri elbette Diyarbak\u0131r-Gazze ekseni kazanm\u0131\u015f olur<\/strong>! (Diyarbak\u0131r ile Gazze\u2019yi e\u015fitlemenin siyaseten T\u00fcrkiye\u2019yi i\u00e7ine sokaca\u011f\u0131 s\u0131k\u0131nt\u0131, ba\u015fl\u0131 ba\u015f\u0131na bir yaz\u0131 konusudur).<\/p>\n<p style=\"text-align: justify;\">K\u0131sacas\u0131, se\u00e7imleri \u201cy\u00fczy\u0131ll\u0131k hesapla\u015fma\u201d olarak de\u011ferlendiren <strong>AKP, se\u00e7im ba\u015far\u0131s\u0131n\u0131 da ABD\u2019nin BOP\u2019unun bir aya\u011f\u0131 olan yeni-Osmanl\u0131c\u0131l\u0131k i\u00e7inde tan\u0131mlam\u0131\u015ft\u0131r!<\/strong><\/p>\n<p style=\"text-align: justify;\"><strong>\u201cYEN\u0130 ANAYASA\u201d \u0130TT\u0130FAKI<\/strong><\/p>\n<p style=\"text-align: justify;\">Se\u00e7imler, \u00fc\u00e7 partili bir TBMM\u2019nin, AKP ne denli y\u00fcksek oranda oy al\u0131rsa als\u0131n, tek ba\u015f\u0131na anayasa de\u011fi\u015ftirecek 367 milletvekili say\u0131s\u0131na ula\u015famayaca\u011f\u0131 ger\u00e7e\u011fini somut olarak g\u00f6sterdi. AKP a\u00e7\u0131s\u0131ndan TBMM\u2019yi MHP\u2019siz \u015fekillendirmek, bu nedenle \u00e7ok \u00f6nemliydi. Se\u00e7im s\u00fcreci boyunca AKP\u2019nin \u201cK\u00fcrt A\u00e7\u0131l\u0131m\u0131\u201dn\u0131 sanki ba\u015fka parti yapm\u0131\u015f gibi y\u00fcksek perdeli milliyet\u00e7i bir g\u00f6r\u00fcnt\u00fc verme gayreti, bu hesab\u0131n gere\u011fiydi.<\/p>\n<p style=\"text-align: justify;\"><strong>Ba\u015fbakan Erdo\u011fan<\/strong>, \u201cbalkon konu\u015fmas\u0131nda\u201d bunun se\u00e7im gere\u011fi oldu\u011funu, yeniden eski s\u00f6zlerine d\u00f6nerek ortaya koydu!<\/p>\n<p style=\"text-align: justify;\"><strong>Erdo\u011fan, y\u00fczde 50 oya ra\u011fmen d\u00fc\u015fen ve 326 olan milletvekili say\u0131s\u0131yla art\u0131k yeni Anayasa konusunda do\u011fal m\u00fcttefiki olan BDP\u2019ye yeniden d\u00f6nmek durumunda<\/strong>. <strong>Se\u00e7im s\u00fcrecinde \u201cBen olsam Apo\u2019yu asard\u0131m\u201d diyen Erdo\u011fan\u2019\u0131n balkon konu\u015fmas\u0131nda, \u201ckalbini k\u0131rd\u0131\u011f\u0131m herkesten helallik istiyorum\u201d demesine bakal\u0131m BDP nas\u0131l tepki verecek?<\/strong><\/p>\n<p style=\"text-align: justify;\">AKP ve BDP aras\u0131ndaki do\u011fal \u201cyeni Anayasa\u201d m\u00fcttefikli\u011fi, her iki partinin milletvekili say\u0131s\u0131n\u0131n 361\u2019de kalmas\u0131 nedeniyle say\u0131sal olarak m\u00fcmk\u00fcn de\u011fil. Ancak say\u0131sal olarak m\u00fcmk\u00fcn olsa da CHP\u2019siz, siyaseten yine de m\u00fcmk\u00fcn de\u011fildir.<\/p>\n<p style=\"text-align: justify;\">Daha \u00f6nce \u00e7ok vurgulad\u0131\u011f\u0131m\u0131z i\u00e7in k\u0131saca de\u011finelim: <strong>CHP, bu \u00fclkenin kurucu partisidir. Onun mazbatas\u0131, imzas\u0131, onay\u0131 olmadan rejim de\u011fi\u015fikli\u011fi yap\u0131lmas\u0131 m\u00fcmk\u00fcn de\u011fildir<\/strong>. AKP\u2019nin g\u00fcc\u00fc \u00fcniter yap\u0131y\u0131 de\u011fi\u015ftirmeye yetmez. \u201c<strong>Ba\u015fkanl\u0131k Sistemi<\/strong>\u201d gibi, \u201c<strong>Federal Anayasa<\/strong>\u201d gibi de\u011fi\u015fikliler ve \u201c<strong>\u00d6zerklik<\/strong>\u201d sonras\u0131 \u201c<strong>federatif bir T\u00fcrkiye<\/strong>\u201d i\u00e7in CHP onay\u0131 \u015fartt\u0131r, \u201c<strong>\u0130stanbul ve Diyarbak\u0131r ba\u015fkentli T\u00fcrk-K\u00fcrt Federe Devleti<\/strong>\u201d i\u00e7in CHP\u2019nin imzas\u0131 \u015fartt\u0131r.<\/p>\n<p style=\"text-align: justify;\">\u0130\u015fte \u201cyeni CHP\u201d bu ger\u00e7e\u011fin bir sonucudur!<\/p>\n<p style=\"text-align: justify;\">Bu bak\u0131mdan se\u00e7imleri CHP d\u00fczleminde de incelememiz gerekmektedir:<\/p>\n<p style=\"text-align: justify;\"><strong>CHP KAYBETT\u0130, YEN\u0130 CHP KAZANDI<\/strong><\/p>\n<p style=\"text-align: justify;\">CHP her ne kadar 2007 Genel Se\u00e7imleri\u2019ne g\u00f6re hem oy oran\u0131n\u0131 hem de milletvekili say\u0131s\u0131n\u0131 art\u0131rd\u0131ysa da, <strong>K\u0131l\u0131\u00e7daro\u011flu<\/strong> ve yeni ekibinin ortaya koydu\u011fu hedefler bak\u0131m\u0131ndan kesinlikle ba\u015far\u0131s\u0131zd\u0131r.<\/p>\n<p style=\"text-align: justify;\"><strong>K\u0131l\u0131\u00e7daro\u011flu<\/strong>, bir k\u0131sm\u0131 CHP\u2019ye yabanc\u0131 olan yeni ekibiyle birlikte in\u015fa etti\u011fi yeni partinin iktidar olabilmesinin form\u00fcl\u00fcn\u00fc \u201c<strong>2D\u2019ye kar\u015f\u0131 2Y<\/strong>\u201d olarak belirlemi\u015fti. <strong>K\u0131l\u0131\u00e7daro\u011flu<\/strong> CHP\u2019ye Genel Ba\u015fkan olduktan sonra yapt\u0131\u011f\u0131m\u0131z analizlerde, bu form\u00fcl\u00fcn ba\u015far\u0131l\u0131 olmayaca\u011f\u0131n\u0131 \u0131srarla vurgulam\u0131\u015ft\u0131k. G\u00fcya \u201cyeni CHP\u201d AKP\u2019yi, 2D\u2019ye yani \u201cDin ve Darbe\u201d kart\u0131na kar\u015f\u0131 2Y ile yani \u201cYolsuzluk ve Yoksulluk\u201d silah\u0131yla vuracakt\u0131. <strong>K\u0131l\u0131\u00e7daro\u011flu Erdo\u011fan\u2019\u0131n elinden din ve darbe silah\u0131n\u0131 alacakt\u0131!<\/strong><\/p>\n<p style=\"text-align: justify;\"><strong>K\u0131l\u0131\u00e7daro\u011flu<\/strong>\u2019nun yeni CHP\u2019si bu form\u00fcle uygun olarak AKP\u2019nin elinden \u201cdin\u201di almak i\u00e7in Cumhuriyet\u2019i tahrip eden \u015fu tavizleri verdi:<\/p>\n<p style=\"text-align: justify;\"><strong>K\u0131l\u0131\u00e7daro\u011flu<\/strong> 2007 y\u0131l\u0131ndan beri g\u00fcndemde olmayan t\u00fcrban konusunu eline ald\u0131 ve \u00fcniversitelerde serbest olmas\u0131n\u0131n yolunu a\u00e7t\u0131. <strong>K\u0131l\u0131\u00e7daro\u011flu<\/strong>\u2019nun CHP\u2019nin \u00e7ekincesini geri \u00e7ekti\u011fini ifade etmesi, Y\u00d6K\u2019\u00fcn Anayasa Mahkemesi kararlar\u0131n\u0131 hi\u00e7e sayarak bir genelge yay\u0131mlamas\u0131na ve <strong>t\u00fcrban\u0131 \u00fcniversitelere sokmas\u0131na neden oldu<\/strong>. Bunu f\u0131rsat bilen \u00e7e\u015fitli tarikat ve cemaatler, t\u00fcrban\u0131 ilk\u00f6\u011fretim okullar\u0131na kadar soktu.<\/p>\n<p style=\"text-align: justify;\">T\u00fcrban kart\u0131n\u0131 bu hamleyle AKP\u2019nin elinden ald\u0131\u011f\u0131n\u0131 sanan <strong>K\u0131l\u0131\u00e7daro\u011flu<\/strong>, hemen ard\u0131ndan \u201c<strong>cemaatlere sayg\u0131l\u0131y\u0131m<\/strong>\u201d dedi, \u201c<strong>laiklik tehlikede de\u011fil<\/strong>\u201d beyanatlar\u0131 verdi. <strong>K\u0131l\u0131\u00e7daro\u011flu<\/strong>\u2019nun bu \u00e7\u0131k\u0131\u015f\u0131, se\u00e7im d\u00f6neminde cemaat ba\u011flant\u0131l\u0131 kimi yeni CHP\u2019lilerce \u201ctekke ve zaviyelerin kapat\u0131lmas\u0131 yanl\u0131\u015ft\u0131\u201d gibi Kemalist Devrim\u2019e en sert y\u00f6nelen hamlelere d\u00f6n\u00fc\u015ft\u00fc.<\/p>\n<p style=\"text-align: justify;\">AKP\u2019nin s\u00f6zde \u201cdin\u201d kart\u0131na darbe vuran CHP, ard\u0131ndan \u201cdarbe\u201d konusuna y\u00f6neldi. <strong>27 May\u0131s\u2019\u0131n yanl\u0131\u015f oldu\u011funu s\u00f6yleyerek<\/strong> bu alandaki a\u00e7\u0131l\u0131mlar\u0131na soyunan <strong>K\u0131l\u0131\u00e7daro\u011flu<\/strong>, CHP\u2019nin 2007 y\u0131l\u0131nda destekledi\u011fi <strong>27 Nisan\u2019\u0131 da ele\u015ftirdi<\/strong>. (\u00d6yle ki, <strong>Ba\u015fbakan Erdo\u011fan<\/strong> bile bunu f\u0131rsata \u00e7evirip se\u00e7im d\u00f6neminde \u201c<strong>27 Nisan muht\u0131ra de\u011fildi<\/strong>\u201d a\u00e7\u0131klamas\u0131 yapt\u0131). Yetinmeyen <strong>K\u0131l\u0131\u00e7daro\u011flu<\/strong> <strong>35. maddeyi kald\u0131racaklar\u0131n\u0131<\/strong>, <strong>profesyonel askerli\u011fe ge\u00e7eceklerini, bedelli askerlik getireceklerini, askerli\u011fi 6 aya indireceklerini, \u00fcniversite \u00f6\u011frencilerine yazlar\u0131 staj kabilinde askerlik yapt\u0131racaklar\u0131n\u0131 s\u00f6yledi\u2026<\/strong> \u00d6n\u00fcne AKP\u2019nin \u201cdarbe kar\u015f\u0131tl\u0131\u011f\u0131\u201d kart\u0131n\u0131 almay\u0131 hedef koyan yeni <strong>CHP, bu a\u00e7\u0131l\u0131mlarla militarizm kar\u015f\u0131t\u0131 bir parti yerine asker kar\u015f\u0131t\u0131 bir partiye d\u00f6n\u00fc\u015fm\u00fc\u015f oldu.<\/strong> Bunu se\u00e7ime tahvil etmeye soyunan <strong>AKP de, taktik olarak, CHP\u2019ye kar\u015f\u0131 TSK savunuculu\u011funa soyundu<\/strong>. (\u0130lgin\u00e7tir, askeri her konuya itiraz eden <strong>K\u0131l\u0131\u00e7daro\u011flu<\/strong>, TSK\u2019n\u0131n Libya\u2019ya g\u00f6nderilmesine ise TBMM\u2019de a\u00e7\u0131k destek verdi).<\/p>\n<p style=\"text-align: justify;\">Bu iki a\u00e7\u0131l\u0131m\u0131n k\u0131smen s\u0131nanaca\u011f\u0131 ilk \u00e7arp\u0131\u015fma 12 Eyl\u00fcl halk oylamas\u0131yd\u0131. Ancak orada da <strong>K\u0131l\u00e7daro\u011flu<\/strong> \u201c<strong>genel af<\/strong>\u201d <strong>diyerek \u201chay\u0131r\u201d cephesinde yer alan MHP se\u00e7menlerini kaybetti.<\/strong><\/p>\n<p style=\"text-align: justify;\">12 Haziran Genel Se\u00e7im s\u00fcreci ise \u201cyeni CHP\u201dnin misyonunu daha da somut ortaya koymas\u0131na d\u00f6n\u00fc\u015ft\u00fc: <strong>Dersim\u2019i tart\u0131\u015fmaya a\u00e7arak se\u00e7im s\u00fcrecini ba\u015flatan ve AKP\u2019ye \u0130n\u00f6n\u00fc \u00fczerinden Cumhuriyet\u2019e sald\u0131rma imk\u00e2n\u0131 sunan yeni CHP, son ad\u0131m olarak da \u201c\u00f6zerklik\u201d dedi! <\/strong><\/p>\n<p style=\"text-align: justify;\">CHP\u2019nin, d\u0131\u015f ve i\u00e7 cephede yarat\u0131lan r\u00fczg\u00e2ra ra\u011fmen \u201canlaml\u0131 oy art\u0131\u015f\u0131\u201d sa\u011flayamamas\u0131, i\u015fte de\u011fi\u015fim yerine d\u00f6n\u00fc\u015f\u00fcm hatta ba\u015fkala\u015f\u0131m ya\u015famas\u0131n\u0131n sonucudur!<\/p>\n<p style=\"text-align: justify;\">Not: Bir sonraki se\u00e7im analizimizde, Ergenekon s\u00fcrecinin ve ma\u011fduriyet meselesinin se\u00e7imlere etkisini i\u015fleyece\u011fiz\u2026<\/p>\n<p style=\"text-align: justify;\"><a href=\"http:\/\/www.odatv.com\/n.php?n=secimi-akp-bdp-chp-ittifaki-kazandi-1306111200\" target=\"_blank\">Kaynak : Mehmet Ali G\u00fcller &#8211; Odatv.com<\/a><\/p>\n","protected":false},"excerpt":{"rendered":"<p style=\"text-align: center;\">\n<p style=\"text-align: justify;\">12 Haziran 2011 Genel Se\u00e7imleri i\u00e7in pek \u00e7ok sonu\u00e7 dile getirilebilir. Ama biz T\u00fcrkiye\u2019yi i\u00e7ine sokaca\u011f\u0131 zorluklardan hareketle, bu ilk incelememizde, iki \u00f6nemli sonu\u00e7 \u00fczerinde duraca\u011f\u0131z:<\/p>\n<p style=\"text-align: justify;\">1.) D\u0131\u015f politika a\u00e7\u0131s\u0131ndan; Ba\u015fbakan Erdo\u011fan \u201cBalkon konu\u015fmas\u0131nda\u201d yapt\u0131\u011f\u0131 de\u011ferlendirmede \u201cAnkara kazand\u0131, \u015eam kazand\u0131\u201d dedi.<\/p>\n<p style=\"text-align: justify;\">2.) \u0130\u00e7 politika a\u00e7\u0131s\u0131ndan; AKP-CHP-BDP <\/p>\n","protected":false},"author":1,"featured_media":0,"comment_status":"open","ping_status":"closed","sticky":false,"template":"","format":"standard","meta":{"footnotes":""},"categories":[105],"tags":[],"class_list":["post-34394","post","type-post","status-publish","format-standard","hentry","category-gundem","odd"],"_links":{"self":[{"href":"http:\/\/www.korhanyilmaz.com\/index.php?rest_route=\/wp\/v2\/posts\/34394","targetHints":{"allow":["GET"]}}],"collection":[{"href":"http:\/\/www.korhanyilmaz.com\/index.php?rest_route=\/wp\/v2\/posts"}],"about":[{"href":"http:\/\/www.korhanyilmaz.com\/index.php?rest_route=\/wp\/v2\/types\/post"}],"author":[{"embeddable":true,"href":"http:\/\/www.korhanyilmaz.com\/index.php?rest_route=\/wp\/v2\/users\/1"}],"replies":[{"embeddable":true,"href":"http:\/\/www.korhanyilmaz.com\/index.php?rest_route=%2Fwp%2Fv2%2Fcomments&post=34394"}],"version-history":[{"count":0,"href":"http:\/\/www.korhanyilmaz.com\/index.php?rest_route=\/wp\/v2\/posts\/34394\/revisions"}],"wp:attachment":[{"href":"http:\/\/www.korhanyilmaz.com\/index.php?rest_route=%2Fwp%2Fv2%2Fmedia&parent=34394"}],"wp:term":[{"taxonomy":"category","embeddable":true,"href":"http:\/\/www.korhanyilmaz.com\/index.php?rest_route=%2Fwp%2Fv2%2Fcategories&post=34394"},{"taxonomy":"post_tag","embeddable":true,"href":"http:\/\/www.korhanyilmaz.com\/index.php?rest_route=%2Fwp%2Fv2%2Ftags&post=34394"}],"curies":[{"name":"wp","href":"https:\/\/api.w.org\/{rel}","templated":true}]}}