{"id":34386,"date":"2011-06-11T08:10:09","date_gmt":"2011-06-11T05:10:09","guid":{"rendered":"http:\/\/www.korhanyilmaz.com\/?p=34386"},"modified":"2011-07-11T00:21:19","modified_gmt":"2011-07-10T21:21:19","slug":"metroseksuel-akpliler","status":"publish","type":"post","link":"http:\/\/www.korhanyilmaz.com\/?p=34386","title":{"rendered":"Metroseks\u00fcel AKP&#8217;liler"},"content":{"rendered":"<div id=\"attachment_34387\" style=\"width: 101px\" class=\"wp-caption alignright\"><img loading=\"lazy\" decoding=\"async\" aria-describedby=\"caption-attachment-34387\" class=\"size-full wp-image-34387\" title=\"Safile Usul - GAZETEPORT\" src=\"http:\/\/www.korhanyilmaz.com\/wp-content\/uploads\/2011\/06\/003.jpg\" alt=\"\" width=\"91\" height=\"124\" \/><p id=\"caption-attachment-34387\" class=\"wp-caption-text\">Safile Usul<\/p><\/div>\n<p style=\"text-align: justify;\">Ben \u0130stanbul\u2019da herg\u00fcn en az 2 saat yol yap\u0131yor dolay\u0131s\u0131yla bir s\u00fcr\u00fc yoldan, yerden ge\u00e7iyor\u2026<\/p>\n<p style=\"text-align: justify;\">Se\u00e7im nedeniyle \u015fu s\u0131ralar bir s\u00fcr\u00fc de parti afi\u015fi g\u00f6r\u00fcyorum.<\/p>\n<p style=\"text-align: justify;\">\u00c7ok say\u0131da da AKP\u2019li aday afi\u015fi g\u00f6rd\u00fcm ve art\u0131k \u015funu rahatl\u0131kla s\u00f6yleyebilecek kadar g\u00f6zlem yapt\u0131m ki\u2026<\/p>\n<p style=\"text-align: justify;\">AKP adaylar\u0131n\u0131n \u00e7o\u011fu metroseks\u00fcel denen erkek tipinden.<\/p>\n<p style=\"text-align: justify;\">Yani\u2026<\/p>\n<p style=\"text-align: justify;\">Kendine \u00e7ok bakan, s\u00fcsl\u00fc, parlak\u2026 <!--more--><\/p>\n<p style=\"text-align: justify;\">Y\u00fcz\u00fcn\u00fc, cildini, sa\u00e7\u0131n\u0131 bin t\u00fcrl\u00fc bak\u0131mdan ge\u00e7irdi\u011fi belli olan\u2026<\/p>\n<p style=\"text-align: justify;\">Kendine, markaya, kuma\u015fa \u00f6nem veren\u2026<\/p>\n<p style=\"text-align: justify;\">Y\u00fcz ifadesi yumu\u015fak\u2026<\/p>\n<p style=\"text-align: justify;\">Ya\u015fam\u0131, zenginli\u011fi, rahatl\u0131\u011f\u0131 \u00e7ok seven ve egosu vurgulu\u2026<\/p>\n<p style=\"text-align: justify;\">Bol parf\u00fcml\u00fc ve sa\u00e7 boyal\u0131 izlenimi veren\u2026<\/p>\n<p style=\"text-align: justify;\">Ki, bence b\u0131y\u0131klar\u0131na da \u00f6zel bir bak\u0131m yap\u0131yorlar, \u00f6yle g\u00f6r\u00fcn\u00fcyor.<\/p>\n<p style=\"text-align: justify;\">B\u0131y\u0131k bak\u0131m\u0131 nas\u0131l yap\u0131l\u0131r bilmiyorum ama b\u0131y\u0131klar iyice \u015fekillendirildikten ve inceltildikten sonra belki badem ya\u011f\u0131 s\u00fcr\u00fclm\u00fc\u015f olabilir, \u00e7\u00fcnk\u00fc \u00e7ok parl\u0131yorlar.<\/p>\n<p style=\"text-align: justify;\">\u201cKaytan b\u0131y\u0131kl\u0131\u201d de\u011fil bu dedi\u011fim.<\/p>\n<p style=\"text-align: justify;\">\u00c7\u00fcnk\u00fc kaytan b\u0131y\u0131k daha ziyade muhafazakar ya\u015fam \u00f6l\u00e7\u00fclerine denk d\u00fc\u015febilir.<\/p>\n<p style=\"text-align: justify;\">Bunlardaki ise, inceltilmi\u015f, narinle\u015ftirilmi\u015f ve badem ya\u011flanm\u0131\u015f, h\u00fclasas\u0131 metroseks\u00fcel \u00e7izgilerde.<\/p>\n<p style=\"text-align: justify;\">Sonu\u00e7 olarak \u015funu s\u00f6yleyebilirim ki, AKP erkekleri metroseks\u00fcel \u00e7izgilerde.<\/p>\n<p style=\"text-align: justify;\">Ya\u015fama da hayli d\u00fc\u015fk\u00fcnler.<\/p>\n<p style=\"text-align: justify;\">Muhafazakarl\u0131\u011f\u0131n izlerini pek ta\u015f\u0131m\u0131yorlar.<\/p>\n<p style=\"text-align: justify;\">Muhafazakarl\u0131k zaten evrensel bir tutum olarak toprak ve k\u00f6y k\u00f6kenlili\u011fin oturmu\u015flu\u011funa tekab\u00fcl eder ki\u2026<\/p>\n<p style=\"text-align: justify;\">Muhafazakar erkekler b\u0131y\u0131klar\u0131n\u0131 metroseks\u00fcelle\u015ftirmezler pek, ki, bu dedi\u011fim ayn\u0131yla Avrupa i\u00e7in de ge\u00e7erlidir.<\/p>\n<p style=\"text-align: justify;\">Bu nedenle de, metroseks\u00fcel erkek tipi Avrupa\u2019da muhafazakar de\u011fil, pop\u00fclist siyasi hareketlerde g\u00f6r\u00fcl\u00fcr.<\/p>\n<p style=\"text-align: justify;\">Mesela, Frans\u0131z Sarko\u2019nun partisi, Avusturyal\u0131 J\u00f6rg Haider\u2019in partisi\u2026<\/p>\n<p style=\"text-align: justify;\">Ki, ben onlar i\u00e7in, \u201cSonny boy\u201d kavram\u0131n\u0131 kullan\u0131r\u0131m.<\/p>\n<p style=\"text-align: justify;\">\u201cParlak \u00e7ocuklar\u201d derim yani.<\/p>\n<p style=\"text-align: justify;\">\u015eekerim ayn\u0131 fenomeni AKP\u2019de de g\u00f6r\u00fcyorum i\u015fte.<\/p>\n<p style=\"text-align: justify;\">Ben asl\u0131nda \u00e7ok liberal birisi olarak insanlara hi\u00e7 kar\u0131\u015fmam.<\/p>\n<p style=\"text-align: justify;\">Da\u2026<\/p>\n<p style=\"text-align: justify;\">Siyasi \u00e7izgilerin muhtevas\u0131na \u00e7ok dikkat eder ve kolay g\u00f6r\u00fcr\u00fcm.<\/p>\n<p style=\"text-align: justify;\">Bir de bir \u015fey daha.<\/p>\n<p style=\"text-align: justify;\">Bu kadar metroseks\u00fcel, bu kadar ya\u015fam\u0131 seven, bu kadar beden bak\u0131m\u0131na ve inceli\u011fe merakl\u0131 erkekler buna muadil kad\u0131n da ister \u015fekerim.<\/p>\n<p style=\"text-align: justify;\">\u0130\u015fte bu da sorun yaratabilir kolayca.<\/p>\n<p style=\"text-align: justify;\">Bir yandan partinin resmi (yani g\u00f6r\u00fcn\u00fcr) politikas\u0131na uygun davranmak zorunda kal\u0131rken, bir yandan da b\u0131y\u0131klar\u0131ndan metroseks\u00fcel patlamalar f\u0131\u015fk\u0131r\u0131r.<\/p>\n<p style=\"text-align: justify;\">\u00dcstelik de sizinle ya\u015fayan kad\u0131nca\u011f\u0131zlar da \u00e7ok mutsuz olur.<\/p>\n<p style=\"text-align: justify;\">\u00c7\u00fcnk\u00fc adam\u0131n akl\u0131 ve b\u0131y\u0131\u011f\u0131 metroseks\u00fcel patlamada, ama yan\u0131ndaki kad\u0131n\u0131n metroseks\u00fcel patlama bulvar\u0131nda rekabet donan\u0131m\u0131 yok.<\/p>\n<p style=\"text-align: justify;\">Oldu mu ya \u015fimdi?<\/p>\n<p style=\"text-align: justify;\"><strong>AKLINIZA BA\u015eKA SORU GELMED\u0130 M\u0130?<\/strong><\/p>\n<p style=\"text-align: justify;\">Nagehan Al\u00e7\u0131 ve Nazl\u0131 Il\u0131cak han\u0131mlar K\u0131l\u0131\u00e7daro\u011flu\u2019nun kad\u0131n sorunlar\u0131 toplant\u0131s\u0131na gitmi\u015fler ve\u2026<\/p>\n<p style=\"text-align: justify;\">Ak\u0131llar\u0131na K\u0131l\u0131\u00e7daro\u011flu\u2019na soracak soru olarak gele gele, \u201cT\u00fcrban\u0131 kamuda serbest b\u0131rakacak m\u0131s\u0131n\u0131z?\u201d sorusu gelmi\u015f.<\/p>\n<p style=\"text-align: justify;\">\u015eekerlerim, siz s\u00fcr\u00fcp s\u00fcr\u00fc\u015ft\u00fcr\u00fcp, tak\u0131p tak\u0131\u015ft\u0131r\u0131p, rengarenk, \u00e7i\u00e7ek bah\u00e7esi gibi geziyorsunuz da\u2026<\/p>\n<p style=\"text-align: justify;\">Konu T\u00fcrkiye\u2019deki kad\u0131nlar\u0131n sorunlar\u0131 olunca gele gele akl\u0131n\u0131za t\u00fcrban m\u0131 geliyor.<\/p>\n<p style=\"text-align: justify;\">Ay, yaz\u0131k de\u011fil mi \u015fekerlerim di\u011fer kad\u0131nlara?<\/p>\n<p style=\"text-align: justify;\">K\u0131l\u0131\u00e7daro\u011flu\u2019na sorabilece\u011finiz bin tane kad\u0131n sorusu dururken, kad\u0131nca\u011f\u0131zlar\u0131n kafas\u0131ndaki t\u00fcrban\u0131 daha da s\u0131k\u0131la\u015ft\u0131rmak m\u0131 sizin kad\u0131n sorunlar\u0131 gazetecili\u011finiz?<\/p>\n<p style=\"text-align: justify;\">Hem sonra, \u015f\u00f6yle Ankara\u2019daki psikiyatri kliniklerini ve terapi merkezlerini bir dola\u015f\u0131n bakal\u0131m.<\/p>\n<p style=\"text-align: justify;\">AKP\u2019lilerin e\u015fleri ne durumda?<\/p>\n<p style=\"text-align: justify;\">Acaba istedikleri daha fazla t\u00fcrban m\u0131, yoksa ferah bir sosyal iklim, ferah bir cinsiyet politikas\u0131 m\u0131?<\/p>\n<p style=\"text-align: justify;\">Hadi, tak\u0131n tak\u0131\u015ft\u0131r\u0131n, s\u00fcr\u00fcn s\u00fcr\u00fc\u015ft\u00fcr\u00fcn, bir Ankara terapi merkezleri turu yap\u0131n.<\/p>\n<p style=\"text-align: justify;\">Hadi, g\u00f6zlerinizle g\u00f6r\u00fcn o kad\u0131nlar\u0131n derin ruhlar\u0131ndaki Atat\u00fcrk ihtiyac\u0131n\u0131 ve sevgisini.<\/p>\n<p style=\"text-align: justify;\">Hadi, bol makyajl\u0131 gidin.<\/p>\n<p style=\"text-align: justify;\">Elbiseleriniz de \u201cRoman\u201d olsun.<\/p>\n<p style=\"text-align: justify;\"><a href=\"http:\/\/www.gazeteport.com.tr\/yazar\/12\/safile_usul\/982\/metroseksuel_akpliler\" target=\"_blank\">Kaynak : Safile Usul &#8211; GAZETEPORT<\/a><\/p>\n","protected":false},"excerpt":{"rendered":"<p id=\"caption-attachment-34387\" class=\"wp-caption-text\">Safile Usul<\/p>\n<p style=\"text-align: justify;\">Ben \u0130stanbul\u2019da herg\u00fcn en az 2 saat yol yap\u0131yor dolay\u0131s\u0131yla bir s\u00fcr\u00fc yoldan, yerden ge\u00e7iyor\u2026<\/p>\n<p style=\"text-align: justify;\">Se\u00e7im nedeniyle \u015fu s\u0131ralar bir s\u00fcr\u00fc de parti afi\u015fi g\u00f6r\u00fcyorum.<\/p>\n<p style=\"text-align: justify;\">\u00c7ok say\u0131da da AKP\u2019li aday afi\u015fi g\u00f6rd\u00fcm ve art\u0131k \u015funu rahatl\u0131kla s\u00f6yleyebilecek kadar g\u00f6zlem yapt\u0131m ki\u2026<\/p>\n<p style=\"text-align: justify;\">AKP adaylar\u0131n\u0131n <\/p>\n","protected":false},"author":1,"featured_media":0,"comment_status":"open","ping_status":"closed","sticky":false,"template":"","format":"standard","meta":{"footnotes":""},"categories":[16],"tags":[40],"class_list":["post-34386","post","type-post","status-publish","format-standard","hentry","category-kose-yazilari","tag-safile-usul","odd"],"_links":{"self":[{"href":"http:\/\/www.korhanyilmaz.com\/index.php?rest_route=\/wp\/v2\/posts\/34386","targetHints":{"allow":["GET"]}}],"collection":[{"href":"http:\/\/www.korhanyilmaz.com\/index.php?rest_route=\/wp\/v2\/posts"}],"about":[{"href":"http:\/\/www.korhanyilmaz.com\/index.php?rest_route=\/wp\/v2\/types\/post"}],"author":[{"embeddable":true,"href":"http:\/\/www.korhanyilmaz.com\/index.php?rest_route=\/wp\/v2\/users\/1"}],"replies":[{"embeddable":true,"href":"http:\/\/www.korhanyilmaz.com\/index.php?rest_route=%2Fwp%2Fv2%2Fcomments&post=34386"}],"version-history":[{"count":0,"href":"http:\/\/www.korhanyilmaz.com\/index.php?rest_route=\/wp\/v2\/posts\/34386\/revisions"}],"wp:attachment":[{"href":"http:\/\/www.korhanyilmaz.com\/index.php?rest_route=%2Fwp%2Fv2%2Fmedia&parent=34386"}],"wp:term":[{"taxonomy":"category","embeddable":true,"href":"http:\/\/www.korhanyilmaz.com\/index.php?rest_route=%2Fwp%2Fv2%2Fcategories&post=34386"},{"taxonomy":"post_tag","embeddable":true,"href":"http:\/\/www.korhanyilmaz.com\/index.php?rest_route=%2Fwp%2Fv2%2Ftags&post=34386"}],"curies":[{"name":"wp","href":"https:\/\/api.w.org\/{rel}","templated":true}]}}