{"id":34381,"date":"2011-06-13T13:26:24","date_gmt":"2011-06-13T10:26:24","guid":{"rendered":"http:\/\/www.korhanyilmaz.com\/?p=34381"},"modified":"2011-07-10T22:15:11","modified_gmt":"2011-07-10T19:15:11","slug":"bdpden-sivri-aciklamalar","status":"publish","type":"post","link":"http:\/\/www.korhanyilmaz.com\/?p=34381","title":{"rendered":"BDP&#8217;den &#8216;sivri&#8217; a\u00e7\u0131klamalar&#8230;"},"content":{"rendered":"<p style=\"text-align: center;\"><a href=\"http:\/\/www.korhanyilmaz.com\/wp-content\/uploads\/2011\/06\/0021.jpg\"  class=\"lightview\"><img loading=\"lazy\" decoding=\"async\" class=\"aligncenter size-full wp-image-34382\" src=\"http:\/\/www.korhanyilmaz.com\/wp-content\/uploads\/2011\/06\/0021.jpg\" alt=\"\" width=\"307\" height=\"236\" \/><\/a><\/p>\n<p style=\"text-align: justify;\">Batman&#8217;da, BDP&#8217;nin destekledi\u011fi milletvekili adaylar\u0131ndan Ayla Akat Ata ve Bengi Y\u0131ld\u0131z yeniden milletvekili se\u00e7ildi. Y\u0131ld\u0131z, se\u00e7im lokalinde yapt\u0131\u011f\u0131 konu\u015fmada, &#8220;Bizi desteklemek Abdullah \u00d6calan&#8217;\u0131 desteklemektir, da\u011fdaki yolda\u015flar\u0131m\u0131z\u0131 desteklemektir&#8221; dedi. <!--more--><\/p>\n<p style=\"text-align: justify;\">Batman&#8217;da, BDP&#8217;nin ba\u011f\u0131ms\u0131z olarak destekledi\u011fi Ayla Akat Ata ve Bengi Y\u0131ld\u0131z&#8217;\u0131n yeniden milletvekili se\u00e7ilmesi \u00fczerine se\u00e7im lokalinde d\u00fcn gece ge\u00e7 saatlerde havai fi\u015fekli kutlama yap\u0131ld\u0131.<\/p>\n<p style=\"text-align: justify;\">Burada se\u00e7menlerine seslenen Bengi Y\u0131ld\u0131z, y\u00fczde 51.84 oran\u0131yla partilerinin oylar\u0131n\u0131 113 bine \u00e7\u0131kararak neredeyse oylar\u0131n\u0131 ikiye katlad\u0131klar\u0131n\u0131 s\u00f6yledi.<\/p>\n<p style=\"text-align: justify;\">Daha \u00f6nce 35 \u00fczerinde milletvekili \u00e7\u0131karacaklar\u0131n\u0131 a\u00e7\u0131klad\u0131\u011f\u0131n\u0131 s\u00f6yleyen Y\u0131ld\u0131z, &#8220;Bu rakam\u0131 da yerel gazetelere vermi\u015ftim. DTK Genel Ba\u015fkan\u0131 say\u0131n Ahmet T\u00fcrk ile tak\u0131m elbise iddias\u0131na girmi\u015ftim ve bu iddiay\u0131 kazand\u0131m. Bu se\u00e7imden zaferle \u00e7\u0131kt\u0131m. T\u00fcrkiye&#8217;yi y\u00f6netenlere bu halk mesaj vermi\u015ftir. Bar\u0131\u015f\u00e7\u0131l bir anayasa ve halk\u0131n \u00f6zlem duydu\u011fu bar\u0131\u015f ortam\u0131na y\u00f6nelik kulland\u0131\u011f\u0131 bu tercihinden \u00f6t\u00fcr\u00fc herkese \u015f\u00fckranlar\u0131m\u0131z\u0131 sunuyoruz&#8221; dedi.<\/p>\n<p style=\"text-align: justify;\"><strong>&#8220;Bizi desteklemek \u00d6calan&#8217;\u0131 desteklemektir&#8221;<\/strong><\/p>\n<p style=\"text-align: justify;\">Bengi Y\u0131ld\u0131z, kendilerinin desteklenmesinin &#8216;\u00f6zg\u00fcrl\u00fck hareketinin&#8217; desteklenmesi demek oldu\u011funu belirterek \u015funlar\u0131 s\u00f6yledi:<\/p>\n<p style=\"text-align: justify;\">&#8220;Bizi desteklemek; Say\u0131n \u00d6calan&#8217;\u0131 desteklemektir. Bizi desteklemek; da\u011fdaki yolda\u015f\u0131m\u0131z\u0131 desteklemektir. Bizi desteklemek zindandaki belediye ba\u015fkanlar\u0131m\u0131z\u0131, arkada\u015flar\u0131m\u0131z\u0131 desteklemektir. Size m\u00fcjdeyi verelim, bu ak\u015famdan itibaren izleyin, T\u00fcrkiye&#8217;nin televizyonu, yazar\u0131-\u00e7izeri &#8216;K\u00fcrdistan&#8217;\u0131 konu\u015facak. Sadece onlar m\u0131, g\u00fcneydeki K\u00fcrt karde\u015flerimiz de sizi konu\u015facak, herkes diyecek ki; &#8216;Oras\u0131 K\u00fcrdistan&#8217;d\u0131r, orada K\u00fcrtler var.&#8217; G\u00f6revinizi yapt\u0131n\u0131z, emanetinizi bizim omuzlara y\u00fcklediniz. \u0130n\u015fallah, Allah&#8217;\u0131n izniyle halk\u0131m\u0131z\u0131n deste\u011fiyle s\u00f6zlere lay\u0131k olmaya \u00e7al\u0131\u015faca\u011f\u0131z. Hi\u00e7bir \u015fey yapmasak bile \u015fu s\u00f6z\u00fc verebilirim, asla bu halka ihanet etmeyece\u011fiz. Bir can\u0131m\u0131z vard\u0131r, s\u00f6z veriyoruz can\u0131m\u0131z pahas\u0131na sizi savunaca\u011f\u0131z.&#8221;<\/p>\n<p style=\"text-align: justify;\">BDP&#8217;nin se\u00e7im lokalinde toplanan se\u00e7menlerine K\u00fcrt\u00e7e, &#8220;Ez kurbana web im (Size kurban olay\u0131m) diye konu\u015fmas\u0131na ba\u015flayan Milletvekili Ayla Akat Ata ise, 6 ya\u015f\u0131ndaki o\u011flu Heval Hakk\u0131 Ata ile tekrar vekil se\u00e7ilmesinin sevincini ya\u015fad\u0131.<\/p>\n<p style=\"text-align: justify;\">Ayla Akat Ata, &#8220;K\u00fcrt sorunu yoktur&#8217; diyenlere bu halk gerekli yan\u0131t\u0131 sand\u0131kta vermi\u015ftir. Meclis&#8217;e 36 vekille gidiyoruz. Bu halk bizi var etti. Onlara ne kadar te\u015fekk\u00fcr etsek azd\u0131r. Bu kitleye s\u00f6ylenebilecek hi\u00e7bir \u015fey yoktur. Herkes g\u00f6revini yapm\u0131\u015ft\u0131r. H\u00fck\u00fcmetin sava\u015f m\u0131, bar\u0131\u015f m\u0131? S\u00f6ylemini merak ediyorum. Biz bu halk\u0131n taleplerini hep dillendirece\u011fiz&#8221; dedi.<\/p>\n<p style=\"text-align: justify;\"><a href=\"http:\/\/www.cnnturk.com\/2011\/turkiye\/06\/13\/bdpden.sivri.aciklamalar\/619917.0\/index.html\" target=\"_blank\">Kaynak : CNN T\u00dcRK<\/a><\/p>\n","protected":false},"excerpt":{"rendered":"<p style=\"text-align: center;\">\n<p style=\"text-align: justify;\">Batman&#8217;da, BDP&#8217;nin destekledi\u011fi milletvekili adaylar\u0131ndan Ayla Akat Ata ve Bengi Y\u0131ld\u0131z yeniden milletvekili se\u00e7ildi. Y\u0131ld\u0131z, se\u00e7im lokalinde yapt\u0131\u011f\u0131 konu\u015fmada, &#8220;Bizi desteklemek Abdullah \u00d6calan&#8217;\u0131 desteklemektir, da\u011fdaki yolda\u015flar\u0131m\u0131z\u0131 desteklemektir&#8221; dedi. <\/p>\n","protected":false},"author":1,"featured_media":0,"comment_status":"open","ping_status":"closed","sticky":false,"template":"","format":"standard","meta":{"footnotes":""},"categories":[105],"tags":[],"class_list":["post-34381","post","type-post","status-publish","format-standard","hentry","category-gundem","odd"],"_links":{"self":[{"href":"http:\/\/www.korhanyilmaz.com\/index.php?rest_route=\/wp\/v2\/posts\/34381","targetHints":{"allow":["GET"]}}],"collection":[{"href":"http:\/\/www.korhanyilmaz.com\/index.php?rest_route=\/wp\/v2\/posts"}],"about":[{"href":"http:\/\/www.korhanyilmaz.com\/index.php?rest_route=\/wp\/v2\/types\/post"}],"author":[{"embeddable":true,"href":"http:\/\/www.korhanyilmaz.com\/index.php?rest_route=\/wp\/v2\/users\/1"}],"replies":[{"embeddable":true,"href":"http:\/\/www.korhanyilmaz.com\/index.php?rest_route=%2Fwp%2Fv2%2Fcomments&post=34381"}],"version-history":[{"count":0,"href":"http:\/\/www.korhanyilmaz.com\/index.php?rest_route=\/wp\/v2\/posts\/34381\/revisions"}],"wp:attachment":[{"href":"http:\/\/www.korhanyilmaz.com\/index.php?rest_route=%2Fwp%2Fv2%2Fmedia&parent=34381"}],"wp:term":[{"taxonomy":"category","embeddable":true,"href":"http:\/\/www.korhanyilmaz.com\/index.php?rest_route=%2Fwp%2Fv2%2Fcategories&post=34381"},{"taxonomy":"post_tag","embeddable":true,"href":"http:\/\/www.korhanyilmaz.com\/index.php?rest_route=%2Fwp%2Fv2%2Ftags&post=34381"}],"curies":[{"name":"wp","href":"https:\/\/api.w.org\/{rel}","templated":true}]}}