{"id":34376,"date":"2011-06-13T12:54:41","date_gmt":"2011-06-13T09:54:41","guid":{"rendered":"http:\/\/www.korhanyilmaz.com\/?p=34376"},"modified":"2011-07-10T22:14:21","modified_gmt":"2011-07-10T19:14:21","slug":"gursel-tekin-dedigini-yapacak-mi","status":"publish","type":"post","link":"http:\/\/www.korhanyilmaz.com\/?p=34376","title":{"rendered":"G\u00fcrsel Tekin dedi\u011fini yapacak m\u0131?"},"content":{"rendered":"<p style=\"text-align: center;\"><a href=\"http:\/\/www.korhanyilmaz.com\/wp-content\/uploads\/2011\/06\/0011.jpg\"  class=\"lightview\"><img loading=\"lazy\" decoding=\"async\" class=\"aligncenter size-full wp-image-34377\" src=\"http:\/\/www.korhanyilmaz.com\/wp-content\/uploads\/2011\/06\/0011.jpg\" alt=\"\" width=\"462\" height=\"210\" \/><\/a><\/p>\n<p style=\"text-align: justify;\">&#8220;Y\u00fczde 30 oy alamazsak istifa ederim&#8221; diyen G\u00fcrsel Tekin bu karar\u0131n\u0131 uygulayacak m\u0131?<\/p>\n<p style=\"text-align: justify;\">CHP&#8217;nin se\u00e7imlerden y\u00fczde 26 oyla \u00e7\u0131kmas\u0131n\u0131n ard\u0131ndan g\u00f6zler, mart ay\u0131nda yapt\u0131\u011f\u0131 a\u00e7\u0131klamada &#8216;y\u00fczde 30&#8217;un&#8217;, 7 \u015eubat&#8217;ta yapt\u0131\u011f\u0131 a\u00e7\u0131klamada ise &#8216;y\u00fczde 40&#8217;\u0131n alt\u0131na d\u00fc\u015ferse istifa ederim&#8217; diyen CHP Genel Ba\u015fkan Yard\u0131mc\u0131s\u0131 G\u00fcrsel Tekin&#8217;e \u00e7evrildi. G\u00fcrsel tekin, mart ay\u0131nda bir TV program\u0131na kat\u0131lm\u0131\u015f ve se\u00e7im iddias\u0131na girmi\u015fti. <!--more--><\/p>\n<p style=\"text-align: justify;\"><strong>&#8216;Y\u00dcZDE 30&#8217;UN ALTINDA KALIRSAM \u0130ST\u0130FA EDER\u0130M&#8217;<\/strong><\/p>\n<p style=\"text-align: justify;\">Rotahaber&#8217;in haberine g\u00f6re, G\u00fcrsel Tekin&#8217;in &#8220;\u0130ddia ediyorum, bu se\u00e7im herkes i\u00e7in s\u00fcrpriz olacak&#8221; dedi ve sunucu ile iddiaya girdi. G\u00fcrsel Tekin&#8217;in &#8220;y\u00fczde 30&#8217;un alt\u0131n\u0131 ba\u015far\u0131s\u0131z sayar\u0131m&#8221; demesi \u00fczerine Tekin&#8217;e &#8220;CHP y\u00fczde 30&#8217;un alt\u0131nda kal\u0131rsa istifa eder misiniz&#8221; diye soruldu. G\u00fcrsel Tekin ise &#8220;gere\u011fini yapar\u0131m neden istifa etmeyeyim&#8221; \u015feklinde cevap verdi.<\/p>\n<p style=\"text-align: justify;\"><strong>&#8220;Y\u00dcZDE 40&#8217;IN ALTINDA KALIRSAK \u0130ST\u0130FA EDER\u0130M&#8221;<\/strong><\/p>\n<p style=\"text-align: justify;\">G\u00fcrsel Tekin&#8217;in bir di\u011fer istifa a\u00e7\u0131klamas\u0131n\u0131 da Samanyoluhaber&#8217;de yapm\u0131\u015ft\u0131. Tekin burada yapt\u0131\u011f\u0131 a\u00e7\u0131klamada ise CHP&#8217;nin y\u00fczde 40&#8217;\u0131n alt\u0131nda kalmas\u0131 halinde istifa edece\u011fini a\u00e7\u0131klam\u0131\u015ft\u0131. Samanyoluhaber TV&#8217;de yay\u0131nlanan Haber Ankara program\u0131na konuk olan CHP Genel Ba\u015fkan Yard\u0131mc\u0131s\u0131 G\u00fcrsel Tekin, Abdullah Abdulkadiro\u011flu&#8217;nun CHP&#8217;nin oy oran\u0131n\u0131 sormas\u0131 \u00fczerine En iyi ara\u015ft\u0131rma benim. Ben vatanda\u015f\u0131n duygular\u0131n\u0131 biliyorum. \u015eu anda y\u00fczde 32-33&#8217;\u00fcn civar\u0131nda 4 ay sonra % 40&#8217;\u0131 uzak g\u00f6rm\u00fcyorum. % 40 olmazsa istifa ederim. Y\u00fckseli\u015fi g\u00f6r\u00fcyorum demi\u015fti.<\/p>\n<p style=\"text-align: justify;\"><strong>\u0130ST\u0130FA EDECEK M\u0130?<\/strong><\/p>\n<p style=\"text-align: justify;\">G\u00fcrsel Tekin&#8217;in iki ayr\u0131 televizyon kanal\u0131nda canl\u0131 yay\u0131nda yapt\u0131\u011f\u0131 bu a\u00e7\u0131klamalar\u0131n ard\u0131ndan g\u00f6zler CHP&#8217;nin alaca\u011f\u0131 oy oran\u0131na \u00e7evrilmi\u015fti. CHP ise d\u00fcn yap\u0131lan se\u00e7imlerde y\u00fczde 25 oy oran\u0131nda kald\u0131. Bu oy oran\u0131n\u0131n ard\u0131ndan g\u00f6zler, G\u00fcrsel tekin&#8217;in milyonlar \u00f6n\u00fcnde verdi\u011fi s\u00f6z\u00fc tutup istifa edip etmeyece\u011fine \u00e7evrildi.<\/p>\n<p style=\"text-align: justify;\"><a href=\"http:\/\/www.gazeteport.com.tr\/haber\/37341\/gursel_tekin_dedigini_yapacak_mi\" target=\"_blank\">Kaynak : GAZETEPORT<\/a><\/p>\n","protected":false},"excerpt":{"rendered":"<p style=\"text-align: center;\">\n<p style=\"text-align: justify;\">&#8220;Y\u00fczde 30 oy alamazsak istifa ederim&#8221; diyen G\u00fcrsel Tekin bu karar\u0131n\u0131 uygulayacak m\u0131?<\/p>\n<p style=\"text-align: justify;\">CHP&#8217;nin se\u00e7imlerden y\u00fczde 26 oyla \u00e7\u0131kmas\u0131n\u0131n ard\u0131ndan g\u00f6zler, mart ay\u0131nda yapt\u0131\u011f\u0131 a\u00e7\u0131klamada &#8216;y\u00fczde 30&#8217;un&#8217;, 7 \u015eubat&#8217;ta yapt\u0131\u011f\u0131 a\u00e7\u0131klamada ise &#8216;y\u00fczde 40&#8217;\u0131n alt\u0131na d\u00fc\u015ferse istifa ederim&#8217; diyen CHP Genel Ba\u015fkan Yard\u0131mc\u0131s\u0131 G\u00fcrsel Tekin&#8217;e \u00e7evrildi. G\u00fcrsel tekin, <\/p>\n","protected":false},"author":1,"featured_media":0,"comment_status":"open","ping_status":"closed","sticky":false,"template":"","format":"standard","meta":{"footnotes":""},"categories":[105],"tags":[],"class_list":["post-34376","post","type-post","status-publish","format-standard","hentry","category-gundem","odd"],"_links":{"self":[{"href":"http:\/\/www.korhanyilmaz.com\/index.php?rest_route=\/wp\/v2\/posts\/34376","targetHints":{"allow":["GET"]}}],"collection":[{"href":"http:\/\/www.korhanyilmaz.com\/index.php?rest_route=\/wp\/v2\/posts"}],"about":[{"href":"http:\/\/www.korhanyilmaz.com\/index.php?rest_route=\/wp\/v2\/types\/post"}],"author":[{"embeddable":true,"href":"http:\/\/www.korhanyilmaz.com\/index.php?rest_route=\/wp\/v2\/users\/1"}],"replies":[{"embeddable":true,"href":"http:\/\/www.korhanyilmaz.com\/index.php?rest_route=%2Fwp%2Fv2%2Fcomments&post=34376"}],"version-history":[{"count":0,"href":"http:\/\/www.korhanyilmaz.com\/index.php?rest_route=\/wp\/v2\/posts\/34376\/revisions"}],"wp:attachment":[{"href":"http:\/\/www.korhanyilmaz.com\/index.php?rest_route=%2Fwp%2Fv2%2Fmedia&parent=34376"}],"wp:term":[{"taxonomy":"category","embeddable":true,"href":"http:\/\/www.korhanyilmaz.com\/index.php?rest_route=%2Fwp%2Fv2%2Fcategories&post=34376"},{"taxonomy":"post_tag","embeddable":true,"href":"http:\/\/www.korhanyilmaz.com\/index.php?rest_route=%2Fwp%2Fv2%2Ftags&post=34376"}],"curies":[{"name":"wp","href":"https:\/\/api.w.org\/{rel}","templated":true}]}}