{"id":34349,"date":"2011-06-11T14:52:36","date_gmt":"2011-06-11T11:52:36","guid":{"rendered":"http:\/\/www.korhanyilmaz.com\/?p=34349"},"modified":"2011-07-10T22:11:30","modified_gmt":"2011-07-10T19:11:30","slug":"bunlar-demokrasi-edepsizleri","status":"publish","type":"post","link":"http:\/\/www.korhanyilmaz.com\/?p=34349","title":{"rendered":"&#8220;Bunlar demokrasi edepsizleri&#8221;"},"content":{"rendered":"<p><a href=\"http:\/\/www.korhanyilmaz.com\/wp-content\/uploads\/2011\/06\/056.jpg\"  class=\"lightview\"><img loading=\"lazy\" decoding=\"async\" class=\"aligncenter\" src=\"http:\/\/www.korhanyilmaz.com\/wp-content\/uploads\/2011\/06\/056.jpg\" alt=\"\" width=\"462\" height=\"210\" \/><\/a><\/p>\n<p style=\"text-align: justify;\">MHP lideri Bah\u00e7eli, pazar g\u00fcn\u00fcn\u00fc beklemeden televizyonlarda se\u00e7im tahmini yapan baz\u0131 isimlere \u00e7ok sert \u00e7\u0131kt\u0131: &#8220;S\u00f6zle\u015fmeli ve beslemeli bu insanlar ger\u00e7ekten demokrasi edepsizleridir.&#8221; Bah\u00e7eli, Erdo\u011fan&#8217;\u0131n &#8220;devlet adaml\u0131\u011f\u0131&#8221;yla ilgili s\u00f6zleri \u00fczerine de &#8220;Devlet adam\u0131 olmak i\u00e7in Amerika&#8217;ya gidip diz mi \u00e7\u00f6kmek laz\u0131m&#8221; dedi.<!--more--><\/p>\n<p style=\"text-align: justify;\">HATAY- MHP Genel Ba\u015fkan\u0131 Devlet Bah\u00e7eli, &#8221;Se\u00e7imlere \u00e7ok az bir s\u00fcre kala baz\u0131 televizyonlar\u0131m\u0131zda s\u00f6zle\u015fmeli ve beslemeli insanlar \u00e7\u0131kart\u0131larak, kamuoyu ara\u015ft\u0131rmalar\u0131n\u0131 sonu\u00e7land\u0131rm\u0131\u015flar ve T\u00fcrkiye&#8217;de iktidar\u0131n kim olaca\u011f\u0131n\u0131 belirlemi\u015fler ve Pazar g\u00fcn\u00fcn\u00fc sab\u0131rla bekleyecekleri yerde, Adalet ve Kalk\u0131nma Partisi&#8217;nin iktidar\u0131n\u0131 m\u00fcjdelemektedirler. Bunlar ger\u00e7ekten demokrasi edepsizleridir, bunlar terbiyesiz insanlard\u0131r. Bunlar millet iradesine sayg\u0131s\u0131z insanlard\u0131r&#8221; dedi.<\/p>\n<p style=\"text-align: justify;\">Bah\u00e7eli, partisince Hatay&#8217;da, Emlakbank Evleri \u00f6n\u00fcnde d\u00fczenlenen mitingde yapt\u0131\u011f\u0131 konu\u015fmada, &#8221;Allah nasip ederse yar\u0131n sabahleyin erken saatlerden itibaren oy kullanmak \u00fczere sand\u0131\u011fa gidilece\u011fini&#8221; hat\u0131rlatt\u0131.<\/p>\n<p style=\"text-align: justify;\"><strong>&#8220;ANTEKEL\u0130LER&#8221;<\/strong><\/p>\n<p style=\"text-align: justify;\">Antakyal\u0131lara, y\u00f6resel \u015fiveyle &#8221;Antekeliler&#8221; diye seslenen Bah\u00e7eli, yar\u0131n yap\u0131lacak genel se\u00e7imin T\u00fcrk milletine ve Antakyal\u0131lara hay\u0131rl\u0131 u\u011furlu olmas\u0131n\u0131 diledi.<\/p>\n<p style=\"text-align: justify;\">12 Haziran se\u00e7iminin, bug\u00fcne kadar yap\u0131lan t\u00fcm se\u00e7imlerden \u00e7ok daha \u00f6nemli ve farkl\u0131 bir anlam\u0131 oldu\u011funu ifade eden Bah\u00e7eli, &#8221;\u00c7\u00fcnk\u00fc, yol kav\u015fa\u011f\u0131na s\u00fcr\u00fcklenmi\u015f bir T\u00fcrkiye&#8217;de millet iradesiyle gelece\u011fimizin belirlenmesi bu se\u00e7imde daha a\u00e7\u0131k ve net olarak ortaya konacakt\u0131r. T\u00fcrkiye&#8217;nin \u00e7ok ciddi i\u00e7 ve d\u0131\u015f tehlikelerle kar\u015f\u0131 kar\u015f\u0131ya kald\u0131\u011f\u0131, \u00f6nemli tuzaklarla ku\u015fat\u0131ld\u0131\u011f\u0131 bir ortamda millet olarak se\u00e7ime gidiyoruz. Onun i\u00e7in sizlerden istirham\u0131m \u015fudur; mutlaka, \u00e7ok \u00f6zel bir mazeretiniz yoksa sand\u0131\u011fa gitmelisiniz, ailenizi, \u00e7evrenizi, akrabalar\u0131n\u0131z\u0131, \u00e7al\u0131\u015ft\u0131\u011f\u0131n\u0131z i\u015fyerindeki vatanda\u015flar\u0131m\u0131z\u0131, k\u00f6yl\u00fclerimizi, mutlaka sand\u0131\u011fa gitmeye te\u015fvik ediniz ve sand\u0131\u011fa gitti\u011finiz vakit akl\u0131n\u0131z\u0131n s\u00fczgecinden, vicdan\u0131n\u0131z\u0131n sesinden hareketle millet olarak iradenizi ortaya koyunuz. \u00c7\u00fcnk\u00fc, bu \u00fclke sizindir, karar da sizin olmal\u0131d\u0131r&#8221; diye konu\u015ftu.<\/p>\n<p style=\"text-align: justify;\">&#8221;Son g\u00fcnlerde \u00f6zellikle se\u00e7imlere \u00e7ok az bir s\u00fcre kala baz\u0131 televizyonlar\u0131m\u0131zda s\u00f6zle\u015fmeli ve beslemeli insanlar \u00e7\u0131kart\u0131larak, kamuoyu ara\u015ft\u0131rmalar\u0131n\u0131 sonu\u00e7land\u0131rm\u0131\u015flar ve T\u00fcrkiye&#8217;de iktidar\u0131n kim olaca\u011f\u0131n\u0131 belirlemi\u015fler ve Pazar g\u00fcn\u00fcn\u00fc sab\u0131rla bekleyecekleri yerde, Adalet ve Kalk\u0131nma Partisi&#8217;nin iktidar\u0131n\u0131 m\u00fcjdelemektedirler&#8221; diyen Bah\u00e7eli, s\u00f6zlerini \u015f\u00f6yle s\u00fcrd\u00fcrd\u00fc:<\/p>\n<p style=\"text-align: justify;\">&#8221;Bunlar ger\u00e7ekten demokrasi edepsizleridir, bunlar terbiyesiz insanlard\u0131r. Bunlar millet iradesine sayg\u0131s\u0131z insanlard\u0131r. \u00dc\u00e7 ki\u015fi bir araya geleceksiniz, nereden beslendi\u011finiz me\u00e7hul, T\u00fcrkiye&#8217;yi y\u00f6nlendireceksiniz ve iktidar\u0131 tekrar se\u00e7im ortaya koyacakken bu sonucu \u015fimdiden kesinle\u015ftirip vatanda\u015fa duyuracaks\u0131n\u0131z. \u00d6yleyse bu pazar g\u00fcn\u00fcn\u00fc niye bekliyoruz? 30 dereceyi bulmu\u015f bu s\u0131cakta bu millet neden a\u00e7\u0131k hava toplant\u0131s\u0131 yap\u0131yor? O sebepten dolay\u0131 aziz vatanda\u015flar\u0131m, en az\u0131ndan millet iradesi olarak kendinize, \u015fahsiyetinize, kimli\u011finize ve tercihinize sayg\u0131 duyun ve sand\u0131\u011fa gitti\u011finizde ders veriniz.<\/p>\n<p style=\"text-align: justify;\">Soruyorlar say\u0131n Ba\u015fbakan&#8217;a, bu sonu\u00e7lar \u00fczerinde yorum yaparken diyorlar ki, &#8216;balkon konu\u015fman\u0131zda nelere de\u011fineceksiniz?&#8217; Say\u0131n Ba\u015fbakan da kar\u015f\u0131s\u0131ndaki b\u00fclb\u00fcllere bak\u0131yor o da kendi kendini \u015fartl\u0131yor, &#8216;\u015funlara \u015funlara de\u011finece\u011fim&#8217; diyor, sanki se\u00e7imi kazanm\u0131\u015f balkona \u00e7\u0131km\u0131\u015f ve bir de balkon konu\u015fmas\u0131 yapma al\u0131\u015fkanl\u0131\u011f\u0131 kazanm\u0131\u015f ve &#8216;\u015funlar\u0131 \u015funlar\u0131 s\u00f6yleyece\u011fim&#8217; diyor. Say\u0131n Ba\u015fbakan, T\u00fcrk siyasi hayat\u0131nda bu aziz millet seni alandan \u00e7\u0131kart\u0131p balkona koyacak, art\u0131k oradan seyredeceksin.&#8221;<\/p>\n<p style=\"text-align: justify;\">Bundan dolay\u0131 bu se\u00e7imlerin \u00f6nemli oldu\u011funu dile getiren Bah\u00e7eli, &#8221;Se\u00e7im \u00fczerinde millet iradesine gem vurarak, ambargo alt\u0131na alarak, Adalet ve Kalk\u0131nma Partisi&#8217;ne \u00fc\u00e7\u00fcnc\u00fc defa mahkum ve mecbur b\u0131rakmaya y\u00f6nelik her t\u00fcrl\u00fc rezaletin, her t\u00fcrl\u00fc ahlaks\u0131zl\u0131\u011f\u0131n, her t\u00fcrl\u00fc siyasi etik d\u0131\u015f\u0131 davran\u0131\u015f\u0131n ve her t\u00fcrl\u00fc yalan\u0131n, iftiran\u0131n oldu\u011fu bir d\u00f6nemde bu se\u00e7imlere gidiyorsunuz. \u00d6yleyse bu se\u00e7imlerde bir milli tav\u0131r ortaya koymal\u0131s\u0131n\u0131z. Say\u0131n Ba\u015fbakan al\u0131\u015fm\u0131\u015f, &#8216;durmak yok, yola devam&#8217; diyor, \u015fimdi ba\u015fta Adalet ve Kalk\u0131nma Partisi&#8217;ne oy vermi\u015f vatanda\u015flar\u0131m\u0131z olarak, &#8216;durmak yok, yola devam&#8217; yerine, &#8216;art\u0131k yeter, senden b\u0131kt\u0131k usand\u0131k git ba\u015f\u0131m\u0131zdan&#8217; demeniz laz\u0131m&#8221; diye konu\u015ftu.<\/p>\n<p style=\"text-align: justify;\"><strong>&#8221;AKP M\u0130LLET\u0130N TADINI KA\u00c7IRDI&#8221;<\/strong><\/p>\n<p style=\"text-align: justify;\">Yakla\u015f\u0131k dokuz y\u0131l \u00fclkeyi y\u00f6neten AK Parti&#8217;nin yoruldu\u011funu \u00f6ne s\u00fcren Bah\u00e7eli, &#8221;Yorulmu\u015ftur, t\u00fckenmi\u015ftir ve \u00fc\u00e7\u00fcnc\u00fc d\u00f6nemi i\u00e7in yapaca\u011f\u0131 hi\u00e7bir \u015fey kalmam\u0131\u015ft\u0131r. Adalet ve Kalk\u0131nma Partisi, dokuz y\u0131l\u0131, kaybolan y\u0131llar olarak tarihe ge\u00e7irmi\u015ftir. Bu d\u00f6nem i\u00e7erisinde \u00e7ok da b\u00fcy\u00fck hatalar i\u015flemi\u015flerdir, yanl\u0131\u015f politikalar takip etmi\u015flerdir. Her \u015feyden \u00f6nce milletimizin a\u011f\u0131z tad\u0131n\u0131 ka\u00e7\u0131rm\u0131\u015flar, huzuru, bar\u0131\u015f\u0131 tamamen zedelemi\u015fler ve milletimiz gelece\u011fiyle ilgili endi\u015fe duyar bir hale gelmi\u015ftir&#8221; dedi.<\/p>\n<p style=\"text-align: justify;\">T\u00fcrkiye&#8217;de bin y\u0131ll\u0131k karde\u015fli\u011fin sorgulan\u0131r hale geldi\u011fini iddia eden Bah\u00e7eli, &#8221;\u00d6te yandan \u00fcniter yap\u0131, milli devlet anlay\u0131\u015f\u0131 b\u00fcy\u00fck bir tahribat alt\u0131na al\u0131nm\u0131\u015f ve bug\u00fcnk\u00fc siyasi iktidar T\u00fcrkiye&#8217;yi bir yol ayr\u0131m\u0131na s\u00fcr\u00fcklemi\u015ftir. \u0130\u015fte 12 Haziran&#8217;da buna &#8216;dur&#8217; diyeceksiniz ve yeni bir yolu, yeni bir iktidar\u0131 Allah&#8217;\u0131n izniyle 12 Haziran&#8217;da ortaya \u00e7\u0131karacaks\u0131n\u0131z&#8221; diye konu\u015ftu.<\/p>\n<p style=\"text-align: justify;\">S\u0131cak havada vatanda\u015flar\u0131n fazla vakitlerini almak istemedi\u011fini belirten Bah\u00e7eli, &#8221;Ama birka\u00e7 \u00f6nemli konuyu sizlerle payla\u015fmak istiyorum. Say\u0131n Ba\u015fbakan bu \u00fclkeyi, etnik temelde ve inan\u00e7 temelinde b\u00f6l\u00fcnmeye ve ayr\u0131\u015fmaya g\u00f6t\u00fcrmektedir. Bu tehlikelidir. Bu iktidar\u0131n iki d\u00f6nemde yapm\u0131\u015f oldu\u011fu bu b\u00fcy\u00fck tahribat\u0131n \u00fc\u00e7\u00fcnc\u00fc d\u00f6nemi olmamal\u0131d\u0131r, iktidar\u0131n \u00fc\u00e7\u00fcnc\u00fc d\u00f6nemi olmamal\u0131d\u0131r. Onun i\u00e7in bu se\u00e7imlerde Adalet ve Kalk\u0131nma Partisi tasfiye edilmeli ve T\u00fcrk siyasi hayat\u0131ndan \u00e7\u0131kar\u0131lmal\u0131d\u0131r&#8221; dedi. AK Parti&#8217;lilere de seslenen Bah\u00e7eli, \u015funlar\u0131 s\u00f6yledi:<\/p>\n<p style=\"text-align: justify;\">&#8221;Bu se\u00e7imde en \u00f6nemli g\u00f6rev, bu iktidara iki d\u00f6nem oy vermi\u015f olan Adalet ve Kalk\u0131nma Partisi&#8217;nin mensubu aziz karde\u015flerime d\u00fc\u015f\u00fcyor. Onlara sesleniyorum, dolay\u0131s\u0131yla sizlere de sesleniyorum. \u00d6zellikle Adalet ve Kalk\u0131nma Partisi&#8217;ne oy veren vatanda\u015flar\u0131m, AKP&#8217;ye sorunuz; &#8216;dokuz y\u0131lda bizi nereye g\u00f6t\u00fcr\u00fcyorsunuz? \u00dc\u00e7\u00fcnc\u00fc d\u00f6nemi niye bu kadar \u0131srarl\u0131 istiyorsunuz? Kime ne s\u00f6z verdiniz? Bu s\u00f6z\u00fc yerine getirmek i\u00e7in hangi mecburiyet alt\u0131nda kald\u0131n\u0131z? \u00dclkemiz \u015fu an tehlikeli gidi\u015fatta, bu vebala ortak olmuyoruz, dur diyoruz&#8217; demeli ve iktidardan uzakla\u015ft\u0131rmal\u0131s\u0131n\u0131z.&#8221;<\/p>\n<p style=\"text-align: justify;\">Bah\u00e7eli, &#8221; Ba\u015fbakan&#8217;\u0131n ne yapaca\u011f\u0131n\u0131 \u015fa\u015f\u0131rm\u0131\u015f, nerede ne konu\u015faca\u011f\u0131n\u0131 bilmez hale geldi\u011fini&#8221; ifade ederek, \u015f\u00f6yle dedi:<\/p>\n<p style=\"text-align: justify;\">&#8221; Ba\u015fbakan, sald\u0131rgan ve iftira dolu bir \u00fcsluba, argo kavramlarla vatanda\u015f\u0131 azarlamaya y\u00f6nelik bir davran\u0131\u015f i\u00e7ine girmi\u015f. Sabahtan ak\u015fama kadar TV&#8217;lerde konu\u015fuyor ama sizin kar\u015f\u0131 kar\u015f\u0131ya kald\u0131\u011f\u0131n\u0131z s\u0131k\u0131nt\u0131lardan hi\u00e7 bahsetmiyor. Yeni bir usul belirlemi\u015f olmayan, hayali projelerle milleti aldat\u0131yor, milletimizle dalga ge\u00e7iyor. Afi\u015fleri g\u00f6r\u00fcyorsunuz, her yerde temel meseleleri \u00e7\u00f6zmeden, dokuz y\u0131l\u0131 harcayarak hi\u00e7bir \u015fey yapmadan \u015fimdi b\u00fcy\u00fck\u015fehirler vaadiyle \u015fehirlerimizi \u00e7ok daha modern hale getirebilece\u011fi yalanlar\u0131yla dolanlar\u0131yla vatanda\u015f\u0131 aldat\u0131yor. Yeni imar alanlar\u0131 a\u00e7\u0131p kendi yanda\u015flar\u0131n\u0131 besleme, yeni yeni in\u015faatlar yapt\u0131r\u0131p kendi m\u00fcteahhitlerini zenginle\u015ftirmek gibi bir hesab\u0131n i\u00e7ine girdi\u011fini g\u00f6r\u00fcyoruz. O sebepten dolay\u0131 bu say\u0131n Ba\u015fbakan&#8217;dan millet olarak y\u00fcce divanda hesap sorulma zaman\u0131 geldi\u011fi d\u00fc\u015f\u00fcncesindeyiz.&#8221;<\/p>\n<p style=\"text-align: justify;\"><strong>&#8220;DEVLET ADAMI OLMAK \u0130\u00c7\u0130N AMER\u0130KA&#8217;YA G\u0130D\u0130P D\u0130Z M\u0130 \u00c7\u00d6KMEK LAZIM&#8221;<\/strong><\/p>\n<p style=\"text-align: justify;\">&#8221;Bu gidi\u015fat\u0131n sonunun iyi olmad\u0131\u011f\u0131n\u0131&#8221; ifade eden Bah\u00e7eli, &#8221;Bir yanda b\u00f6l\u00fcc\u00fc ter\u00f6r, \u00f6te yandan yoksulluk. \u0130\u015fsizli\u011fin getirmi\u015f oldu\u011fu, gelece\u011fi daha b\u00fcy\u00fck tehlikelere sokabilecek sosyal olaylarla \u00fclkemiz kar\u015f\u0131 kar\u015f\u0131ya kalm\u0131\u015f. Ba\u015fbakan gidiyor sa\u011fda solda, s\u00f6yleyecek s\u00f6z\u00fc kalmam\u0131\u015f, da\u011farc\u0131\u011f\u0131nda bir \u015fey yok, herkese iftira ediyor. Erzurum&#8217;a varm\u0131\u015f, devlet adam\u0131 olabilmek i\u00e7in diyor, yurt d\u0131\u015f\u0131na gitmek laz\u0131m. Say\u0131n Bah\u00e7eli diyor, \u00fc\u00e7 tane yerin d\u0131\u015f\u0131nda yurt d\u0131\u015f\u0131na gitmedi diyor. Yani yurt d\u0131\u015f\u0131na gitmeyince devlet adam\u0131 olam\u0131yormu\u015fsun, bak\u0131n\u0131z \u015fu edepsizli\u011fe. Kendisinin ne oldu\u011funu a\u00e7\u0131kl\u0131yor. Devlet adam\u0131 olmak i\u00e7in Amerika&#8217;ya gidip diz mi \u00e7\u00f6kmek laz\u0131m&#8221; diye konu\u015ftu.<\/p>\n<p style=\"text-align: justify;\">Ba\u015fbakan Erdo\u011fan&#8217;a seslenerek, &#8221;parti genel ba\u015fkan\u0131 olmadan Amerikalarda dola\u015ft\u0131n&#8221; diyen Bah\u00e7eli, \u015f\u00f6yle dedi:<\/p>\n<p style=\"text-align: justify;\">&#8221;Se\u00e7im oldu milletvekili olmad\u0131n yine Amerika&#8217;ya gittin. Sonra 116 g\u00fcnde ne olduysa Siirt&#8217;ten milletvekili oldun, geldin ba\u015fbakan oldun, yine Amerika&#8217;ya gittin. Amerika&#8217;ya gidi\u015fin 17 defa olmu\u015f. Daha ne kadar gideceksin o da belli de\u011fil ama ben milletimin iradesini ald\u0131ktan sonra yurt d\u0131\u015f\u0131na gitmek gerekiyorsa giderim ama gitmek gerekmiyorsa milletimle beraber buralarda ya\u015famak isterim. Bunlar \u00f6l\u00e7\u00fcy\u00fc ka\u00e7\u0131rm\u0131\u015f, bunlar hangi \u00e7ukura d\u00fc\u015ft\u00fc\u011f\u00fcn\u00fc unutmu\u015f vaziyette. E\u011fer Amerika&#8217;ya gitmek devlet adaml\u0131\u011f\u0131n\u0131n bir \u00f6l\u00e7\u00fcs\u00fcyse olmaz olsun \u00f6yle devlet adaml\u0131\u011f\u0131.&#8221;<\/p>\n<p style=\"text-align: justify;\"><a href=\"http:\/\/www.gazeteport.com.tr\/haber\/37079\/quotbunlar_demokrasi_edepsizleriquot\" target=\"_blank\">Kaynak : GAZETEPORT<\/a><\/p>\n","protected":false},"excerpt":{"rendered":"<\/p>\n<p style=\"text-align: justify;\">MHP lideri Bah\u00e7eli, pazar g\u00fcn\u00fcn\u00fc beklemeden televizyonlarda se\u00e7im tahmini yapan baz\u0131 isimlere \u00e7ok sert \u00e7\u0131kt\u0131: &#8220;S\u00f6zle\u015fmeli ve beslemeli bu insanlar ger\u00e7ekten demokrasi edepsizleridir.&#8221; Bah\u00e7eli, Erdo\u011fan&#8217;\u0131n &#8220;devlet adaml\u0131\u011f\u0131&#8221;yla ilgili s\u00f6zleri \u00fczerine de &#8220;Devlet adam\u0131 olmak i\u00e7in Amerika&#8217;ya gidip diz mi \u00e7\u00f6kmek laz\u0131m&#8221; dedi.<\/p>\n","protected":false},"author":1,"featured_media":0,"comment_status":"open","ping_status":"closed","sticky":false,"template":"","format":"standard","meta":{"footnotes":""},"categories":[105],"tags":[],"class_list":["post-34349","post","type-post","status-publish","format-standard","hentry","category-gundem","odd"],"_links":{"self":[{"href":"http:\/\/www.korhanyilmaz.com\/index.php?rest_route=\/wp\/v2\/posts\/34349","targetHints":{"allow":["GET"]}}],"collection":[{"href":"http:\/\/www.korhanyilmaz.com\/index.php?rest_route=\/wp\/v2\/posts"}],"about":[{"href":"http:\/\/www.korhanyilmaz.com\/index.php?rest_route=\/wp\/v2\/types\/post"}],"author":[{"embeddable":true,"href":"http:\/\/www.korhanyilmaz.com\/index.php?rest_route=\/wp\/v2\/users\/1"}],"replies":[{"embeddable":true,"href":"http:\/\/www.korhanyilmaz.com\/index.php?rest_route=%2Fwp%2Fv2%2Fcomments&post=34349"}],"version-history":[{"count":0,"href":"http:\/\/www.korhanyilmaz.com\/index.php?rest_route=\/wp\/v2\/posts\/34349\/revisions"}],"wp:attachment":[{"href":"http:\/\/www.korhanyilmaz.com\/index.php?rest_route=%2Fwp%2Fv2%2Fmedia&parent=34349"}],"wp:term":[{"taxonomy":"category","embeddable":true,"href":"http:\/\/www.korhanyilmaz.com\/index.php?rest_route=%2Fwp%2Fv2%2Fcategories&post=34349"},{"taxonomy":"post_tag","embeddable":true,"href":"http:\/\/www.korhanyilmaz.com\/index.php?rest_route=%2Fwp%2Fv2%2Ftags&post=34349"}],"curies":[{"name":"wp","href":"https:\/\/api.w.org\/{rel}","templated":true}]}}