{"id":3434,"date":"2009-02-21T11:15:59","date_gmt":"2009-02-21T09:15:59","guid":{"rendered":"http:\/\/www.korhanyilmaz.com\/?p=3434"},"modified":"2009-02-21T11:15:59","modified_gmt":"2009-02-21T09:15:59","slug":"akp-kemer-sikiyor","status":"publish","type":"post","link":"http:\/\/www.korhanyilmaz.com\/?p=3434","title":{"rendered":"AKP kemer s\u0131k\u0131yor"},"content":{"rendered":"<p><img loading=\"lazy\" decoding=\"async\" class=\"aligncenter size-full wp-image-3435\" title=\" AKP kemer s\u0131k\u0131yor \" src=\"http:\/\/www.korhanyilmaz.com\/wp-content\/uploads\/2009\/02\/210220091137527686021.jpg\" alt=\" AKP kemer s\u0131k\u0131yor \" width=\"320\" height=\"100\" \/><strong><\/strong><\/p>\n<p style=\"text-align: justify;\"><strong>Kriz te\u011fet ge\u00e7medi; hem de AKP Genel Merkezi&#8217;nde<\/strong><\/p>\n<p>Te\u011fet ge\u00e7medi\u011fi gibi, kriz ve Hazine yard\u0131m\u0131ndan yap\u0131lan kesinti nedeniyle ola\u011fan\u00fcst\u00fc tasarruf tedbirleri hayata ge\u00e7irildi. AKP&#8217;de kemer s\u0131kma d\u00f6nemi ba\u015flad\u0131.<\/p>\n<p>Ba\u015fbakan Recep Tayyip Erdo\u011fan, uzun s\u00fcre krizin te\u011fet ge\u00e7ece\u011fini s\u00f6ylediyse de \u00f6yle olmad\u0131. \u00d6yle olmad\u0131\u011f\u0131 kendi partisinin genel merkezinde al\u0131nan tedbirlerle de ortaya \u00e7\u0131kt\u0131.<\/p>\n<p>AK Parti kemer s\u0131k\u0131yor. Hem de bir de\u011fil birden fazla tedbirle.<\/p>\n<p>&#8211; Genel merkezde art\u0131k her saat yemek servisi bitti.<\/p>\n<p>&#8211; Vekillerin ve personelin cep telefonu faturalar\u0131 art\u0131k \u00f6denmiyor.<\/p>\n<p>&#8211; Her \u00e7al\u0131\u015fan\u0131n alt\u0131nda \u00f6zel ara\u00e7 da yok. Bunlar da iktidar\u0131n tasarruf tedbirleri.<\/p>\n<p>Bir yandan bu seneki Hazine yard\u0131m\u0131ndan kesilen 23 milyon T\u00fcrk Liras\u0131, di\u011fer yandan t\u00fcm d\u00fcnyay\u0131 etkisi alt\u0131na alan ekonomik kriz.<!--more--><br \/>\n<strong>Vekillere s\u00fcrpriz oldu<\/strong><\/p>\n<p>Asl\u0131nda tebdirler AKP \u00e7al\u0131\u015fanlar\u0131 i\u00e7in de vekiller i\u00e7in de s\u00fcrpriz oldu. Vekiller kemer s\u0131k\u0131ld\u0131\u011f\u0131n\u0131 telefonlar\u0131 bir anda kesilince \u00f6\u011frendiler.<\/p>\n<p>Genel merkez karar verdi, sessiz sedas\u0131z uygulama ba\u015flad\u0131. Art\u0131k milletvekillerinin cep telefonlar\u0131n\u0131n faturalar\u0131 genel merkez taraf\u0131ndan \u00f6denmiyor. Sadece vekiller de de\u011fil, genel merkezdeki dan\u0131\u015fmanlar da art\u0131k cep telefonlar\u0131ndan dikkatli konu\u015fmak zorunda.<\/p>\n<p>AKP, ara\u00e7 kullan\u0131m\u0131na da s\u0131n\u0131rlama getirdi. \u00c7al\u0131\u015fanlar da vekiller de partiden yaz\u0131l\u0131 izinle araba istemek zorunda. Ara\u00e7 y\u0131katmak bile serbest de\u011fil, arabalar bundan sonra AKP genel merkezinin anla\u015ft\u0131\u011f\u0131 firma d\u0131\u015f\u0131nda hi\u00e7bir yerde y\u0131kat\u0131lmayacak.<\/p>\n<p>Yemek de art\u0131k bol kep\u00e7e de\u011fil. Genel merkezde yemek 12.00-14.00 aras\u0131nda \u00e7\u0131k\u0131yor. Bu saatler d\u0131\u015f\u0131nda yemek isteyenlere yemek servisi yap\u0131lm\u0131yor. D\u0131\u015far\u0131dan yemek isteyen ise paras\u0131n\u0131 cebinden \u00f6demek zorunda.<\/p>\n<p>Ekonomik tedbirlerden parti \u00e7al\u0131nlar\u0131 da nasibini ald\u0131. Her se\u00e7im d\u00f6neminde verilen ikramiyeler hen\u00fcz hesaplara yat\u0131r\u0131lmad\u0131.<\/p>\n<p><strong>Tedbirler emekli askere emanet<\/strong><\/p>\n<p>Bu s\u0131k\u0131 tedbirler emekli ba\u015f\u00e7avu\u015f Kadir Ersava\u015f&#8217;a emanet. AKP genel merkezinin idare amiri, ekonomik tedbirlerin takibinden sorumlu.\n<\/p>\n<p style=\"text-align: justify;\">(<span style=\"color: #888888;\">CNN T\u00fcrk)<\/span><\/p>\n","protected":false},"excerpt":{"rendered":"<\/p>\n<p style=\"text-align: justify;\">Kriz te\u011fet ge\u00e7medi; hem de AKP Genel Merkezi&#8217;nde<\/p>\n<p>Te\u011fet ge\u00e7medi\u011fi gibi, kriz ve Hazine yard\u0131m\u0131ndan yap\u0131lan kesinti nedeniyle ola\u011fan\u00fcst\u00fc tasarruf tedbirleri hayata ge\u00e7irildi. AKP&#8217;de kemer s\u0131kma d\u00f6nemi ba\u015flad\u0131.<\/p>\n<p>Ba\u015fbakan Recep Tayyip Erdo\u011fan, uzun s\u00fcre krizin te\u011fet ge\u00e7ece\u011fini s\u00f6ylediyse de \u00f6yle olmad\u0131. \u00d6yle olmad\u0131\u011f\u0131 kendi partisinin genel merkezinde al\u0131nan tedbirlerle de ortaya \u00e7\u0131kt\u0131.<\/p>\n","protected":false},"author":1,"featured_media":0,"comment_status":"open","ping_status":"closed","sticky":false,"template":"","format":"standard","meta":{"footnotes":""},"categories":[105],"tags":[],"class_list":["post-3434","post","type-post","status-publish","format-standard","hentry","category-gundem","odd"],"_links":{"self":[{"href":"http:\/\/www.korhanyilmaz.com\/index.php?rest_route=\/wp\/v2\/posts\/3434","targetHints":{"allow":["GET"]}}],"collection":[{"href":"http:\/\/www.korhanyilmaz.com\/index.php?rest_route=\/wp\/v2\/posts"}],"about":[{"href":"http:\/\/www.korhanyilmaz.com\/index.php?rest_route=\/wp\/v2\/types\/post"}],"author":[{"embeddable":true,"href":"http:\/\/www.korhanyilmaz.com\/index.php?rest_route=\/wp\/v2\/users\/1"}],"replies":[{"embeddable":true,"href":"http:\/\/www.korhanyilmaz.com\/index.php?rest_route=%2Fwp%2Fv2%2Fcomments&post=3434"}],"version-history":[{"count":0,"href":"http:\/\/www.korhanyilmaz.com\/index.php?rest_route=\/wp\/v2\/posts\/3434\/revisions"}],"wp:attachment":[{"href":"http:\/\/www.korhanyilmaz.com\/index.php?rest_route=%2Fwp%2Fv2%2Fmedia&parent=3434"}],"wp:term":[{"taxonomy":"category","embeddable":true,"href":"http:\/\/www.korhanyilmaz.com\/index.php?rest_route=%2Fwp%2Fv2%2Fcategories&post=3434"},{"taxonomy":"post_tag","embeddable":true,"href":"http:\/\/www.korhanyilmaz.com\/index.php?rest_route=%2Fwp%2Fv2%2Ftags&post=3434"}],"curies":[{"name":"wp","href":"https:\/\/api.w.org\/{rel}","templated":true}]}}