{"id":34333,"date":"2011-06-11T13:25:53","date_gmt":"2011-06-11T10:25:53","guid":{"rendered":"http:\/\/www.korhanyilmaz.com\/?p=34333"},"modified":"2011-07-10T22:10:51","modified_gmt":"2011-07-10T19:10:51","slug":"basbakan-sozleri-twitterda-yanki-buldu","status":"publish","type":"post","link":"http:\/\/www.korhanyilmaz.com\/?p=34333","title":{"rendered":"Ba\u015fbakan s\u00f6zleri Twitter&#8217;da yank\u0131 buldu"},"content":{"rendered":"<p><a href=\"http:\/\/www.korhanyilmaz.com\/wp-content\/uploads\/2011\/06\/055.jpg\"  class=\"lightview\"><img loading=\"lazy\" decoding=\"async\" class=\"aligncenter\" src=\"http:\/\/www.korhanyilmaz.com\/wp-content\/uploads\/2011\/06\/055.jpg\" alt=\"\" width=\"346\" height=\"266\" \/><\/a><\/p>\n<p style=\"text-align: justify;\">Ba\u015fbakan Erdo\u011fan&#8217;\u0131n d\u00fcn ak\u015famki, &#8220;Ne Yahudili\u011fimiz ne Ermenili\u011fimiz ne affedersiniz Rumlu\u011fumuz kalmad\u0131&#8221; s\u00f6zleri Twitter&#8217;da tart\u0131\u015fma konusu oldu.<\/p>\n<p style=\"text-align: justify;\">Ba\u015fbakan Erdo\u011fan, NTV&#8217;de kat\u0131ld\u0131\u011f\u0131 &#8220;Se\u00e7ime Do\u011fru&#8221; program\u0131nda y\u00f6neltilen sorular\u0131 yan\u0131tlad\u0131.<!--more--><\/p>\n<p style=\"text-align: justify;\">\u00d6zg\u00fcrl\u00fcklerle ilgili kendilerine y\u00f6neltilen ele\u015ftirilerle ilgili bir soru \u00fczerine Erdo\u011fan, gazete man\u015fetlerine i\u015faret ederek, kendisine a\u011f\u0131r hakaretlere varan ifadeler kullan\u0131ld\u0131\u011f\u0131n\u0131 s\u00f6yledi.<\/p>\n<p style=\"text-align: justify;\">Erdo\u011fan, kendisi ve Cumhurba\u015fkan\u0131 Abdullah G\u00fcl ile ilgili \u00e7ok say\u0131da kitap bulundu\u011funu da ifade ederek, &#8220;Bu kitaplar i\u00e7erisinde ne Yahudili\u011fimiz, ne Ermenili\u011fimiz ne affedersiniz Rumlu\u011fumuz hi\u00e7bir \u015feyimiz kalmad\u0131. D\u00fc\u015f\u00fcnebiliyor musunuz? Adam \u015fu anda i\u00e7erden cay\u0131r cay\u0131r kitap yaz\u0131yor. Ne yapacaks\u0131n\u0131z bu adamlar\u0131? Tek yolu var, yarg\u0131. Ba\u015fka yolunuz var m\u0131?&#8221; diye konu\u015ftu.<\/p>\n<p style=\"text-align: justify;\">Erdo\u011fan&#8217;\u0131n bu s\u00f6zleri Twitter&#8217;da yank\u0131 buldu. \u00c7o\u011funluk Erdo\u011fan&#8217;\u0131n s\u00f6zlerini ele\u015ftirirken, bu halklardan olman\u0131n k\u00f6t\u00fc bir \u015fey olmad\u0131\u011f\u0131n\u0131 vurgulad\u0131.<\/p>\n<p style=\"text-align: justify;\"><strong>\u0130\u015fte Twitter&#8217;da yer alan tweet&#8217;lerden baz\u0131lar\u0131&#8230; <\/strong><\/p>\n<p style=\"text-align: justify;\"><em>Daralan_Makaron<\/em><\/p>\n<p style=\"text-align: justify;\">Ayn\u0131 sudan i\u00e7en RTE ne dedi: &#8220;Baz\u0131 kitaplar yaz\u0131l\u0131yor hakk\u0131m\u0131zda, ne Ermenili\u011fimiz, ne Yahudili\u011fimiz, &#8216;afedersiniz&#8217; ne Rumlu\u011fumuz kald\u0131!&#8221;<\/p>\n<p style=\"text-align: justify;\"><em>hicsusmuycanhee<\/em><\/p>\n<p style=\"text-align: justify;\">afedersin Rum ne demek ya!<\/p>\n<p style=\"text-align: justify;\"><em>RaufKosemen<\/em><\/p>\n<p style=\"text-align: justify;\">Ne var rum olmak ay\u0131p m\u0131 yani? :\/<\/p>\n<p style=\"text-align: justify;\"><em>GokhanVots<\/em><\/p>\n<p style=\"text-align: justify;\">Hay\u0131rd\u0131r, Rumluk k\u00fcf\u00fcr m\u00fc?<\/p>\n<p style=\"text-align: justify;\"><em>elifilgaz<\/em><\/p>\n<p style=\"text-align: justify;\">Ne ermenili\u011fimiz kald\u0131 ne \u00e7ok afedersiniz rumlu\u011fumuz derken ne demek istedi? Niye, neyi affediyoruz?<\/p>\n<p style=\"text-align: justify;\"><em>Pel_in_Ce<\/em><\/p>\n<p style=\"text-align: justify;\">Ne Yahudili\u011fimiz Ermenili\u011fimiz kald\u0131, Afedersiniz ne Rumlu\u011fumuz kald\u0131? Hmmm \u00e7ok ay\u0131planacak \u015feyler bunlar tabi&#8230;.<\/p>\n<p style=\"text-align: justify;\"><a href=\"http:\/\/www.cnnturk.com\/2011\/yazarlar\/06\/11\/basbakan.sozleri.twitterda.yanki.buldu\/619730.0\/index.html\" target=\"_blank\">Kaynak : CNN T\u00dcRK<\/a><\/p>\n","protected":false},"excerpt":{"rendered":"<\/p>\n<p style=\"text-align: justify;\">Ba\u015fbakan Erdo\u011fan&#8217;\u0131n d\u00fcn ak\u015famki, &#8220;Ne Yahudili\u011fimiz ne Ermenili\u011fimiz ne affedersiniz Rumlu\u011fumuz kalmad\u0131&#8221; s\u00f6zleri Twitter&#8217;da tart\u0131\u015fma konusu oldu.<\/p>\n<p style=\"text-align: justify;\">Ba\u015fbakan Erdo\u011fan, NTV&#8217;de kat\u0131ld\u0131\u011f\u0131 &#8220;Se\u00e7ime Do\u011fru&#8221; program\u0131nda y\u00f6neltilen sorular\u0131 yan\u0131tlad\u0131.<\/p>\n","protected":false},"author":1,"featured_media":0,"comment_status":"open","ping_status":"closed","sticky":false,"template":"","format":"standard","meta":{"footnotes":""},"categories":[105],"tags":[],"class_list":["post-34333","post","type-post","status-publish","format-standard","hentry","category-gundem","odd"],"_links":{"self":[{"href":"http:\/\/www.korhanyilmaz.com\/index.php?rest_route=\/wp\/v2\/posts\/34333","targetHints":{"allow":["GET"]}}],"collection":[{"href":"http:\/\/www.korhanyilmaz.com\/index.php?rest_route=\/wp\/v2\/posts"}],"about":[{"href":"http:\/\/www.korhanyilmaz.com\/index.php?rest_route=\/wp\/v2\/types\/post"}],"author":[{"embeddable":true,"href":"http:\/\/www.korhanyilmaz.com\/index.php?rest_route=\/wp\/v2\/users\/1"}],"replies":[{"embeddable":true,"href":"http:\/\/www.korhanyilmaz.com\/index.php?rest_route=%2Fwp%2Fv2%2Fcomments&post=34333"}],"version-history":[{"count":0,"href":"http:\/\/www.korhanyilmaz.com\/index.php?rest_route=\/wp\/v2\/posts\/34333\/revisions"}],"wp:attachment":[{"href":"http:\/\/www.korhanyilmaz.com\/index.php?rest_route=%2Fwp%2Fv2%2Fmedia&parent=34333"}],"wp:term":[{"taxonomy":"category","embeddable":true,"href":"http:\/\/www.korhanyilmaz.com\/index.php?rest_route=%2Fwp%2Fv2%2Fcategories&post=34333"},{"taxonomy":"post_tag","embeddable":true,"href":"http:\/\/www.korhanyilmaz.com\/index.php?rest_route=%2Fwp%2Fv2%2Ftags&post=34333"}],"curies":[{"name":"wp","href":"https:\/\/api.w.org\/{rel}","templated":true}]}}