{"id":34326,"date":"2011-06-11T10:58:26","date_gmt":"2011-06-11T07:58:26","guid":{"rendered":"http:\/\/www.korhanyilmaz.com\/?p=34326"},"modified":"2011-07-11T00:19:03","modified_gmt":"2011-07-10T21:19:03","slug":"bakan-bagistan-ocalan-gafi","status":"publish","type":"post","link":"http:\/\/www.korhanyilmaz.com\/?p=34326","title":{"rendered":"Bakan Ba\u011f\u0131\u015f&#8217;tan \u00d6calan gaf\u0131 ( Video )"},"content":{"rendered":"<p style=\"text-align: center;\"><a href=\"http:\/\/www.korhanyilmaz.com\/wp-content\/uploads\/2011\/06\/054.jpg\"  class=\"lightview\"><img loading=\"lazy\" decoding=\"async\" class=\"aligncenter size-full wp-image-34327\" src=\"http:\/\/www.korhanyilmaz.com\/wp-content\/uploads\/2011\/06\/054.jpg\" alt=\"\" width=\"462\" height=\"210\" \/><\/a><\/p>\n<p style=\"text-align: justify;\">Ba\u015fbakan Yard\u0131mc\u0131s\u0131 Egemen Ba\u011f\u0131\u015f, canl\u0131 yay\u0131nda dili s\u00fcr\u00e7\u00fcnce ilgin\u00e7 bir gafa imza att\u0131&#8230;<\/p>\n<p style=\"text-align: justify;\">\u00dclke TV ekranlar\u0131nda Ersoy Dede&#8217;nin konu\u011fu olan Ba\u015fbakan Yard\u0131mc\u0131s\u0131 Egemen Ba\u011f\u0131\u015f&#8217;tan canl\u0131 yay\u0131nda ilgin\u00e7 bir gaf geldi. Ba\u011f\u0131\u015f, Abdullah \u00d6calan i\u00e7in &#8216;Say\u0131n \u00d6calan&#8217; diyerek zor durumda kald\u0131. <!--more--><\/p>\n<p style=\"text-align: justify;\">Gazeteciler.com&#8217;da yer alan habere g\u00f6re, Leyla Zana&#8217;n\u0131n se\u00e7imlerden sonra Abdullah \u00d6calan&#8217;\u0131n d\u0131\u015far\u0131 \u00e7\u0131kaca\u011f\u0131n\u0131 s\u00f6ylemesiyle ba\u015flayan tart\u0131\u015fmaya kat\u0131lan Egemen Ba\u011f\u0131\u015f canl\u0131 yay\u0131nda &#8216;Say\u0131n \u00d6calan&#8217; dedi. Program sunucusu Ersoy Dede&#8217;nin uyard\u0131\u011f\u0131 anla\u015f\u0131lan Egemen Ba\u011f\u0131\u015f duraklayarak konu\u015fmas\u0131na devam etti. Reklam d\u00f6n\u00fc\u015f\u00fcnde ise muhtemelen yapt\u0131\u011f\u0131 gaf\u0131n fark\u0131na varan Ba\u011f\u0131\u015f bu kez de yine muhtemelen telafi etmek i\u00e7in ba\u015flad\u0131 \u00d6calan&#8217;a sayd\u0131rmaya. Ba\u011f\u0131\u015f reklam d\u00f6n\u00fc\u015f\u00fc kafadan &#8216;bebek katili, ter\u00f6ristba\u015f\u0131&#8217; gibi ifadeler kullanarak s\u00f6ze girdi.<\/p>\n<p style=\"text-align: justify;\"><a href=\"http:\/\/www.gazeteport.com.tr\/haber\/37037\/bakan_bagistan_ocalan_gafi\" target=\"_blank\">Kaynak : GAZETEPORT<\/a><\/p>\n<p><a class=\"lightview\" title=\" :::: width:550, height:413\" href=\"\/swf\/flvplayer.swf?file=http:\/\/nethaber.ciklet.net\/MEDYA_10HAZIRAN_EGEMENBAGISS.flv&amp;skin=\/swf\/nacht.zip&amp;menu=false&amp;volume=45&amp;autostart=true&amp;volume=50&amp;controlbar=over&amp;stretching=exactfit\" rel=\"set[]\"><img decoding=\"async\" class=\"aligncenter\" src=\"http:\/\/www.korhanyilmaz.com\/wp-data\/images\/videoizle1.png\" alt=\"\" \/><\/a><\/p>\n<p>&nbsp;<\/p>\n","protected":false},"excerpt":{"rendered":"<p style=\"text-align: center;\">\n<p style=\"text-align: justify;\">Ba\u015fbakan Yard\u0131mc\u0131s\u0131 Egemen Ba\u011f\u0131\u015f, canl\u0131 yay\u0131nda dili s\u00fcr\u00e7\u00fcnce ilgin\u00e7 bir gafa imza att\u0131&#8230;<\/p>\n<p style=\"text-align: justify;\">\u00dclke TV ekranlar\u0131nda Ersoy Dede&#8217;nin konu\u011fu olan Ba\u015fbakan Yard\u0131mc\u0131s\u0131 Egemen Ba\u011f\u0131\u015f&#8217;tan canl\u0131 yay\u0131nda ilgin\u00e7 bir gaf geldi. Ba\u011f\u0131\u015f, Abdullah \u00d6calan i\u00e7in &#8216;Say\u0131n \u00d6calan&#8217; diyerek zor durumda kald\u0131. <\/p>\n","protected":false},"author":1,"featured_media":0,"comment_status":"open","ping_status":"closed","sticky":false,"template":"","format":"standard","meta":{"footnotes":""},"categories":[105],"tags":[],"class_list":["post-34326","post","type-post","status-publish","format-standard","hentry","category-gundem","odd"],"_links":{"self":[{"href":"http:\/\/www.korhanyilmaz.com\/index.php?rest_route=\/wp\/v2\/posts\/34326","targetHints":{"allow":["GET"]}}],"collection":[{"href":"http:\/\/www.korhanyilmaz.com\/index.php?rest_route=\/wp\/v2\/posts"}],"about":[{"href":"http:\/\/www.korhanyilmaz.com\/index.php?rest_route=\/wp\/v2\/types\/post"}],"author":[{"embeddable":true,"href":"http:\/\/www.korhanyilmaz.com\/index.php?rest_route=\/wp\/v2\/users\/1"}],"replies":[{"embeddable":true,"href":"http:\/\/www.korhanyilmaz.com\/index.php?rest_route=%2Fwp%2Fv2%2Fcomments&post=34326"}],"version-history":[{"count":0,"href":"http:\/\/www.korhanyilmaz.com\/index.php?rest_route=\/wp\/v2\/posts\/34326\/revisions"}],"wp:attachment":[{"href":"http:\/\/www.korhanyilmaz.com\/index.php?rest_route=%2Fwp%2Fv2%2Fmedia&parent=34326"}],"wp:term":[{"taxonomy":"category","embeddable":true,"href":"http:\/\/www.korhanyilmaz.com\/index.php?rest_route=%2Fwp%2Fv2%2Fcategories&post=34326"},{"taxonomy":"post_tag","embeddable":true,"href":"http:\/\/www.korhanyilmaz.com\/index.php?rest_route=%2Fwp%2Fv2%2Ftags&post=34326"}],"curies":[{"name":"wp","href":"https:\/\/api.w.org\/{rel}","templated":true}]}}