{"id":34315,"date":"2011-06-10T09:25:15","date_gmt":"2011-06-10T06:25:15","guid":{"rendered":"http:\/\/www.korhanyilmaz.com\/?p=34315"},"modified":"2011-06-10T09:25:15","modified_gmt":"2011-06-10T06:25:15","slug":"iskenceyi-anama-diyemedim","status":"publish","type":"post","link":"http:\/\/www.korhanyilmaz.com\/?p=34315","title":{"rendered":"&#8216;\u0130\u015fkenceyi anama diyemedim&#8217;"},"content":{"rendered":"<p style=\"text-align: justify;\"><a rel=\"attachment wp-att-34316\" href=\"http:\/\/www.korhanyilmaz.com\/?attachment_id=34316\"><img loading=\"lazy\" decoding=\"async\" class=\"aligncenter size-full wp-image-34316\" src=\"http:\/\/www.korhanyilmaz.com\/wp-content\/uploads\/2011\/06\/053.jpeg\" alt=\"\" width=\"360\" height=\"240\" \/ class=\"lightview\"><\/a><\/p>\n<p style=\"text-align: justify;\">Ankara&#8217;daki Hopa eyleminde g\u00f6zalt\u0131na al\u0131nanlar ya\u015fad\u0131klar\u0131 polis i\u015fkencesini g\u00f6zya\u015flar\u0131yla anlatt\u0131. Otob\u00fcste 5 saat Ankara&#8217;da g\u00f6zalt\u0131na al\u0131nan ve y\u00fczlerindeki morluklar ile kollar\u0131ndaki kelep\u00e7e izleri h\u00e2l\u00e2 ge\u00e7meyen eylemciler, polis otob\u00fcs\u00fc ve emniyette &#8216;<strong>darp, taciz ve hakarete<\/strong>&#8216; u\u011frad\u0131klar\u0131n\u0131 belirtti. Ya\u015fad\u0131klar\u0131n\u0131 g\u00f6zya\u015flar\u0131yla anlatan BES \u00fcyesi Hac\u0131 \u00d6zkan &#8220;<strong>Orada ya\u015fad\u0131klar\u0131m\u0131 anama diyemedim. Umar\u0131m bu i\u015fkenceyi yapanlar analar\u0131na s\u00f6yleyebilmi\u015flerdir<\/strong>&#8221; dedi.<!--more--><\/p>\n<p style=\"text-align: justify;\">ANKARA &#8211; Cumhuriyet gazetesinin haberine g\u00f6re, Hopa\u2019da emekli \u00f6\u011fretmen Metin Lokumcu\u2019nun \u00f6l\u00fcm\u00fcyle sonu\u00e7lanan olaylar\u0131 AKP Ankara \u0130l Ba\u015fkanl\u0131\u011f\u0131 \u00f6n\u00fcnde protesto etmek isterken g\u00f6zalt\u0131na al\u0131nan eylemciler, polis otob\u00fcs\u00fc ve emniyette ya\u015fad\u0131klar\u0131n\u0131 anlatt\u0131.<\/p>\n<p style=\"text-align: justify;\"><strong>Kelep\u00e7e izleri ve morluklar <\/strong><\/p>\n<p style=\"text-align: justify;\">\u015eoku \u00fczerlerinden atamayan eylemcilerin y\u00fczlerindeki morluklar, kollar\u0131ndaki kelep\u00e7e izleri halen ge\u00e7memi\u015fti. G\u00f6zalt\u0131nda, \u201cdarp, taciz ve hakarete\u201d u\u011frad\u0131klar\u0131n\u0131 s\u00f6yleyen eylemciler, \u201cBu \u00e7ok a\u015fa\u011f\u0131lay\u0131c\u0131, insanl\u0131k onurunu zedeleyiciydi\u201d dedi.<\/p>\n<p style=\"text-align: justify;\">4 g\u00fcn g\u00f6zalt\u0131nda kald\u0131ktan sonra serbest b\u0131rak\u0131lanlar, d\u00fcn M\u00fclkiyeliler Birli\u011fi\u2019nde bas\u0131n\u0131n kar\u015f\u0131s\u0131nda \u00e7\u0131kt\u0131 \u201ci\u015fkenceyi\u201d s\u00f6ze d\u00f6kt\u00fc:<\/p>\n<p style=\"text-align: justify;\"><strong>Onu da al\u0131n, o da g\u00fcn\u00fcn\u00fc g\u00f6rs\u00fcn\u2019 <\/strong><\/p>\n<p style=\"text-align: justify;\"><strong>Hac\u0131 \u00d6zkan (BES Dan\u0131\u015ftay Temsilcisi):<\/strong> G\u00f6zalt\u0131lar yap\u0131l\u0131rken bir insan olarak buna katlanmam m\u00fcmk\u00fcn de\u011fildi. \u201cKolluk g\u00f6revlilerinin i\u015fi insanlar\u0131 d\u00f6vmek de\u011fil, insanlar\u0131 sa\u011fl\u0131kl\u0131 bir \u015fekilde savc\u0131l\u0131\u011fa teslim etmektir. Bu mu ileri demokrasi, bu mudur hukukun \u00fcst\u00fcnl\u00fc\u011f\u00fc\u201d diyerek tepki g\u00f6sterdim. \u0130l Emniyet M\u00fcd\u00fcr Yard\u0131mc\u0131s\u0131 Kenan Kabak, \u201cOnu da al\u0131n, o da g\u00fcn\u00fcn\u00fc g\u00f6rs\u00fcn\u201d diyerek beni de g\u00f6zalt\u0131na ald\u0131rd\u0131. Otob\u00fcste 5 saat boyunca her t\u00fcrl\u00fc \u015fiddet, hakaret ve darp kesintisiz olarak devam etti. Gece 23.00 sular\u0131nda Ankara Barosu Ba\u015fkan\u0131 Metin Feyzio\u011flu, Ankara Emniyeti\u2019ne girmeyi ba\u015far\u0131p, \u201cNedir bu insanlar\u0131n hali, hi\u00e7 mi y\u00fcrek yok sizde. H\u00e2l\u00e2 m\u0131 kelep\u00e7eliyorsunuz\u201d deyinceye kadar b\u00fct\u00fcn insanl\u0131k d\u0131\u015f\u0131 muamelelerine devam ettiler. (\u00d6zkan, bu s\u0131rada g\u00f6zya\u015flar\u0131n\u0131 tutamayarak a\u011flamaya ba\u015flad\u0131) Hi\u00e7bir din, ideoloji, d\u00fc\u015f\u00fcnce bunu a\u00e7\u0131klayamaz. (\u00d6zkan bu s\u00f6zlerin ard\u0131ndan fenala\u015ft\u0131.) H\u00e2l\u00e2 orada ya\u015fad\u0131klar\u0131m\u0131 anama diyemedim. Umar\u0131m bu i\u015fkenceyi yapanlar analar\u0131na s\u00f6yleyebilmi\u015flerdir.<\/p>\n<p style=\"text-align: justify;\"><strong>H\u00fcseyin G\u00f6lp\u0131nar (BES \u00fcyesi):<\/strong> Cinsel ve \u0131rksal i\u00e7erikli k\u00fcf\u00fcrlerle psikolojik i\u015fkence g\u00f6rd\u00fcm. Engelli oldu\u011fumu s\u00f6yledim ama bu sefer de sald\u0131r\u0131n\u0131n dozunu iyice artt\u0131rd\u0131lar. Ald\u0131\u011f\u0131m darbeler sonucu her iki elimin ba\u015fparmaklar\u0131mda doku kayb\u0131 var. Kaburgama ald\u0131\u011f\u0131m darbe nedeniyle nefes alam\u0131yorum.<\/p>\n<p style=\"text-align: justify;\"><strong>B\u00fclent Teoman \u00d6zkan (\u00c7HD \u00fcyesi Avukat):<\/strong> Avukat oldu\u011fumuzu s\u00f6ylememize ra\u011fmen polis kimlik sormadan g\u00f6zalt\u0131na ald\u0131. Sa\u00e7\u0131m\u0131 \u00e7ekerek g\u00f6t\u00fcrmeye \u00e7al\u0131\u015ft\u0131lar. D\u00fc\u015fen g\u00f6zl\u00fc\u011f\u00fcm\u00fcn \u00fcst\u00fcne polis bilerek bast\u0131. Avukat P\u0131nar arkada\u015f\u0131m\u0131z araca d\u00f6v\u00fclerek bindirildi. Duygu ise erkek polislerin taciziyle kar\u015f\u0131la\u015ft\u0131. \u201cO&#8230;, bir yerlerinize bir \u015feyler yazaca\u011f\u0131z, \u015ferefsizler\u201d gibi s\u00f6zler kullanarak taciz ettiler.<\/p>\n<p style=\"text-align: justify;\"><strong>Polis kaskla kafa att\u0131<\/strong><\/p>\n<p style=\"text-align: justify;\"><strong>Ezgi \u015eahing\u00f6z:<\/strong> \u0130\u015fkence bizlerde derin izler b\u0131rakt\u0131. Bana metal kelep\u00e7e tak\u0131ld\u0131. Cinsel tacize maruz kald\u0131k. Hakaret ve darptan daha \u00e7ok bizi bu taciz etkilemi\u015ftir. Bu \u00e7ok a\u015fa\u011f\u0131lay\u0131c\u0131, insanl\u0131k onurunu zedeleyiciydi. Otob\u00fcse bir grup \u00e7evik kuvvet bindi, bir grup indi; hepimizi s\u0131ra daya\u011f\u0131ndan ge\u00e7irdiler. Y\u00fcz\u00fcmdeki iz polisin kaskla kafa atmas\u0131yla olu\u015ftu.<\/p>\n<p style=\"text-align: justify;\"><strong>\u00d6zden Kaya (KESK\u2019e ba\u011fl\u0131 sendikan\u0131n y\u00f6neticisi):<\/strong> Yaka pa\u00e7a sa\u00e7lar\u0131mdan s\u00fcr\u00fckleyerek g\u00f6t\u00fcrd\u00fcler. Bacaklar\u0131mda darp izleri var. Otob\u00fcse bindi\u011fimde k\u00e2bus ba\u015flad\u0131. O kadar vah\u015filerdi ki gelip gidip kelep\u00e7eleri s\u0131k\u0131yorlard\u0131. En \u00e7ok ba\u015f\u0131m\u0131zdan darp ald\u0131k. Y\u00fcz\u00fcmdeki iz de bir \u00e7evi\u011fin y\u00fcz\u00fcme att\u0131\u011f\u0131 yumruktan olu\u015ftu. Camlar \u00f6zel filmle kapl\u0131 oldu\u011fu i\u00e7in d\u0131\u015fardan g\u00f6r\u00fcnm\u00fcyordu bize yap\u0131lan i\u015fkence. Bu y\u00fczden \u00e7ok rahatt\u0131lar. T\u00fcm kad\u0131n arkada\u015flar\u0131m\u0131za \u201co&#8230; muamelesi\u201d yap\u0131ld\u0131.<\/p>\n<p style=\"text-align: justify;\"><strong>Su\u00e7 duyurusu<\/strong><\/p>\n<p style=\"text-align: justify;\">T\u00fcrkiye \u0130nsan Haklar\u0131 Vakf\u0131 Genel Sekreteri Metin Bakkalc\u0131, ya\u015fananlar\u0131n ad\u0131n\u0131n \u201corant\u0131s\u0131z g\u00fc\u00e7\u201d de\u011fil \u201ci\u015fkence\u201d oldu\u011funu belirterek, \u201c\u0130\u015fkenceciler, cinsel tacizciler aram\u0131zda dola\u015fmaktad\u0131rlar. Bu insanlar derhal yakalanmal\u0131d\u0131rlar\u201d dedi. TTB Ba\u015fkan\u0131 Eri\u015f Bilalo\u011flu da ya\u015fanan s\u00fcrecin \u00f6fkesini kontrol edemeyen 3-5 polisle a\u00e7\u0131klanacak bir \u015fey olmad\u0131\u011f\u0131n\u0131, bunun Erdo\u011fan\u2019\u0131n y\u00f6nlendirmesiyle ger\u00e7ekle\u015fti\u011fini kaydetti. Bas\u0131n toplant\u0131s\u0131n\u0131n ard\u0131ndan emniyette \u201ck\u00f6t\u00fc muamele g\u00f6rd\u00fcklerini\u201d s\u00f6yleyen eylemciler, polisler hakk\u0131nda su\u00e7 duyurusunda bulundu.<\/p>\n<p style=\"text-align: justify;\"><strong>Lokumcu\u2019nun son s\u00f6z\u00fc \u2018bo\u011faz\u0131mdan gaz t\u0131kt\u0131lar\u2019 olmu\u015f<\/strong><\/p>\n<p style=\"text-align: justify;\">Ankara Barosu Ba\u015fkan\u0131 Metin Feyzio\u011flu, Ba\u015fbakan Tayyip Erdo\u011fan\u2019\u0131n Hopa mitingi \u00f6ncesinde ya\u015fanan olaylarda polisin att\u0131\u011f\u0131 biber gaz\u0131yla ya\u015fam\u0131n\u0131 yitiren emekli \u00f6\u011fretmen Metin Lokumcu\u2019nun son s\u00f6zlerinin \u201cBo\u011faz\u0131mdan i\u00e7eri biber gaz\u0131n\u0131 t\u0131kt\u0131lar\u201d oldu\u011funu s\u00f6yledi.<\/p>\n<p style=\"text-align: justify;\">Bat\u0131 Ankara Giri\u015fimci ve Sanayici \u0130\u015fadamlar\u0131 Derne\u011fi (BAG\u0130AD), savunma mesle\u011fi ve hakk\u0131na katk\u0131lar\u0131 nedeniyle Feyzio\u011flu\u2019na onur \u00f6d\u00fcl\u00fc verdi. T\u00f6rende yapt\u0131\u011f\u0131 konu\u015fmada Feyzio\u011flu, Hopa\u2019daki olaylarda ya\u015fam\u0131n\u0131 yitiren emekli \u00f6\u011fretmen Lokumcu\u2019nun ailesini ziyaret etti\u011fini s\u00f6yledi. Feyzio\u011flu, \u015f\u00f6yle konu\u015ftu: \u201cBiber gaz\u0131 belli mesafeden s\u0131k\u0131l\u0131rsa cayd\u0131r\u0131c\u0131d\u0131r. Daha yak\u0131ndan \u00f6ld\u00fcr\u00fcr. Ast\u0131m olman\u0131za gerek yok \u00f6lmeniz i\u00e7in. Ve \u00f6lmeden, belki \u00f6ld\u00fcr\u00fclmeden \u00f6nce, okuldan \u00e7\u0131kan \u00e7ocuklar\u0131 \u2018olay olacak burada, hava \u00e7ok gergin deyip\u2019 meydandan uzakla\u015ft\u0131rm\u0131\u015f. Darp edilmedi diyorlar. Foto\u011fraflar\u0131 \u00f6yle demiyor. V\u00fccudunun her yeri darbe alm\u0131\u015f. Hastanede son nefesini verdikten sonra, hastaneye gelen Ba\u015fbakanl\u0131k koruma g\u00f6revlilerinin havaya y\u00fczlerce mermi s\u0131kmas\u0131. Nedir bu?\u201d (Cumhuriyet)<\/p>\n<p><a class=\"lightview\" title=\" :::: width:550, height:413\" rel=\"set[]\" href=\"\/swf\/flvplayer.swf?file=http:\/\/video.radikal.com.tr\/video\/2011\/06\/10\/1498.flv&amp;skin=\/swf\/nacht.zip&amp;menu=false&amp;volume=45&amp;autostart=true&amp;volume=50&amp;controlbar=over&amp;stretching=exactfit\"><img decoding=\"async\" class=\"aligncenter\" src=\"http:\/\/www.korhanyilmaz.com\/wp-data\/images\/videoizle1.png\" alt=\"\" \/><\/a><\/p>\n<p style=\"text-align: justify;\"><a href=\"http:\/\/www.radikal.com.tr\/Radikal.aspx?aType=RadikalDetayV3&amp;ArticleID=1052344\" target=\"_blank\">Kaynak : Radikal<\/a><\/p>\n","protected":false},"excerpt":{"rendered":"<p style=\"text-align: justify;\">\n<p style=\"text-align: justify;\">Ankara&#8217;daki Hopa eyleminde g\u00f6zalt\u0131na al\u0131nanlar ya\u015fad\u0131klar\u0131 polis i\u015fkencesini g\u00f6zya\u015flar\u0131yla anlatt\u0131. Otob\u00fcste 5 saat Ankara&#8217;da g\u00f6zalt\u0131na al\u0131nan ve y\u00fczlerindeki morluklar ile kollar\u0131ndaki kelep\u00e7e izleri h\u00e2l\u00e2 ge\u00e7meyen eylemciler, polis otob\u00fcs\u00fc ve emniyette &#8216;darp, taciz ve hakarete&#8216; u\u011frad\u0131klar\u0131n\u0131 belirtti. Ya\u015fad\u0131klar\u0131n\u0131 g\u00f6zya\u015flar\u0131yla anlatan BES \u00fcyesi Hac\u0131 \u00d6zkan &#8220;Orada ya\u015fad\u0131klar\u0131m\u0131 anama diyemedim. Umar\u0131m bu i\u015fkenceyi <\/p>\n","protected":false},"author":1,"featured_media":0,"comment_status":"open","ping_status":"closed","sticky":false,"template":"","format":"standard","meta":{"footnotes":""},"categories":[105],"tags":[247],"class_list":["post-34315","post","type-post","status-publish","format-standard","hentry","category-gundem","tag-hopa-olaylari","odd"],"_links":{"self":[{"href":"http:\/\/www.korhanyilmaz.com\/index.php?rest_route=\/wp\/v2\/posts\/34315","targetHints":{"allow":["GET"]}}],"collection":[{"href":"http:\/\/www.korhanyilmaz.com\/index.php?rest_route=\/wp\/v2\/posts"}],"about":[{"href":"http:\/\/www.korhanyilmaz.com\/index.php?rest_route=\/wp\/v2\/types\/post"}],"author":[{"embeddable":true,"href":"http:\/\/www.korhanyilmaz.com\/index.php?rest_route=\/wp\/v2\/users\/1"}],"replies":[{"embeddable":true,"href":"http:\/\/www.korhanyilmaz.com\/index.php?rest_route=%2Fwp%2Fv2%2Fcomments&post=34315"}],"version-history":[{"count":0,"href":"http:\/\/www.korhanyilmaz.com\/index.php?rest_route=\/wp\/v2\/posts\/34315\/revisions"}],"wp:attachment":[{"href":"http:\/\/www.korhanyilmaz.com\/index.php?rest_route=%2Fwp%2Fv2%2Fmedia&parent=34315"}],"wp:term":[{"taxonomy":"category","embeddable":true,"href":"http:\/\/www.korhanyilmaz.com\/index.php?rest_route=%2Fwp%2Fv2%2Fcategories&post=34315"},{"taxonomy":"post_tag","embeddable":true,"href":"http:\/\/www.korhanyilmaz.com\/index.php?rest_route=%2Fwp%2Fv2%2Ftags&post=34315"}],"curies":[{"name":"wp","href":"https:\/\/api.w.org\/{rel}","templated":true}]}}