{"id":34303,"date":"2011-06-11T10:05:55","date_gmt":"2011-06-11T07:05:55","guid":{"rendered":"http:\/\/www.korhanyilmaz.com\/?p=34303"},"modified":"2011-07-10T22:06:42","modified_gmt":"2011-07-10T19:06:42","slug":"haci-ozkanin-anasina-soylemedigi-hakaret-dayak-taciz","status":"publish","type":"post","link":"http:\/\/www.korhanyilmaz.com\/?p=34303","title":{"rendered":"Hac\u0131 \u00d6zkan&#8217;in anas\u0131na s\u00f6ylemedi\u011fi: Hakaret, dayak, taciz"},"content":{"rendered":"<p style=\"text-align: center;\"><a class=\"lightview\" href=\"http:\/\/www.korhanyilmaz.com\/wp-content\/uploads\/2011\/06\/052.jpeg\"  class=\"lightview\"><img loading=\"lazy\" decoding=\"async\" class=\"aligncenter size-full wp-image-34305\" src=\"http:\/\/www.korhanyilmaz.com\/wp-content\/uploads\/2011\/06\/052.jpeg\" alt=\"\" width=\"384\" height=\"254\" \/><\/a><\/p>\n<p style=\"text-align: center;\"><a class=\"lightview\" title=\" :::: width:550, height:413\" href=\"\/swf\/flvplayer.swf?file=http:\/\/video.radikal.com.tr\/video\/2011\/06\/10\/1498.flv&amp;skin=\/swf\/nacht.zip&amp;menu=false&amp;volume=45&amp;autostart=true&amp;volume=50&amp;controlbar=over&amp;stretching=exactfit\" rel=\"set[]\"><img decoding=\"async\" src=\"http:\/\/www.korhanyilmaz.com\/wp-data\/images\/videoizle1.png\" alt=\"\" \/><\/a><\/p>\n<p style=\"text-align: justify;\">Hopa&#8217;daki olaylar\u0131 Ankara&#8217;da protesto ederken g\u00f6zalt\u0131na al\u0131nanlar anlat\u0131yor: Polis otob\u00fcs\u00fcnde kelep\u00e7e, toplu dayak, k\u00fcf\u00fcr, hakaret, taciz vard\u0131.<\/p>\n<p style=\"text-align: justify;\">ANKARA\/\u0130STANBUL &#8211; Hopa\u2019da 31 May\u0131s\u2019ta Ba\u015fbakan Recep Tayyip Erdo\u011fan\u2019\u0131 protesto s\u0131ras\u0131nda \u00f6\u011fretmen Metin Lokumcu\u2019nun gaz bombas\u0131yla ya\u015fam\u0131n\u0131 yitirmesi \u00fczerine Ankara ve \u0130stanbul\u2019da ayn\u0131 g\u00fcn protestolar d\u00fczenlenmi\u015f, ba\u015fkentteki eyleme polis m\u00fcdahale etmi\u015fti. Arbede sonras\u0131 \u00d6zg\u00fcr \u00c7a\u011fda\u015f Ersoy, Ozan G\u00fcndo\u011fdu, Soner Torlak, G\u00f6ksel Ilg\u0131n ve Ferat Konuk\u00e7u; 3 Haziran\u2019da tutukland\u0131. <!--more--><\/p>\n<p style=\"text-align: justify;\">G\u00f6sterilerde panzerin \u00fczerine \u00e7\u0131kan Halkevleri MYK \u00dcyesi Dil\u015fat Ayd\u0131n\u2019\u0131n, polislerce kal\u00e7as\u0131 k\u0131r\u0131lacak \u015fekilde d\u00f6v\u00fcld\u00fc\u011f\u00fc ileri s\u00fcr\u00fcld\u00fc. G\u00f6zalt\u0131 ve sonras\u0131nda ya\u015fananlarla ilgili \u00f6nceki g\u00fcnk\u00fc bas\u0131n a\u00e7\u0131klamas\u0131nda konu\u015fan Hac\u0131 \u00d6zkan adl\u0131 sendikac\u0131, g\u00f6zalt\u0131na al\u0131nd\u0131\u011f\u0131 g\u00fcn ya\u015fad\u0131klar\u0131n\u0131 a\u011flayarak ve \u201cOrada ya\u015fad\u0131klar\u0131m\u0131 anama diyemedim. Umar\u0131m bu i\u015fkenceyi yapanlar analar\u0131na s\u00f6yleyebilmi\u015flerdir\u201d diye anlatm\u0131\u015ft\u0131. \u00d6zkan neler mi ya\u015fam\u0131\u015ft\u0131? G\u00f6steriden sonra tutuklanan be\u015f ki\u015fiden biri olan Soner Torlak, o g\u00fcn Hac\u0131 \u00d6zkan ile ayn\u0131 otob\u00fcsteydi:<\/p>\n<p style=\"text-align: justify;\"><strong>\u0130\u015fkenceye yolculuk<\/strong><\/p>\n<p style=\"text-align: justify;\">\u201cOtob\u00fcste birka\u00e7 ki\u015fiye lin\u00e7 denebilecek bi\u00e7imde toplu dayak at\u0131ld\u0131. \u00d6rne\u011fin Hac\u0131 adl\u0131 arkada\u015f\u0131m\u0131n Dan\u0131\u015ftay\u2019da memur oldu\u011funu \u00f6\u011frendiklerinde \u2018B\u00f6ylesi o. \u00e7ocuklar\u0131 ancak Dan\u0131\u015ftay\u2019dan \u00e7\u0131kar\u2019 diye k\u00fcfredildi. Plastik kelep\u00e7elerle ellerimiz arkadan ve s\u0131k\u0131larak ba\u011fland\u0131. Herkese k\u00fcfredildi, dayak at\u0131ld\u0131.\u201d Yakla\u015f\u0131k be\u015f saati polis otob\u00fcs\u00fcnde ge\u00e7iren di\u011fer g\u00f6stericiler de ayn\u0131 \u2018i\u015fkenceye yolculuk\u2019tan bahsediyordu: \u201cYol boyunca s\u0131rayla ve topluca dayak at\u0131ld\u0131, yaral\u0131 halde g\u00f6zalt\u0131na al\u0131nanlar dahi diki\u015fleri patlay\u0131ncaya kadar d\u00f6v\u00fcld\u00fc, \u2018\u00c7ocuklara vurmay\u0131n\u2019 diyen ya\u015fl\u0131lar tokatland\u0131, kad\u0131nlar elle taciz edildi, a\u011f\u0131r k\u00fcf\u00fcrler ya\u011fd\u0131r\u0131ld\u0131.\u201d ODT\u00dc \u00f6\u011frencisi \u00d6m\u00fcr \u00c7a\u011fda\u015f Ersoy da Dil\u015fat Akta\u015f\u2019\u0131n sopalarla d\u00f6v\u00fclmesine tan\u0131k oldu\u011funu iddia etti:<\/p>\n<p style=\"text-align: justify;\"><strong>\u2018Anlatmaya utan\u0131yorum\u2019<\/strong><\/p>\n<p style=\"text-align: justify;\">\u201cG\u00fcvenlik \u015eube\u2019ye ba\u011fl\u0131 10 polis soda \u015fi\u015fesi ve ta\u015f atarak, kal\u0131n tahta sopalarla bir kad\u0131n\u0131 kovalamaya ba\u015flad\u0131lar. Kad\u0131n\u0131 d\u00f6vd\u00fcler. \u015eahit oldu\u011fumu g\u00f6r\u00fcnce beni de d\u00f6vd\u00fcler. Bar\u0131\u015f \u00d6nal ve Murat Akku\u015f\u2019u elleri kelep\u00e7eliyken d\u00f6vd\u00fcler. \u2018D\u00f6vmeyin \u00e7ocuklar\u0131\u2019 diyen Ahmet Altun\u2019u da d\u00f6vd\u00fcler.\u201d Tutuksuz yarg\u0131lanmak \u00fczere serbest b\u0131rak\u0131lan Zeynep Cansu Elifo\u011flu da cinsel taciz ve \u015fiddet iddias\u0131n\u0131 yineliyor: \u201cKar\u015f\u0131 koltukta oturan kel bir ki\u015finin 30-40 defa kafas\u0131na tokat att\u0131lar. Bunu yapan polislerden birinin ad\u0131, Ramazan\u2019d\u0131. Bir polis \u00fczerime oturdu. G\u00f6\u011f\u00fcslerimden s\u0131karak itti.\u201d<\/p>\n<div style=\"width: 410px\" class=\"wp-caption aligncenter\"><a href=\"http:\/\/www.korhanyilmaz.com\/wp-content\/uploads\/2011\/06\/051.jpeg\"  class=\"lightview\"><img loading=\"lazy\" decoding=\"async\" class=\" \" src=\"http:\/\/www.korhanyilmaz.com\/wp-content\/uploads\/2011\/06\/051.jpeg\" alt=\"\" width=\"400\" height=\"267\" \/><\/a><p class=\"wp-caption-text\">Ankara da 31 May\u0131s g\u00fcn\u00fc d\u00fczenlenen Hopa olaylar\u0131n\u0131 protesto y\u00fcr\u00fcy\u00fc\u015f\u00fcnde polisle eylemciler kar\u015f\u0131 kar\u015f\u0131ya gelmi\u015fti.<\/p><\/div>\n<p style=\"text-align: justify;\">Eski KESK Bas\u0131n Yay\u0131n Sorumlusu H\u00fcseyin G\u00fclp\u0131nar, \u201cBe\u015f saat boyunca i\u015fkenceye maruz kald\u0131k. Hakaretlerini ve ya\u015fad\u0131klar\u0131m\u0131z\u0131 anlatmaya ben utan\u0131yorum. \u00d6zellikle kad\u0131n arkada\u015flar\u0131m\u0131za a\u011f\u0131r k\u00fcf\u00fcrler edildi. Taciz ediyorlard\u0131. Ba\u015f\u0131m\u0131za bir ki\u015fi bas\u0131yordu ve di\u011ferleri d\u00f6v\u00fcyordu\u201d derken, Ankara Barosu Ba\u015fkan\u0131 Metin Feyzio\u011flu da emniyet bah\u00e7esinde park etmi\u015f otob\u00fcslerdeki i\u015fkenceyi \u201cEmniyet m\u00fcd\u00fcr yard\u0131mc\u0131s\u0131 da \u015fa\u015f\u0131rd\u0131. Ben tepki verince, talimat verdi ve kelep\u00e7eleri \u00e7\u00f6zd\u00fcrd\u00fc\u201d diye anlatt\u0131.<\/p>\n<p style=\"text-align: justify;\"><strong>Polis: Vatanda\u015f m\u00fcdahale etti<\/strong><\/p>\n<p style=\"text-align: justify;\">Polisin haz\u0131rlad\u0131\u011f\u0131 \u2018Olayl\u0131 Yakalama Tutana\u011f\u0131\u2019nda g\u00f6stericilerin flama, soda \u015fi\u015fesi, ta\u015f ve sopalara polislere sald\u0131rd\u0131klar\u0131, bir\u00e7ok polisin yaraland\u0131\u011f\u0131 ve baz\u0131lar\u0131n\u0131n lin\u00e7 olmaktan kurtuldu\u011fu, 200 ki\u015filik bir grubun K\u0131z\u0131lay\u2019\u0131 trafi\u011fe kapatt\u0131\u011f\u0131, polis otolar\u0131n\u0131n hedef al\u0131nd\u0131\u011f\u0131, bir trafik polisinin lin\u00e7ten son anda kurtar\u0131ld\u0131\u011f\u0131 ileri s\u00fcr\u00fcld\u00fc. Tutanakta \u2018baz\u0131 vatanda\u015flar\u0131n eylemcilere tepki g\u00f6sterdi\u011fi\u2019 iddia edilerek, \u015fu ifadelere yer verildi: \u201cAyr\u0131ca bu s\u0131rada korsan g\u00f6stericilerin \u00e7evreye ta\u015f ve sopalarla yapt\u0131klar\u0131 sald\u0131r\u0131lara tepki g\u00f6steren baz\u0131 vatanda\u015flar taraf\u0131ndan ismi bilinmeyen eylemcilere m\u00fcdahale edildi\u011fi g\u00f6r\u00fclm\u00fc\u015ft\u00fcr.\u201d Tutanakta, 11\u2019i polise ait 12 resmi ara\u00e7 ile bir polis kameras\u0131n\u0131n hasar g\u00f6rd\u00fc\u011f\u00fc ileri s\u00fcr\u00fcld\u00fc.<\/p>\n<p style=\"text-align: justify;\"><a href=\"http:\/\/www.radikal.com.tr\/Radikal.aspx?aType=RadikalDetayV3&amp;ArticleID=1052435&amp;Date=11.06.2011&amp;CategoryID=77\" target=\"_blank\">Kaynak : Radikal<\/a><\/p>\n","protected":false},"excerpt":{"rendered":"<p style=\"text-align: center;\">\n<p style=\"text-align: center;\">\n<p style=\"text-align: justify;\">Hopa&#8217;daki olaylar\u0131 Ankara&#8217;da protesto ederken g\u00f6zalt\u0131na al\u0131nanlar anlat\u0131yor: Polis otob\u00fcs\u00fcnde kelep\u00e7e, toplu dayak, k\u00fcf\u00fcr, hakaret, taciz vard\u0131.<\/p>\n<p style=\"text-align: justify;\">ANKARA\/\u0130STANBUL &#8211; Hopa\u2019da 31 May\u0131s\u2019ta Ba\u015fbakan Recep Tayyip Erdo\u011fan\u2019\u0131 protesto s\u0131ras\u0131nda \u00f6\u011fretmen Metin Lokumcu\u2019nun gaz bombas\u0131yla ya\u015fam\u0131n\u0131 yitirmesi \u00fczerine Ankara ve \u0130stanbul\u2019da ayn\u0131 g\u00fcn protestolar d\u00fczenlenmi\u015f, ba\u015fkentteki eyleme <\/p>\n","protected":false},"author":1,"featured_media":0,"comment_status":"open","ping_status":"closed","sticky":false,"template":"","format":"standard","meta":{"footnotes":""},"categories":[105],"tags":[247],"class_list":["post-34303","post","type-post","status-publish","format-standard","hentry","category-gundem","tag-hopa-olaylari","odd"],"_links":{"self":[{"href":"http:\/\/www.korhanyilmaz.com\/index.php?rest_route=\/wp\/v2\/posts\/34303","targetHints":{"allow":["GET"]}}],"collection":[{"href":"http:\/\/www.korhanyilmaz.com\/index.php?rest_route=\/wp\/v2\/posts"}],"about":[{"href":"http:\/\/www.korhanyilmaz.com\/index.php?rest_route=\/wp\/v2\/types\/post"}],"author":[{"embeddable":true,"href":"http:\/\/www.korhanyilmaz.com\/index.php?rest_route=\/wp\/v2\/users\/1"}],"replies":[{"embeddable":true,"href":"http:\/\/www.korhanyilmaz.com\/index.php?rest_route=%2Fwp%2Fv2%2Fcomments&post=34303"}],"version-history":[{"count":0,"href":"http:\/\/www.korhanyilmaz.com\/index.php?rest_route=\/wp\/v2\/posts\/34303\/revisions"}],"wp:attachment":[{"href":"http:\/\/www.korhanyilmaz.com\/index.php?rest_route=%2Fwp%2Fv2%2Fmedia&parent=34303"}],"wp:term":[{"taxonomy":"category","embeddable":true,"href":"http:\/\/www.korhanyilmaz.com\/index.php?rest_route=%2Fwp%2Fv2%2Fcategories&post=34303"},{"taxonomy":"post_tag","embeddable":true,"href":"http:\/\/www.korhanyilmaz.com\/index.php?rest_route=%2Fwp%2Fv2%2Ftags&post=34303"}],"curies":[{"name":"wp","href":"https:\/\/api.w.org\/{rel}","templated":true}]}}