{"id":3429,"date":"2009-02-21T09:38:58","date_gmt":"2009-02-21T07:38:58","guid":{"rendered":"http:\/\/www.korhanyilmaz.com\/?p=3429"},"modified":"2009-02-21T09:38:58","modified_gmt":"2009-02-21T07:38:58","slug":"otele-kanli-baskin","status":"publish","type":"post","link":"http:\/\/www.korhanyilmaz.com\/?p=3429","title":{"rendered":"Otele kanl\u0131 bask\u0131n"},"content":{"rendered":"<p style=\"text-align: center;\"><img loading=\"lazy\" decoding=\"async\" class=\"aligncenter size-full wp-image-3430\" title=\"Otele kanl\u0131 bask\u0131n \" src=\"http:\/\/www.korhanyilmaz.com\/wp-content\/uploads\/2009\/02\/210220091443031919806.jpg\" alt=\"Otele kanl\u0131 bask\u0131n \" width=\"338\" height=\"216\" \/><\/p>\n<p style=\"text-align: justify;\"><strong>Kimli\u011fi belirsiz ki\u015filer, oteli bas\u0131p \u00e7al\u0131\u015fanlar\u0131 kur\u015fun ya\u011fmuruna tuttu: 2 \u00f6l\u00fc, 3 yaral\u0131<\/strong><\/p>\n<p style=\"text-align: justify;\">ADANA&#8217;da bir otele d\u00fczenlenen bask\u0131nda, 48 ya\u015f\u0131ndaki Veysi Ulukan ile 27 ya\u015f\u0131ndaki Kemal \u00dcg\u00fc \u00f6ld\u00fcr\u00fcld\u00fc, 30 ya\u015f\u0131ndaki Ali Sezen, 22 ya\u015f\u0131ndaki Muhammed Karabulut ile 26 ya\u015f\u0131ndaki a\u011fabeyi Halil Karabulut a\u011f\u0131r yaraland\u0131.<\/p>\n<p style=\"text-align: justify;\">Olay, bug\u00fcn saat 06.00 s\u0131ralar\u0131nda Abidinpa\u015fa Caddesi&#8217;ndeki Santral Palas Oteli&#8217;nde meydana geldi. Otele gelen kimli\u011fi belirsiz ki\u015filer ile otel m\u00fcd\u00fcr\u00fc 30 ya\u015f\u0131ndaki Ali Sezen aras\u0131nda hen\u00fcz belirlenemeyen nedenle tart\u0131\u015fma \u00e7\u0131kt\u0131. Tart\u0131\u015fman\u0131n b\u00fcy\u00fcmesi \u00fczerine kimli\u011fi belirsiz ki\u015filer, tabancalar\u0131n\u0131 \u00e7ekip, Ali Sezen ve beraberindeki otel \u00e7al\u0131\u015fanlar\u0131n\u0131 kur\u015fun ya\u011fmuruna tuttu. Mermilerin isabet etti\u011fi Ali Sezen, 48 ya\u015f\u0131ndaki Veysi Ulukan 27 ya\u015f\u0131ndaki Kemal \u00dcg\u00fc, 22 ya\u015f\u0131ndaki Muhammed Karabulut ile 26 ya\u015f\u0131ndaki a\u011fabeyi Halil Karabulut kanlar i\u00e7inde yere y\u0131\u011f\u0131ld\u0131.<!--more--><br \/>\nKayal\u0131ba\u011f Mahallesi ara sokaklar\u0131nda devriye g\u00f6revi yaparken silah seslerini duyan polis ekipleri hemen otele gitti. Polis ekipleri olay yerine sa\u011fl\u0131k ekibi \u00e7a\u011f\u0131rd\u0131. Yaral\u0131lardan Ali Sezen ve Veysi Ulukan Adana Numune, Halil ve Muhammet Karabulut karde\u015fler ise Adana Devlet Hastanesi&#8217;ne kald\u0131r\u0131ld\u0131. Ancak, Veysi Ulukan yap\u0131lan t\u00fcm m\u00fcdahalelere kar\u015f\u0131n yolda \u00f6ld\u00fc. Kald\u0131r\u0131ld\u0131klar\u0131 hastanelerede ilk tedavileri yap\u0131lan Ali Sezen \u00c7ukurova \u00dcniversitesi Balcal\u0131 Hastanesi&#8217;ne, Muhammet Karabulut ise Adana Numune Hastanesi&#8217;ne sevk edildi.\n<\/p>\n<p style=\"text-align: justify;\">Di\u011fer gruptan oldu\u011fu tahmin edilen yaral\u0131lardan Kemal \u00dcg\u00fc ise kimli\u011fi belirsiz ki\u015filerce \u00d6zel Adana Hastanesi Acil Servisi \u00f6n\u00fcne b\u0131rak\u0131ld\u0131. Burada ilk tedavisi yap\u0131lan \u00dcg\u00fc, sevk edildi\u011fi \u00c7ukuroav \u00dcniversitesi Balcal\u0131 Hastansi&#8217;nde t\u00fcm \u00e7abalara kar\u015f\u0131n kurtar\u0131lamad\u0131.<\/p>\n<p style=\"text-align: justify;\"><strong>2 K\u0130\u015e\u0130 G\u00d6ZALTINDA<\/strong><\/p>\n<p style=\"text-align: justify;\">Sald\u0131r\u0131 s\u0131ras\u0131nda otelin bar\u0131nda bulunan 1&#8217;i kad\u0131n 2 ki\u015fi g\u00f6zalt\u0131na al\u0131nd\u0131. Kimli\u011fi a\u00e7\u0131klanmayan kad\u0131n ekip otosuna bindirilirken, &#8220;Ben ondan ayr\u0131lm\u0131\u015ft\u0131m, g\u00f6r\u00fc\u015fm\u00fcyordum&#8221; diyerek g\u00f6zya\u015f\u0131 d\u00f6kt\u00fc.<\/p>\n<p style=\"text-align: justify;\">Sol kas\u0131\u011f\u0131na isabet eden kur\u015funla a\u011f\u0131r yaralanan Halil Karabulut ise silahl\u0131 sald\u0131r\u0131n\u0131n kad\u0131n meselesinden kaynakland\u0131\u011f\u0131n\u0131 \u00f6ne s\u00fcrerek, &#8220;Bask\u0131n\u0131 &#8216;Adres Bar&#8217;\u0131n sahipleri ger\u00e7ekle\u015ftirdi&#8221; iddias\u0131nda bulundu. Cinayet B\u00fcrosu ekipleri kanl\u0131 bask\u0131n ile ilgili soru\u015fturmay\u0131 s\u00fcrd\u00fcr\u00fcyor.<\/p>\n<p style=\"text-align: justify;\"><span style=\"color: #888888;\">Fatih KARA\u00c7ALI\/ADANA, (DHA)<\/span><\/p>\n<p style=\"text-align: justify;\">\n","protected":false},"excerpt":{"rendered":"<p style=\"text-align: center;\">\n<p style=\"text-align: justify;\">Kimli\u011fi belirsiz ki\u015filer, oteli bas\u0131p \u00e7al\u0131\u015fanlar\u0131 kur\u015fun ya\u011fmuruna tuttu: 2 \u00f6l\u00fc, 3 yaral\u0131<\/p>\n<p style=\"text-align: justify;\">ADANA&#8217;da bir otele d\u00fczenlenen bask\u0131nda, 48 ya\u015f\u0131ndaki Veysi Ulukan ile 27 ya\u015f\u0131ndaki Kemal \u00dcg\u00fc \u00f6ld\u00fcr\u00fcld\u00fc, 30 ya\u015f\u0131ndaki Ali Sezen, 22 ya\u015f\u0131ndaki Muhammed Karabulut ile 26 ya\u015f\u0131ndaki a\u011fabeyi Halil Karabulut a\u011f\u0131r yaraland\u0131.<\/p>\n<p style=\"text-align: justify;\">Olay, bug\u00fcn <\/p>\n","protected":false},"author":1,"featured_media":0,"comment_status":"open","ping_status":"closed","sticky":false,"template":"","format":"standard","meta":{"footnotes":""},"categories":[7],"tags":[],"class_list":["post-3429","post","type-post","status-publish","format-standard","hentry","category-ekonomi","odd"],"_links":{"self":[{"href":"http:\/\/www.korhanyilmaz.com\/index.php?rest_route=\/wp\/v2\/posts\/3429","targetHints":{"allow":["GET"]}}],"collection":[{"href":"http:\/\/www.korhanyilmaz.com\/index.php?rest_route=\/wp\/v2\/posts"}],"about":[{"href":"http:\/\/www.korhanyilmaz.com\/index.php?rest_route=\/wp\/v2\/types\/post"}],"author":[{"embeddable":true,"href":"http:\/\/www.korhanyilmaz.com\/index.php?rest_route=\/wp\/v2\/users\/1"}],"replies":[{"embeddable":true,"href":"http:\/\/www.korhanyilmaz.com\/index.php?rest_route=%2Fwp%2Fv2%2Fcomments&post=3429"}],"version-history":[{"count":0,"href":"http:\/\/www.korhanyilmaz.com\/index.php?rest_route=\/wp\/v2\/posts\/3429\/revisions"}],"wp:attachment":[{"href":"http:\/\/www.korhanyilmaz.com\/index.php?rest_route=%2Fwp%2Fv2%2Fmedia&parent=3429"}],"wp:term":[{"taxonomy":"category","embeddable":true,"href":"http:\/\/www.korhanyilmaz.com\/index.php?rest_route=%2Fwp%2Fv2%2Fcategories&post=3429"},{"taxonomy":"post_tag","embeddable":true,"href":"http:\/\/www.korhanyilmaz.com\/index.php?rest_route=%2Fwp%2Fv2%2Ftags&post=3429"}],"curies":[{"name":"wp","href":"https:\/\/api.w.org\/{rel}","templated":true}]}}