{"id":34275,"date":"2011-06-11T10:57:06","date_gmt":"2011-06-11T07:57:06","guid":{"rendered":"http:\/\/www.korhanyilmaz.com\/?p=34275"},"modified":"2011-07-11T00:19:31","modified_gmt":"2011-07-10T21:19:31","slug":"metin-lokumcunun-otopsi-raporu-aciklandi","status":"publish","type":"post","link":"http:\/\/www.korhanyilmaz.com\/?p=34275","title":{"rendered":"Metin Lokumcu&#8217;nun otopsi raporu a\u00e7\u0131kland\u0131!"},"content":{"rendered":"<p style=\"text-align: center;\"><a href=\"http:\/\/www.korhanyilmaz.com\/wp-content\/uploads\/2011\/06\/046.jpg\"  class=\"lightview\"><img loading=\"lazy\" decoding=\"async\" class=\"aligncenter size-full wp-image-34276\" src=\"http:\/\/www.korhanyilmaz.com\/wp-content\/uploads\/2011\/06\/046.jpg\" alt=\"\" width=\"292\" height=\"278\" \/><\/a><\/p>\n<p style=\"text-align: justify;\">Adli T\u0131p&#8217;tan al\u0131nan ilk \u00f6n rapora g\u00f6re ast\u0131m ve bron\u015fit hastas\u0131 Metin Lokumcu&#8217;nunun biber gaz\u0131 ve heyecan\u0131n tetiklemesi sonucu kalp krizi ge\u00e7irerek hayat\u0131n\u0131 kaybetti\u011fi \u00f6\u011frenildi. Otopside herhangi darbeye rastlanmad\u0131\u011f\u0131 bildirildi. Kesin otopsi sonucu bir ay sonra belirlenecek. <!--more--><\/p>\n<p style=\"text-align: justify;\">Ba\u015fbakan Recep Tayyip Erdo\u011fan\u2019\u0131n olayl\u0131 Hopa mitinginde \u00e7\u0131kan olaylarda hayat\u0131n\u0131 kaybeden emekli \u00f6\u011fretmen 54 ya\u015f\u0131ndaki Metin Lokumcu\u2019nun cenazesi Trabzon\u2019daki otopsinin ard\u0131ndan topra\u011fa verilmek \u00fczere Hopa\u2019n\u0131n Kemalpa\u015fa Beldesi\u2019ne g\u00f6nderildi. Ast\u0131m bron\u015fit hastas\u0131 olan Lokumcu\u2019nun ilk bulgulara g\u00f6re \u2019biber gaz\u0131n\u0131n bu hastal\u0131\u011f\u0131 tetiklemesi ve a\u015f\u0131r\u0131 heyecana ba\u011fl\u0131 olarak kalp krizi\u2019 ge\u00e7irerek hayat\u0131n\u0131 kaybetti\u011fi belirtildi. Cenazeyi almak i\u00e7in Trabzon\u2019a gelen \u00d6DP Genel Ba\u015fkan\u0131 Alper Ta\u015f, &#8220;Ba\u015fbakan \u2018E\u015fk\u0131ya Hopa\u2019ya inmi\u015f\u2019 dedi ama orada \u00fcniformal\u0131 bir devlet ter\u00f6r\u00fc ya\u015fand\u0131&#8221; dedi.<\/p>\n<p style=\"text-align: justify;\">Hopa\u2019daki olayl\u0131 mitingde \u00e7\u0131kan olaylarda emekli \u00f6\u011fretmen Metin Lokumcu kalp krizi ge\u00e7irerek hayat\u0131n\u0131 kaybetti, Ba\u015fbakan Erdo\u011fan\u2019\u0131n i\u00e7inde bulundu\u011fu se\u00e7im otob\u00fcs\u00fcn\u00fcn ta\u015flanmas\u0131 s\u0131ras\u0131nda ba\u015f\u0131na ta\u015f isabet ederek arka kap\u0131dan d\u00fc\u015fen koruma polisi 36 ya\u015f\u0131ndaki polis memuru Servet Erkan da a\u011f\u0131r yaraland\u0131.<\/p>\n<p style=\"text-align: justify;\">Emekli \u00f6\u011fretmen Metin Lokumcu\u2019nun cenazesi d\u00fcn gece ge\u00e7 saatlerde Trabzon Adli T\u0131p Grup Ba\u015fkanl\u0131\u011f\u0131\u2019na getirildi. Sabah saatlerinde savc\u0131n\u0131n gelmesiyle Metin Lokumcu\u2019ya otopsi yap\u0131ld\u0131 ve cenazesi yak\u0131nlar\u0131na teslim edildi. Lokumcu\u2019nun cenazesi daha sonra Hopa Belediyesi\u2019ne ait bir cenaze arac\u0131yla Hopa\u2019n\u0131n Kemalpa\u015fa Beldesi\u2019ne g\u00f6nderildi.<\/p>\n<p style=\"text-align: justify;\"><strong>\u00d6l\u00fcmde biber gaz\u0131 tetiklemesi <\/strong><\/p>\n<p style=\"text-align: justify;\">Ast\u0131m bron\u015fit hastas\u0131 olan Metin Lokumcu\u2019nun ilk belirlemelere g\u00f6re biber gaz\u0131n\u0131n bu hastal\u0131\u011f\u0131 tetiklemesi ve a\u015f\u0131r\u0131 heyecana ba\u011fl\u0131 olarak kalp krizi ge\u00e7irerek \u00f6ld\u00fc\u011f\u00fc belirlendi.<\/p>\n<p style=\"text-align: justify;\">Kesin otopsi raporunun \u00e7\u0131kmas\u0131n\u0131n bir ay kadar s\u00fcrebilece\u011fi ifade edilirken, Metin Lokumcu\u2019nun v\u00fccudunda kalp krizini tetikleyebilecek herhangi bir yara ve \u00e7\u00fcr\u00fck izine rastlanmad\u0131\u011f\u0131 vurguland\u0131.<\/p>\n<p style=\"text-align: justify;\"><strong>Ta\u015f: \u00dcniformal\u0131 devlet ter\u00f6r\u00fc <\/strong><\/p>\n<p style=\"text-align: justify;\">Metin Lokumcu\u2019nun cenazesini almak i\u00e7in Trabzon Adli T\u0131p Grup Ba\u015fkanl\u0131\u011f\u0131\u2019na gelen \u00d6zg\u00fcrl\u00fck ve Dayan\u0131\u015fma Partisi (\u00d6DP) Genel Ba\u015fkan\u0131 Alper Ta\u015f ise Hopa\u2019daki olaylar\u0131 de\u011ferlendirdi. Olaylar\u0131, Hopa\u2019da miting \u00f6ncesi Ba\u015fbakanl\u0131k korumalar\u0131n\u0131n as\u0131lan pankartlar\u0131 indirmesinin tetikledi\u011fini ileri s\u00fcren Alper Ta\u015f, \u015funlar\u0131 s\u00f6yledi:<\/p>\n<p style=\"text-align: justify;\">&#8220;Ba\u015fbakan\u2019\u0131n mitingi \u00f6ncesi insanlar Do\u011fu Karadeniz\u2019in ya\u015fad\u0131\u011f\u0131 sorunlar\u0131, \u00f6zellikle HES\u2019ler nedeniyle ya\u015fanan do\u011fa katliam\u0131 ve \u00e7ay \u00fcreticilerinin sorunlar\u0131n\u0131 dile getirmek amac\u0131yla miting alan\u0131n\u0131n yak\u0131nlar\u0131nda toplan\u0131yor. De\u011fi\u015fik binalara da bu konuya ili\u015fkin pankartlar\u0131n\u0131 as\u0131yorlar. &#8216;Su hayatt\u0131r sat\u0131lamaz\u2019, \u2018Karadeniz\u2019in asi \u00e7ocuklar\u0131 \u00c7aykur\u2019u \u00f6zelle\u015ftirtmeyecek\u2019 gibi pankartlar as\u0131yorlar. Burada sorun Ba\u015fbakanl\u0131k korumalar\u0131 ve polislerin pankartlar\u0131n indirilmesi y\u00f6n\u00fcndeki talepleriyle ba\u015fl\u0131yor. Oradaki insanlar\u0131n bunu demokratik bir hak olarak g\u00f6rd\u00fckleri i\u00e7in indirilmesine kar\u015f\u0131 \u00e7\u0131k\u0131yorlar. Bunun \u00fczerine orada toplanan b\u00fct\u00fcn insanlar\u0131n da\u011f\u0131t\u0131lmas\u0131na d\u00f6n\u00fck sald\u0131r\u0131 ger\u00e7ekle\u015ftiriliyor. Polis taraf\u0131ndan tazyikli su ve gaz bombalar\u0131 at\u0131l\u0131yor. O s\u0131rada arkada\u015f\u0131m\u0131z da g\u00f6rg\u00fc tan\u0131klar\u0131n\u0131n s\u00f6yledi\u011fine g\u00f6re darp ve gazdan etkileniyor ve kaybediyoruz.&#8221;<\/p>\n<p style=\"text-align: justify;\">Ba\u015fbakan Erdo\u011fan\u2019\u0131n Hopa\u2019dan Trabzon\u2019a ge\u00e7tikten sonra mitingte &#8220;E\u015fk\u0131ya Hopa\u2019ya inmi\u015f&#8221; s\u00f6zlerine tepki g\u00f6steren Alper Ta\u015f, s\u00f6zlerini \u015f\u00f6yle s\u00fcrd\u00fcrd\u00fc:<\/p>\n<p style=\"text-align: justify;\">&#8220;Ba\u015fbakan d\u00fcn Trabzon\u2019da, \u2018E\u015fk\u0131ya Hopa\u2019ya inmi\u015f\u2019 gibi laflar s\u00f6yl\u00fcyor ama orada e\u015fk\u0131yan\u0131n kim oldu\u011fu a\u00e7\u0131k\u00e7a belli. Hopa halk\u0131 de\u011fil ki e\u015fk\u0131ya. \u00dcniformal\u0131 bir devlet ter\u00f6r\u00fc var orada. Bunu g\u00f6rmek laz\u0131m. Sonu\u00e7ta insanlar ba\u015fbakan\u0131n mitingine fiili bir sald\u0131r\u0131 m\u0131 ger\u00e7ekle\u015ftirdi? Demokratik taleplerini ifade etmek i\u00e7in orada bulunuyorlard\u0131. Mitingi sabote etme gibi bir e\u011filim i\u00e7inde olmad\u0131 insanlar.&#8221;<\/p>\n<p style=\"text-align: justify;\">Alper Ta\u015f, hayat\u0131n\u0131 kaybeden Metin Lokumcu\u2019nun \u00fclke sorunlar\u0131na duyarl\u0131 bir parti dostlar\u0131 oldu\u011funu ifade ederek, &#8220;Bug\u00fcn arkada\u015f\u0131m\u0131z\u0131 defnedece\u011fiz. Bundan sonra hukuki s\u00fcre\u00e7 ba\u015flayacak. Gerekli yasal i\u015flemleri yapaca\u011f\u0131z. Arkada\u015f\u0131m\u0131z\u0131n katilinin bulunmas\u0131 ve yarg\u0131lanmas\u0131 gerekiyor&#8221; dedi.<\/p>\n<p style=\"text-align: justify;\">Hopa\u2019da bir \u00e7ok ki\u015finin g\u00f6zalt\u0131na al\u0131nmas\u0131n\u0131 da ele\u015ftiren Alper Ta\u015f, &#8220;Bug\u00fcn cenaze kald\u0131r\u0131lacak, siz gidip insanlar\u0131 g\u00f6zalt\u0131na al\u0131yorsunuz, gerilimi tekrar t\u0131rmand\u0131r\u0131yorsunuz. \u0130nsanlar\u0131n ac\u0131s\u0131n\u0131 payla\u015fmas\u0131na olanak vermek ve cenazenin defnedilmesini sa\u011flamakt\u0131 yap\u0131lmas\u0131 gereken. Bu ac\u0131ya kar\u015f\u0131 insanlar\u0131n akrabalar\u0131, dostlar\u0131 g\u00f6zalt\u0131na al\u0131n\u0131yor. Bug\u00fcn cenazemizi kald\u0131ral\u0131m ondan sonra hukuki anlamda ne hesapla\u015fma ger\u00e7ekle\u015fecekse biz de bunun bir par\u00e7as\u0131 olaca\u011f\u0131z zaten&#8221; diye konu\u015ftu.<\/p>\n<p style=\"text-align: justify;\"><strong>Trabzon\u2019da g\u00f6steri yap\u0131ld\u0131 <\/strong><\/p>\n<p style=\"text-align: justify;\">Bu arada Metin Lokumcu\u2019nun hayat\u0131n\u0131 kaybetmesini protesto etmek i\u00e7in Trabzon\u2019da g\u00f6steri yap\u0131ld\u0131. PTT binas\u0131 \u00f6n\u00fcnde toplanan KESK, CHP, \u00d6DP, Halkevi, TKP ve EMEP\u2019e ba\u011fl\u0131 yakla\u015f\u0131k 50 ki\u015fi bas\u0131n a\u00e7\u0131klamas\u0131 yaparak ve sloganlar atarak AK Parti\u2019ye tepki g\u00f6sterdi.<\/p>\n<p style=\"text-align: justify;\">G\u00f6steriye destek verenler ad\u0131na bas\u0131n a\u00e7\u0131klamas\u0131n\u0131 okuyan Muhammet Ekinci, Metin Lokumcu\u2019nun hayat\u0131n\u0131 bu \u00fclkenin \u00e7ocuklar\u0131n\u0131n e\u011fitimine adam\u0131\u015f bir e\u011fitim emek\u00e7isi oldu\u011funu belirterek, &#8220;Say\u0131n Ba\u015fbakan Hopa\u2019ya e\u015fk\u0131yalar indi\u011fini s\u00f6yledi. Buradan hayk\u0131r\u0131yoruz. Bu \u00fclkeyi, bu \u00fclkenin do\u011fas\u0131n\u0131, vadisini, deresini sevmekse e\u015fk\u0131yal\u0131k evet biz e\u015fk\u0131yay\u0131z. Suyumuza, eme\u011fimize, \u00f6zg\u00fcrl\u00fc\u011f\u00fcm\u00fcze sahip \u00e7\u0131kaca\u011f\u0131z. AKP ve politikalar\u0131na teslim olmayaca\u011f\u0131z&#8221; dedi.<\/p>\n<p style=\"text-align: justify;\">Grup daha sonra sloganlar atarak olays\u0131z bir \u015fekilde da\u011f\u0131ld\u0131.<\/p>\n<p style=\"text-align: justify;\"><strong>Yaralanan polisin tedavisi s\u00fcr\u00fcyor <\/strong><\/p>\n<p style=\"text-align: justify;\">Rize \u00dcniversitesi E\u011fitim ve Ara\u015ft\u0131rma Hastanesi Ba\u015fhekimi Do\u00e7. Dr. Hasan T\u00fcr\u00fct, Hopa&#8217;da, Ba\u015fbakan Recep Tayyip Erdo\u011fan&#8217;\u0131n konvoyuna yap\u0131lan ta\u015fl\u0131 sald\u0131r\u0131 s\u0131ras\u0131nda yaralanan polis memuru Servet Erkan&#8217;\u0131n tedavisinin s\u00fcrd\u00fc\u011f\u00fcn\u00fc belirtti.<\/p>\n<p style=\"text-align: justify;\">T\u00fcr\u00fct, AA muhabirine yapt\u0131\u011f\u0131 a\u00e7\u0131klamada, Ba\u015fbakanl\u0131k Koruma M\u00fcd\u00fcrl\u00fc\u011f\u00fcne mensup polis memuru Servet Erkan&#8217;\u0131n travma tan\u0131s\u0131yla solunum cihaz\u0131na ba\u011fl\u0131 olarak hastanelerine getirildi\u011fini an\u0131msatt\u0131.<\/p>\n<p style=\"text-align: justify;\">Beyinde \u00f6dem ve kanama, beyin zar\u0131n\u0131n alt\u0131nda da sorun tespit ettikleri Erkan&#8217;\u0131 acil ameliyata ald\u0131klar\u0131n\u0131 anlatan T\u00fcr\u00fct, &#8220;Ba\u015far\u0131l\u0131 ge\u00e7en ameliyat\u0131n ard\u0131ndan hastay\u0131 yo\u011fun bak\u0131m \u00fcnitesine ald\u0131k. Hayati fonksiyonlar\u0131 normal, \u015fu an i\u00e7in bir sorun yok. Hastay\u0131 uyutuyoruz. Bug\u00fcn tekrar tomografi \u00e7ekip kanaman\u0131n devam edip etmedi\u011fine bakaca\u011f\u0131z&#8221; diye konu\u015ftu.<\/p>\n<p style=\"text-align: justify;\"><a href=\"http:\/\/www.cnnturk.com\/2011\/turkiye\/06\/01\/metin.lokumcunun.otopsi.raporu.aciklandi\/618605.0\/index.html\" target=\"_blank\">Kaynak : CNN T\u00dcRK<\/a><\/p>\n","protected":false},"excerpt":{"rendered":"<p style=\"text-align: center;\">\n<p style=\"text-align: justify;\">Adli T\u0131p&#8217;tan al\u0131nan ilk \u00f6n rapora g\u00f6re ast\u0131m ve bron\u015fit hastas\u0131 Metin Lokumcu&#8217;nunun biber gaz\u0131 ve heyecan\u0131n tetiklemesi sonucu kalp krizi ge\u00e7irerek hayat\u0131n\u0131 kaybetti\u011fi \u00f6\u011frenildi. Otopside herhangi darbeye rastlanmad\u0131\u011f\u0131 bildirildi. Kesin otopsi sonucu bir ay sonra belirlenecek. <\/p>\n","protected":false},"author":1,"featured_media":0,"comment_status":"open","ping_status":"closed","sticky":false,"template":"","format":"standard","meta":{"footnotes":""},"categories":[105],"tags":[],"class_list":["post-34275","post","type-post","status-publish","format-standard","hentry","category-gundem","odd"],"_links":{"self":[{"href":"http:\/\/www.korhanyilmaz.com\/index.php?rest_route=\/wp\/v2\/posts\/34275","targetHints":{"allow":["GET"]}}],"collection":[{"href":"http:\/\/www.korhanyilmaz.com\/index.php?rest_route=\/wp\/v2\/posts"}],"about":[{"href":"http:\/\/www.korhanyilmaz.com\/index.php?rest_route=\/wp\/v2\/types\/post"}],"author":[{"embeddable":true,"href":"http:\/\/www.korhanyilmaz.com\/index.php?rest_route=\/wp\/v2\/users\/1"}],"replies":[{"embeddable":true,"href":"http:\/\/www.korhanyilmaz.com\/index.php?rest_route=%2Fwp%2Fv2%2Fcomments&post=34275"}],"version-history":[{"count":0,"href":"http:\/\/www.korhanyilmaz.com\/index.php?rest_route=\/wp\/v2\/posts\/34275\/revisions"}],"wp:attachment":[{"href":"http:\/\/www.korhanyilmaz.com\/index.php?rest_route=%2Fwp%2Fv2%2Fmedia&parent=34275"}],"wp:term":[{"taxonomy":"category","embeddable":true,"href":"http:\/\/www.korhanyilmaz.com\/index.php?rest_route=%2Fwp%2Fv2%2Fcategories&post=34275"},{"taxonomy":"post_tag","embeddable":true,"href":"http:\/\/www.korhanyilmaz.com\/index.php?rest_route=%2Fwp%2Fv2%2Ftags&post=34275"}],"curies":[{"name":"wp","href":"https:\/\/api.w.org\/{rel}","templated":true}]}}