{"id":34265,"date":"2011-06-11T10:15:45","date_gmt":"2011-06-11T07:15:45","guid":{"rendered":"http:\/\/www.korhanyilmaz.com\/?p=34265"},"modified":"2011-07-10T22:08:22","modified_gmt":"2011-07-10T19:08:22","slug":"yine-kitaplari-bombaya-benzetti","status":"publish","type":"post","link":"http:\/\/www.korhanyilmaz.com\/?p=34265","title":{"rendered":"Yine kitaplar\u0131 bombaya benzetti!"},"content":{"rendered":"<p><a href=\"http:\/\/www.korhanyilmaz.com\/wp-content\/uploads\/2011\/06\/045.jpg\"  class=\"lightview\"><img loading=\"lazy\" decoding=\"async\" class=\"aligncenter\" src=\"http:\/\/www.korhanyilmaz.com\/wp-content\/uploads\/2011\/06\/045.jpg\" alt=\"\" width=\"307\" height=\"236\" \/><\/a><\/p>\n<p style=\"text-align: justify;\">Ba\u015fbakan Erdo\u011fan, &#8220;Sizin kitap-bomba benzetmeniz Nedim \u015eener&#8217;i \u00e7ok rahats\u0131z etti. Kitap yazmak nas\u0131l ter\u00f6r olur?&#8221; sorusuna, &#8220;\u0130leride beyefendi ile bir araya gelirsek&#8230; \u00d6yle kitaplar vard\u0131r ki, bombadan daha tesirlidir&#8221; cevab\u0131n\u0131 verdi. <!--more--><\/p>\n<p style=\"text-align: justify;\">Ba\u015fbakan Erdo\u011fan, NTV&#8217;de, kat\u0131ld\u0131\u011f\u0131 &#8220;Se\u00e7ime Do\u011fru&#8221; program\u0131nda y\u00f6neltilen sorular\u0131 yan\u0131tlarken bug\u00fcn partisince A\u011fr\u0131&#8217;da d\u00fczenlenen mitingde &#8220;Biz ba\u015f\u0131m\u0131z dara d\u00fc\u015ft\u00fc\u011f\u00fcm\u00fczde millete gidiyoruz, karanl\u0131k odaklara gitmiyoruz&#8221; dedi\u011finin hat\u0131rlat\u0131lmas\u0131 \u00fczerine, \u015funlar\u0131 s\u00f6yledi:<\/p>\n<p style=\"text-align: justify;\">&#8220;Derinler var. Hatta derin karanl\u0131k odalar da vard\u0131r. Bu \u00fclke onlardan tabii \u00e7ok \u00e7ekti. Biz onlar\u0131 bu \u00fclkeden art\u0131k tamamen saf d\u0131\u015f\u0131 ediyoruz. \u0130n\u015fallah T\u00fcrkiye onlardan temizleniyor. Temiz siyaset AK Parti ile \u00fclkemizde yava\u015f yava\u015f egemen oluyor. \u00c7\u00fcnk\u00fc, milletimiz yola \u00e7\u0131karken bize bu rotay\u0131 \u00e7izdi. O zaman kamuoyu ara\u015ft\u0131rmalar\u0131n\u0131 yapt\u0131\u011f\u0131m\u0131z zaman bize \u0131srarla &#8216;temiz siyaset&#8217; dediler, &#8216;\u00e7eteler olmas\u0131n&#8217; dediler, &#8216;karanl\u0131k odalar olmas\u0131n&#8217; dediler, &#8216;derin devlet olmas\u0131n&#8217; dediler.<\/p>\n<p style=\"text-align: justify;\">Hep bunlar\u0131 bizden talep ettiler. 42 bin denek \u00fczerinde yapm\u0131\u015ft\u0131k. Partimizin ad\u0131n\u0131 Adalet ve Kalk\u0131nma Partisi koyarken k\u0131salt\u0131lm\u0131\u015fta da AK Parti koyduk. Bunun alt\u0131nda hep bunlar yat\u0131yor. bunlar manidard\u0131r. Bu \u015fekilde de s\u00fcreci ba\u015flatt\u0131k, b\u00f6yle de devam ediyor. Zannederim ki neticesi de g\u00fczel olacak. \u00c7\u00fcnk\u00fc milletimin talepleri yerine geliyor, milletim de kar\u015f\u0131l\u0131\u011f\u0131n\u0131 buldu\u011fu taleplerin cevab\u0131n\u0131 demokratik yoldan, demokrasiyi g\u00fc\u00e7lendirmek suretiyle en g\u00fczel \u015fekilde verecektir.&#8221;<\/p>\n<p style=\"text-align: justify;\">&#8220;\u0130ktidara ilk geldi\u011finiz zaman &#8216;H\u00fck\u00fcmet oldular ama iktidar olabilecekler mi?&#8217; diye bir soru vard\u0131. Bu soru h\u00fckm\u00fcn\u00fc yitirdi mi?&#8221; \u015feklindeki soruyu yan\u0131tlayan Erdo\u011fan, AK Parti&#8217;nin h\u00fck\u00fcmet ve iktidar oldu\u011funu s\u00f6yledi.<\/p>\n<p style=\"text-align: justify;\">Erdo\u011fan, &#8220;Bir\u00e7ok yap\u0131lanlar bizim asl\u0131nda muktedir olu\u015fumuzun en g\u00fczel ifadeleridir. Bu ba\u015far\u0131ld\u0131&#8221; dedi.<\/p>\n<p style=\"text-align: justify;\">Erdo\u011fan, &#8220;K\u00fcrt sorunu konusunda se\u00e7im kampanyas\u0131 boyunca sizin daha muhafazakar ve daha milliyet\u00e7i bir dil kulland\u0131\u011f\u0131n\u0131z\u0131 s\u00f6yleyenler oldu. \u00d6yle bir \u00fcslup de\u011fi\u015fikli\u011fi oldu mu?&#8221; sorununu yan\u0131tlarken &#8220;Ret politikalar\u0131n\u0131, inkar politikalar\u0131n\u0131 biz hallettik. Bu iktidarda b\u00f6yle bir \u015fey s\u00f6z konusu de\u011fil. Asimilasyonu biz hallettik. Bizim K\u00fcrt karde\u015flerimizle bir sorunumuz yok&#8221; dedi.<\/p>\n<p style=\"text-align: justify;\">AK Parti&#8217;de 60&#8217;\u0131 a\u015fk\u0131n K\u00fcrt milletvekili, H\u00fck\u00fcmette ise 4 K\u00fcrt bakan oldu\u011funa dikkati \u00e7eken Erdo\u011fan, &#8220;Bu \u00fclkede bu t\u00fcr bir problem yok. Sadece burada BDP, ter\u00f6r \u00f6rg\u00fct\u00fc bunun \u00fczerinden siyaset yap\u0131yor. \u0130stismar siyaseti bu. Biz tam aksini yap\u0131yoruz. Biz hizmet siyaseti yap\u0131yoruz, eser siyaseti yap\u0131yoruz. Bu \u00fclkenin karde\u015fli\u011fine, birli\u011fine, beraberli\u011fine vurgu yap\u0131yoruz. Bizi diri tutacak onlar. Onun i\u00e7in biz projemizin ad\u0131n\u0131 &#8216;Milli Birlik ve Karde\u015flik Projesi&#8217; koyduk. \u00d6yle y\u00fcr\u00fcyoruz, bunu da ayn\u0131 kararl\u0131l\u0131kla s\u00fcrd\u00fcrece\u011fiz. Temenni ederim ki birlik beraberlik i\u00e7inde bu i\u015fleri \u00e7\u00f6zeriz&#8221; diye konu\u015ftu.<\/p>\n<p style=\"text-align: justify;\">&#8220;K\u00fcrt\u00e7e ezan s\u00f6ylemini tehlikeli mi buluyorsunuz?&#8221; sorusuna Erdo\u011fan, &#8220;\u00c7ok, \u00e7ok tehlikeli bir \u015fey. Ezan\u0131n evrenselli\u011fi vard\u0131r, ezan\u0131n evrenselli\u011fine terstir. Almanya&#8217;da \u0130ngiltere&#8217;de, Malezya&#8217;da, Endonezya&#8217;da farkl\u0131 bir ezan dinlemezsiniz, ezan aynen \u00fclkemizde okundu\u011fu gibidir, hi\u00e7 de\u011fi\u015fmez, ortak \u00e7a\u011fr\u0131d\u0131r&#8221; yan\u0131t\u0131n\u0131 verdi.<\/p>\n<p style=\"text-align: justify;\"><strong>&#8220;\u00d6yle kitaplar var ki&#8230;&#8221; <\/strong><\/p>\n<p style=\"text-align: justify;\">Erdo\u011fan, tutukluluk s\u00fcrelerinin uzunlu\u011funa i\u015faret ederek, davalar\u0131n k\u0131sa s\u00fcrede karara ba\u011flanmas\u0131 gerekti\u011fini belirtti.<\/p>\n<p style=\"text-align: justify;\">Sorunun \u00e7\u00f6z\u00fcm\u00fc i\u00e7in personel al\u0131m\u0131na h\u0131z vermek istediklerini ifade eden Erdo\u011fan, Dan\u0131\u015ftay&#8217;\u0131n \u00f6nlerine kamera olay\u0131n\u0131 getirdi\u011fini dile getirdi. Erdo\u011fan, &#8220;Bug\u00fcne kadar kamera ile mi al\u0131n\u0131yordu personel? &#8216;Madem kamera diyorsunuz, biz de alm\u0131yoruz&#8217; dedik&#8221; dedi.<\/p>\n<p style=\"text-align: justify;\">\u0130lk derece mahkemelerine ciddi bir elaman al\u0131m\u0131 yap\u0131laca\u011f\u0131na i\u015faret eden Erdo\u011fan, B\u00f6lge Adliye Mahkemelerinin temyizin y\u00fck\u00fcn\u00fc alaca\u011f\u0131n\u0131 anlatt\u0131.<\/p>\n<p style=\"text-align: justify;\">&#8220;Sizin kitap-bomba benzetmeniz Nedim \u015eener&#8217;i \u00e7ok rahats\u0131z etti. Kitap yazmak nas\u0131l ter\u00f6r olur?&#8221; sorusu \u00fczerine Erdo\u011fan, &#8220;\u0130leride beyefendi ile bir araya gelirsek&#8230; \u00d6yle kitaplar vard\u0131r ki, bombadan daha tesirlidir&#8221; dedi.<\/p>\n<p style=\"text-align: justify;\"><a href=\"http:\/\/www.cnnturk.com\/2011\/turkiye\/06\/10\/yine.kitaplari.bombaya.benzetti\/619701.0\/index.html\" target=\"_blank\">Kaynak : CNN T\u00dcRK<\/a><\/p>\n","protected":false},"excerpt":{"rendered":"<\/p>\n<p style=\"text-align: justify;\">Ba\u015fbakan Erdo\u011fan, &#8220;Sizin kitap-bomba benzetmeniz Nedim \u015eener&#8217;i \u00e7ok rahats\u0131z etti. Kitap yazmak nas\u0131l ter\u00f6r olur?&#8221; sorusuna, &#8220;\u0130leride beyefendi ile bir araya gelirsek&#8230; \u00d6yle kitaplar vard\u0131r ki, bombadan daha tesirlidir&#8221; cevab\u0131n\u0131 verdi. <\/p>\n","protected":false},"author":1,"featured_media":0,"comment_status":"open","ping_status":"closed","sticky":false,"template":"","format":"standard","meta":{"footnotes":""},"categories":[105],"tags":[],"class_list":["post-34265","post","type-post","status-publish","format-standard","hentry","category-gundem","odd"],"_links":{"self":[{"href":"http:\/\/www.korhanyilmaz.com\/index.php?rest_route=\/wp\/v2\/posts\/34265","targetHints":{"allow":["GET"]}}],"collection":[{"href":"http:\/\/www.korhanyilmaz.com\/index.php?rest_route=\/wp\/v2\/posts"}],"about":[{"href":"http:\/\/www.korhanyilmaz.com\/index.php?rest_route=\/wp\/v2\/types\/post"}],"author":[{"embeddable":true,"href":"http:\/\/www.korhanyilmaz.com\/index.php?rest_route=\/wp\/v2\/users\/1"}],"replies":[{"embeddable":true,"href":"http:\/\/www.korhanyilmaz.com\/index.php?rest_route=%2Fwp%2Fv2%2Fcomments&post=34265"}],"version-history":[{"count":0,"href":"http:\/\/www.korhanyilmaz.com\/index.php?rest_route=\/wp\/v2\/posts\/34265\/revisions"}],"wp:attachment":[{"href":"http:\/\/www.korhanyilmaz.com\/index.php?rest_route=%2Fwp%2Fv2%2Fmedia&parent=34265"}],"wp:term":[{"taxonomy":"category","embeddable":true,"href":"http:\/\/www.korhanyilmaz.com\/index.php?rest_route=%2Fwp%2Fv2%2Fcategories&post=34265"},{"taxonomy":"post_tag","embeddable":true,"href":"http:\/\/www.korhanyilmaz.com\/index.php?rest_route=%2Fwp%2Fv2%2Ftags&post=34265"}],"curies":[{"name":"wp","href":"https:\/\/api.w.org\/{rel}","templated":true}]}}