{"id":34260,"date":"2011-06-10T20:37:55","date_gmt":"2011-06-10T17:37:55","guid":{"rendered":"http:\/\/www.korhanyilmaz.com\/?p=34260"},"modified":"2011-07-11T00:22:31","modified_gmt":"2011-07-10T21:22:31","slug":"milletvekili-adayi-olu-bulundu","status":"publish","type":"post","link":"http:\/\/www.korhanyilmaz.com\/?p=34260","title":{"rendered":"Milletvekili aday\u0131 \u00f6l\u00fc bulundu"},"content":{"rendered":"<p style=\"text-align: center;\"><a href=\"http:\/\/www.korhanyilmaz.com\/wp-content\/uploads\/2011\/06\/044.jpg\"  class=\"lightview\"><img loading=\"lazy\" decoding=\"async\" class=\"aligncenter size-full wp-image-34261\" src=\"http:\/\/www.korhanyilmaz.com\/wp-content\/uploads\/2011\/06\/044.jpg\" alt=\"\" width=\"292\" height=\"278\" \/><\/a><\/p>\n<p style=\"text-align: justify;\">Demokratik Sol Parti (DSP) Bitlis 2&#8217;nci s\u0131ra milletvekili aday\u0131 Bedri Ayd\u0131n, Bitlis&#8217;in Hizan il\u00e7esinin Kolludere beldesi yak\u0131n\u0131ndaki k\u0131rsal alanda \u00f6l\u00fc bulundu.<\/p>\n<p style=\"text-align: justify;\">AA muhabirinin ald\u0131\u011f\u0131 bilgiye g\u00f6re, Hizan il\u00e7e merkezinde ikamet eden ve iki g\u00fcnd\u00fcr kendisinden haber al\u0131namayan, DSP Bitlis 2&#8217;nci s\u0131ra milletvekili aday\u0131, 33 ya\u015f\u0131ndaki Bedri Ayd\u0131n&#8217;\u0131n cesedi, da\u011fda koyunlar\u0131n\u0131 otlatan bir \u00e7oban taraf\u0131ndan bulundu. <!--more--><\/p>\n<p style=\"text-align: justify;\">\u00c7oban\u0131n, da\u011fda \u00fczeri \u00e7al\u0131 \u00e7\u0131rp\u0131yla kapat\u0131lm\u0131\u015f cesedi g\u00f6r\u00fcrce, 112 ekiplerine ve jandarmaya haber verdi\u011fi \u00f6\u011frenildi.<\/p>\n<p style=\"text-align: justify;\">Ayd\u0131n&#8217;\u0131n otomobilinin ise Hizan Kolludere karayolunun 20&#8217;nci kilometresinde, \u00f6ld\u00fcr\u00fcld\u00fc\u011f\u00fc yerin yak\u0131nlar\u0131nda park halinde oldu\u011fu belirlendi.<\/p>\n<p style=\"text-align: justify;\">Olay yerinde kale\u015fnikof marka silaha ait mermiler bulundu\u011fu \u00f6\u011frenildi.<\/p>\n<p style=\"text-align: justify;\">Ayd\u0131n&#8217;\u0131n \u00f6l\u00fcm\u00fc \u00fczerine Hizan Cumhuriyet Savc\u0131s\u0131 olay yerinde incelemede bulundu. \u0130l\u00e7e Kaymakam\u0131 Mustafa Adil Tekeli, Hizan \u0130l\u00e7e Jandarma Komutan\u0131 Y\u00fczba\u015f\u0131 Ahmet Demirel de olay yerine giderek bilgi ald\u0131.<\/p>\n<p style=\"text-align: justify;\">\u00d6te yandan olay\u0131 duyan \u00e7ok say\u0131da vatanda\u015f da Ayd\u0131n&#8217;\u0131n \u00f6ld\u00fcr\u00fcld\u00fc\u011f\u00fc alana gitti.<\/p>\n<p style=\"text-align: justify;\"><a href=\"http:\/\/www.cnnturk.com\/2011\/turkiye\/06\/10\/milletvekili.adayi.olu.bulundu\/619692.0\/index.html\" target=\"_blank\">Kaynak : CNN T\u00dcRK<\/a><\/p>\n","protected":false},"excerpt":{"rendered":"<p style=\"text-align: center;\">\n<p style=\"text-align: justify;\">Demokratik Sol Parti (DSP) Bitlis 2&#8217;nci s\u0131ra milletvekili aday\u0131 Bedri Ayd\u0131n, Bitlis&#8217;in Hizan il\u00e7esinin Kolludere beldesi yak\u0131n\u0131ndaki k\u0131rsal alanda \u00f6l\u00fc bulundu.<\/p>\n<p style=\"text-align: justify;\">AA muhabirinin ald\u0131\u011f\u0131 bilgiye g\u00f6re, Hizan il\u00e7e merkezinde ikamet eden ve iki g\u00fcnd\u00fcr kendisinden haber al\u0131namayan, DSP Bitlis 2&#8217;nci s\u0131ra milletvekili aday\u0131, 33 ya\u015f\u0131ndaki Bedri Ayd\u0131n&#8217;\u0131n cesedi, <\/p>\n","protected":false},"author":1,"featured_media":0,"comment_status":"open","ping_status":"closed","sticky":false,"template":"","format":"standard","meta":{"footnotes":""},"categories":[105],"tags":[],"class_list":["post-34260","post","type-post","status-publish","format-standard","hentry","category-gundem","odd"],"_links":{"self":[{"href":"http:\/\/www.korhanyilmaz.com\/index.php?rest_route=\/wp\/v2\/posts\/34260","targetHints":{"allow":["GET"]}}],"collection":[{"href":"http:\/\/www.korhanyilmaz.com\/index.php?rest_route=\/wp\/v2\/posts"}],"about":[{"href":"http:\/\/www.korhanyilmaz.com\/index.php?rest_route=\/wp\/v2\/types\/post"}],"author":[{"embeddable":true,"href":"http:\/\/www.korhanyilmaz.com\/index.php?rest_route=\/wp\/v2\/users\/1"}],"replies":[{"embeddable":true,"href":"http:\/\/www.korhanyilmaz.com\/index.php?rest_route=%2Fwp%2Fv2%2Fcomments&post=34260"}],"version-history":[{"count":0,"href":"http:\/\/www.korhanyilmaz.com\/index.php?rest_route=\/wp\/v2\/posts\/34260\/revisions"}],"wp:attachment":[{"href":"http:\/\/www.korhanyilmaz.com\/index.php?rest_route=%2Fwp%2Fv2%2Fmedia&parent=34260"}],"wp:term":[{"taxonomy":"category","embeddable":true,"href":"http:\/\/www.korhanyilmaz.com\/index.php?rest_route=%2Fwp%2Fv2%2Fcategories&post=34260"},{"taxonomy":"post_tag","embeddable":true,"href":"http:\/\/www.korhanyilmaz.com\/index.php?rest_route=%2Fwp%2Fv2%2Ftags&post=34260"}],"curies":[{"name":"wp","href":"https:\/\/api.w.org\/{rel}","templated":true}]}}