{"id":34253,"date":"2011-06-11T00:03:47","date_gmt":"2011-06-10T21:03:47","guid":{"rendered":"http:\/\/www.korhanyilmaz.com\/?p=34253"},"modified":"2011-07-11T00:21:48","modified_gmt":"2011-07-10T21:21:48","slug":"metin-lokumcuyu-yine-elestirdi","status":"publish","type":"post","link":"http:\/\/www.korhanyilmaz.com\/?p=34253","title":{"rendered":"Metin Lokumcu&#8217;yu yine ele\u015ftirdi"},"content":{"rendered":"<p style=\"text-align: center;\"><a href=\"http:\/\/www.korhanyilmaz.com\/wp-content\/uploads\/2011\/06\/043.jpg\"  class=\"lightview\"><img loading=\"lazy\" decoding=\"async\" class=\"aligncenter size-full wp-image-34254\" src=\"http:\/\/www.korhanyilmaz.com\/wp-content\/uploads\/2011\/06\/043.jpg\" alt=\"\" width=\"322\" height=\"241\" \/><\/a><\/p>\n<p style=\"text-align: justify;\">Ba\u015fbakan Recep Tayyip Erdo\u011fan NTV&#8217;nin yay\u0131n\u0131na kat\u0131ld\u0131. Ru\u015fen \u00c7ak\u0131r&#8217;\u0131n s\u00f6z\u00fc Hopa&#8217;daki olaylarda hayat\u0131n\u0131 kaybeden Metin Lokumcu&#8217;ya getirmesi \u00fczerine Erdo\u011fan ellerinde ses kayd\u0131 ve foto\u011fraflar oldu\u011funu s\u00f6yledi. Bunun \u00fczerine &#8220;Ama \u00f6ld\u00fc efendim&#8221; diyen Ru\u015fen \u00c7ak\u0131r&#8217;a Erdo\u011fan, &#8220;ben bilmem&#8221; diyerek yan\u0131t verdi.<!--more--><\/p>\n<div style=\"text-align: justify;\">\n<p><strong>\u0130stanbul-<\/strong> Ba\u015fbakan Erdo\u011fan, O\u011fuz Haksever, Nermin Yurteri, Nilg\u00fcn Balka\u00e7 ve Ru\u015fen \u00c7ak\u0131r\u2019\u0131n sorular\u0131n\u0131 yan\u0131tlad\u0131.<\/p>\n<p>Ru\u015fen \u00c7ak\u0131r, program\u0131n son sorusu olarak, <strong>&#8220;Bu soruyu sormak \u00fczerime bor\u00e7tur&#8221; <\/strong>diyerek Ba\u015fbakan Erdo\u011fan&#8217;a Metin Lokumcu&#8217;nun \u00f6l\u00fcm\u00fc hakk\u0131nda sarf etti\u011fi s\u00f6zlerle ilgili bir pi\u015fmanl\u0131\u011f\u0131 olup olmad\u0131\u011f\u0131n\u0131 ve bu konuda s\u00f6yleyecek bir s\u00f6z\u00fcn\u00fcn olup olmad\u0131\u011f\u0131n\u0131 sordu.<\/p>\n<p>\u00c7ak\u0131r, <strong>&#8220;Hopa&#8217;daki olaylarda iyi bir insan hayat\u0131n\u0131 kaybetti. Metin Lokumcu benim de akrabamd\u0131. Sizin olay\u0131n ard\u0131ndan sareftti\u011finiz s\u00f6zler, ailesi olarak biz yad\u0131rgad\u0131k. Aradan ge\u00e7en zaman i\u00e7inde bu konyu jeralde d\u00fc\u015f\u00fcnm\u00fc\u015fs\u00fcn\u00fczd\u00fcr. Diyece\u011finiz bir \u015fey var m\u0131?&#8221; <\/strong>diye sordu.<\/p>\n<p>Ba\u015fbakan Erdo\u011fan bu soru \u00fczerine, <strong>&#8220;Akraban\u0131z oldu\u011fu i\u00e7in size ba\u015f\u0131n\u0131z sa\u011folsun diyorum. ama ben size baz\u0131 resimleri ve ses kasetlerini ula\u015ft\u0131raca\u011f\u0131m. O ses kasetlerini dinledi\u011finiz zaman, o resimleri g\u00f6rd\u00fc\u011f\u00fcn\u00fcz zaman, &#8216;Acaba bir emekli \u00f6\u011fretmene bunalr yak\u0131\u015f\u0131r m\u0131?&#8217;\u00a0 diye heralde siz de akraban\u0131z da olsa hhakk\u0131 teslim etmeniz gerekir diye d\u00fc\u015f\u00fcn\u00fcyorum&#8221; <\/strong>dedi.<\/p>\n<p>Bu s\u00f6zler kar\u015f\u0131s\u0131nda Ru\u015fen \u00c7ak\u0131r sadece , <strong>&#8220;Ama \u00f6ld\u00fc efendim&#8221; <\/strong> diyebildi.<\/p>\n<p>Erdo\u011fan ise,<strong> &#8220;Bilmem. Ben sadece bir emekli \u00f6\u011fretmene o ifadeleri yak\u0131\u015ft\u0131rmam. Elinde ta\u015fla bir emekli \u00f6\u011fretmeni g\u00f6rmem.\u00a0 \u00c7\u00fcnk\u00fc o ta\u015flar\u0131n kar\u015f\u0131s\u0131nda ben vard\u0131m. Ben de t\u00fcrkiye Cumhuryeti&#8217;nin Ba\u015fbakan\u0131y\u0131m. O ta\u015flar\u0131 ayn\u0131 zamanda Hopal\u0131 hem\u015fehrilerine de att\u0131&#8221;<\/strong> dedi.<\/p>\n<p>Erdo\u011fan, olaylarda otob\u00fcsten d\u00fc\u015ferek yaralanan polis memuru Servet Erkan&#8217;dan medyan\u0131n yeterince bahsetmedi\u011fini dile getirerek, <strong>&#8220;Bug\u00fcn K\u0131l\u0131\u00e7daro\u011flu Hopa&#8217;da ne diyor? &#8220;Polis ta\u015f geldi\u011fi i\u00e7in d\u00fc\u015fmedi&#8221; diyor. G\u00f6z\u00fcne dizine dursun. O karde\u015fimiz ta\u015f\u0131 hedef ald\u0131\u011f\u0131 i\u00e7in d\u00fc\u015ft\u00fc. Ne yap\u0131yordu orada. Ba\u015fbakan\u0131n\u0131 korumak i\u00e7in o otob\u00fcsteydi. Ama bizim medyam\u0131z onu g\u00f6rm\u00fcyor. K\u0131l\u0131\u00e7daro\u011flu, hastanede ziyarete ederek zannediyor ki o i\u015fi \u00e7\u00f6zecek. Ben kendisine Allahtan acil \u015fifalar diliyorum&#8221;<\/strong> dedi.<\/p>\n<p>Ba\u015fbakan&#8217;\u0131n o sert tepkiyi olay\u0131n s\u0131cakl\u0131\u011f\u0131 ile verdi\u011fini d\u00fc\u015f\u00fcnen ve daha mutedil bir cevap bekleyen Ru\u015fen \u00c7ak\u0131r, ald\u0131\u011f\u0131 ceap kar\u015f\u0131s\u0131nda sadece ba\u015f\u0131n\u0131 sallamakla\u00a0 yetindi ve urad\u0131\u011f\u0131 hayal k\u0131rkl\u0131\u011f\u0131 ve \u00fcz\u00fcnt\u00fcy\u00fc gizleyemedi.<\/p>\n<p><a href=\"http:\/\/www.cumhuriyet.com.tr\/?hn=252126&amp;kw=Metin+Lokumcu%27yu+yine+ele%FEtirdi\" target=\"_blank\">Kaynak : Cumhuriyet Haber Portal\u0131<\/a><\/p>\n<\/div>\n","protected":false},"excerpt":{"rendered":"<p style=\"text-align: center;\">\n<p style=\"text-align: justify;\">Ba\u015fbakan Recep Tayyip Erdo\u011fan NTV&#8217;nin yay\u0131n\u0131na kat\u0131ld\u0131. Ru\u015fen \u00c7ak\u0131r&#8217;\u0131n s\u00f6z\u00fc Hopa&#8217;daki olaylarda hayat\u0131n\u0131 kaybeden Metin Lokumcu&#8217;ya getirmesi \u00fczerine Erdo\u011fan ellerinde ses kayd\u0131 ve foto\u011fraflar oldu\u011funu s\u00f6yledi. Bunun \u00fczerine &#8220;Ama \u00f6ld\u00fc efendim&#8221; diyen Ru\u015fen \u00c7ak\u0131r&#8217;a Erdo\u011fan, &#8220;ben bilmem&#8221; diyerek yan\u0131t verdi.<\/p>\n","protected":false},"author":1,"featured_media":0,"comment_status":"open","ping_status":"closed","sticky":false,"template":"","format":"standard","meta":{"footnotes":""},"categories":[105],"tags":[],"class_list":["post-34253","post","type-post","status-publish","format-standard","hentry","category-gundem","odd"],"_links":{"self":[{"href":"http:\/\/www.korhanyilmaz.com\/index.php?rest_route=\/wp\/v2\/posts\/34253","targetHints":{"allow":["GET"]}}],"collection":[{"href":"http:\/\/www.korhanyilmaz.com\/index.php?rest_route=\/wp\/v2\/posts"}],"about":[{"href":"http:\/\/www.korhanyilmaz.com\/index.php?rest_route=\/wp\/v2\/types\/post"}],"author":[{"embeddable":true,"href":"http:\/\/www.korhanyilmaz.com\/index.php?rest_route=\/wp\/v2\/users\/1"}],"replies":[{"embeddable":true,"href":"http:\/\/www.korhanyilmaz.com\/index.php?rest_route=%2Fwp%2Fv2%2Fcomments&post=34253"}],"version-history":[{"count":0,"href":"http:\/\/www.korhanyilmaz.com\/index.php?rest_route=\/wp\/v2\/posts\/34253\/revisions"}],"wp:attachment":[{"href":"http:\/\/www.korhanyilmaz.com\/index.php?rest_route=%2Fwp%2Fv2%2Fmedia&parent=34253"}],"wp:term":[{"taxonomy":"category","embeddable":true,"href":"http:\/\/www.korhanyilmaz.com\/index.php?rest_route=%2Fwp%2Fv2%2Fcategories&post=34253"},{"taxonomy":"post_tag","embeddable":true,"href":"http:\/\/www.korhanyilmaz.com\/index.php?rest_route=%2Fwp%2Fv2%2Ftags&post=34253"}],"curies":[{"name":"wp","href":"https:\/\/api.w.org\/{rel}","templated":true}]}}