{"id":34248,"date":"2011-06-10T19:26:47","date_gmt":"2011-06-10T16:26:47","guid":{"rendered":"http:\/\/www.korhanyilmaz.com\/?p=34248"},"modified":"2011-06-10T19:26:47","modified_gmt":"2011-06-10T16:26:47","slug":"safak-ogretmeni-kaybettik","status":"publish","type":"post","link":"http:\/\/www.korhanyilmaz.com\/?p=34248","title":{"rendered":"\u015eafak \u00f6\u011fretmeni kaybettik"},"content":{"rendered":"<p style=\"text-align: center;\"><a rel=\"attachment wp-att-34249\" href=\"http:\/\/www.korhanyilmaz.com\/?attachment_id=34249\"><img loading=\"lazy\" decoding=\"async\" class=\"aligncenter size-full wp-image-34249\" src=\"http:\/\/www.korhanyilmaz.com\/wp-content\/uploads\/2011\/06\/042.jpg\" alt=\"\" width=\"322\" height=\"241\" \/ class=\"lightview\"><\/a><\/p>\n<p style=\"text-align: justify;\">Kanser hastal\u0131\u011f\u0131yla m\u00fccadele eden, Atamas\u0131 Yap\u0131lmayan \u00d6\u011fretmenler Platformu&#8217;nun kurucusu ve s\u00f6zc\u00fcs\u00fc \u015eafak Bay tedavi g\u00f6rd\u00fc\u011f\u00fc GATA&#8217;da ya\u015fam\u0131n\u0131 yitirdi. \u015eafak \u00f6\u011fretmen yar\u0131n Mersin&#8217;de topra\u011fa verilecek.<!--more--><\/p>\n<p style=\"text-align: justify;\">Atamas\u0131 Yap\u0131lmayan \u00d6\u011fretmenler Platformu(AY\u00d6P) kurucusu, s\u00f6zc\u00fcs\u00fc, hareketin simgesi haline gelen kemik kanseri ile m\u00fccadele eden \u015eafak Bay hayat\u0131n\u0131 kaybetti. Tedavi g\u00f6rd\u00fc\u011f\u00fc GATA\u2019da bug\u00fcn ya\u015fam\u0131n\u0131 yitiren \u015eafak Bay, atanamayan \u00f6\u011fretmenlerin sorunlar\u0131n\u0131 T\u00fcrkiye\u2019nin g\u00fcndemine ta\u015f\u0131yan isimdi.<\/p>\n<p style=\"text-align: justify;\"><strong>&#8216;Atamas\u0131n\u0131 g\u00f6remedi&#8217; <\/strong><\/p>\n<p style=\"text-align: justify;\">Tedavi i\u00e7in Amerika\u2019ya giden ancak T\u00fcrkiye&#8217;de tedaviye devam etmek i\u00e7in yakla\u015f\u0131k bir y\u0131l \u00f6nce d\u00f6nen \u015eafak Bay, hastal\u0131\u011fa daha fazla dayanamad\u0131. \u015eafak Bay\u2019\u0131n hastal\u0131\u011f\u0131n\u0131n h\u0131zla ilerlemesine ra\u011fmen kararl\u0131, azimli tutumu da herkese \u00f6rnek olmu\u015ftu. Onu destekleyen m\u00fccadelesine inanan binlerce ki\u015fi ile kurulan Atamas\u0131 Yap\u0131lmayan \u00d6\u011fretmenler Platformu (AY\u00d6P), \u00f6\u011fretmenlerin sorunlar\u0131n\u0131 g\u00fcneme getiren en etkin platform oldu.<\/p>\n<p style=\"text-align: justify;\"><strong>&#8216;Simge olmu\u015ftu&#8217; <\/strong><\/p>\n<p style=\"text-align: justify;\">2005 y\u0131l\u0131ndan beri kemik kanseriyle m\u00fccadele eden Bay\u2019\u0131n hastal\u0131\u011f\u0131 t\u00fcm m\u00fcdahalelere ra\u011fmen durdurulamad\u0131 ve her ge\u00e7en g\u00fcn ilerledi. Tedavisi pahal\u0131 oldu\u011fu i\u00e7in zor g\u00fcnler ya\u015fayan Bay, a\u00e7l\u0131k grevine de ba\u015flam\u0131\u015f \u201cHastal\u0131ktan \u00f6lece\u011fime a\u00e7l\u0131ktan \u00f6l\u00fcr\u00fcm\u201d demi\u015fti. Bay&#8217;\u0131n \u00e7\u0131\u011fl\u0131\u011f\u0131n\u0131n ard\u0131ndan tedavisine ba\u015flanabilmi\u015fti. Bay i\u00e7in ba\u015flat\u0131lan \u201c\u015eafak Bay Ya\u015fas\u0131n\u201d imza kampanyas\u0131 ile Sa\u011fl\u0131k Bakanl\u0131\u011f\u0131&#8217;n\u0131n dikkati \u00e7ekilmeye \u00e7al\u0131\u015f\u0131lm\u0131\u015ft\u0131.<\/p>\n<p style=\"text-align: justify;\"><a href=\"http:\/\/www.cumhuriyet.com.tr\/?hn=252046&amp;kw=%DEafak+%F6%F0retmeni+kaybettik\" target=\"_blank\">Kaynak : Cumhuriyet Haber Portal\u0131<\/a><\/p>\n","protected":false},"excerpt":{"rendered":"<p style=\"text-align: center;\">\n<p style=\"text-align: justify;\">Kanser hastal\u0131\u011f\u0131yla m\u00fccadele eden, Atamas\u0131 Yap\u0131lmayan \u00d6\u011fretmenler Platformu&#8217;nun kurucusu ve s\u00f6zc\u00fcs\u00fc \u015eafak Bay tedavi g\u00f6rd\u00fc\u011f\u00fc GATA&#8217;da ya\u015fam\u0131n\u0131 yitirdi. \u015eafak \u00f6\u011fretmen yar\u0131n Mersin&#8217;de topra\u011fa verilecek.<\/p>\n","protected":false},"author":1,"featured_media":0,"comment_status":"open","ping_status":"closed","sticky":false,"template":"","format":"standard","meta":{"footnotes":""},"categories":[105],"tags":[],"class_list":["post-34248","post","type-post","status-publish","format-standard","hentry","category-gundem","odd"],"_links":{"self":[{"href":"http:\/\/www.korhanyilmaz.com\/index.php?rest_route=\/wp\/v2\/posts\/34248","targetHints":{"allow":["GET"]}}],"collection":[{"href":"http:\/\/www.korhanyilmaz.com\/index.php?rest_route=\/wp\/v2\/posts"}],"about":[{"href":"http:\/\/www.korhanyilmaz.com\/index.php?rest_route=\/wp\/v2\/types\/post"}],"author":[{"embeddable":true,"href":"http:\/\/www.korhanyilmaz.com\/index.php?rest_route=\/wp\/v2\/users\/1"}],"replies":[{"embeddable":true,"href":"http:\/\/www.korhanyilmaz.com\/index.php?rest_route=%2Fwp%2Fv2%2Fcomments&post=34248"}],"version-history":[{"count":0,"href":"http:\/\/www.korhanyilmaz.com\/index.php?rest_route=\/wp\/v2\/posts\/34248\/revisions"}],"wp:attachment":[{"href":"http:\/\/www.korhanyilmaz.com\/index.php?rest_route=%2Fwp%2Fv2%2Fmedia&parent=34248"}],"wp:term":[{"taxonomy":"category","embeddable":true,"href":"http:\/\/www.korhanyilmaz.com\/index.php?rest_route=%2Fwp%2Fv2%2Fcategories&post=34248"},{"taxonomy":"post_tag","embeddable":true,"href":"http:\/\/www.korhanyilmaz.com\/index.php?rest_route=%2Fwp%2Fv2%2Ftags&post=34248"}],"curies":[{"name":"wp","href":"https:\/\/api.w.org\/{rel}","templated":true}]}}