{"id":34243,"date":"2011-06-10T18:18:42","date_gmt":"2011-06-10T15:18:42","guid":{"rendered":"http:\/\/www.korhanyilmaz.com\/?p=34243"},"modified":"2011-06-10T18:18:42","modified_gmt":"2011-06-10T15:18:42","slug":"burada-bir-mit-yenigi-yok-mu","status":"publish","type":"post","link":"http:\/\/www.korhanyilmaz.com\/?p=34243","title":{"rendered":"&#8220;Burada bir &#8216;M\u0130T yeni\u011fi&#8217; yok mu?&#8221;"},"content":{"rendered":"<p style=\"text-align: justify;\"><a rel=\"attachment wp-att-34244\" href=\"http:\/\/www.korhanyilmaz.com\/?attachment_id=34244\"><img loading=\"lazy\" decoding=\"async\" class=\"aligncenter size-full wp-image-34244\" src=\"http:\/\/www.korhanyilmaz.com\/wp-content\/uploads\/2011\/06\/041.jpg\" alt=\"\" width=\"322\" height=\"241\" \/ class=\"lightview\"><\/a><\/p>\n<p style=\"text-align: justify;\">\u0130kinci &#8221;Ergenekon&#8221; davas\u0131n\u0131n tutuklu san\u0131\u011f\u0131 Cumhuriyet gazetesi yazar\u0131 Mustafa Balbay, &#8221;Polisler, askerler yarg\u0131lan\u0131yor, ama M\u0130T&#8217;\u00e7i san\u0131k yok. Burada bir &#8216;M\u0130T yeni\u011fi&#8217; yok mu?&#8221; dedi.<!--more--><\/p>\n<p style=\"text-align: justify;\">\u0130stanbul- \u0130stanbul 13. A\u011f\u0131r Ceza Mahkemesi&#8217;nce, Silivri Ceza \u0130nfaz Kurumlar\u0131 Yerle\u015fkesi&#8217;nde olu\u015fturulan salonda g\u00f6r\u00fclen \u0130kinci Ergenekon davas\u0131n\u0131n 126. duru\u015fmas\u0131na, gazeteciler Tuncay \u00d6zkan ve Mustafa Balbay ile \u0130brahim \u015eahin&#8217;in de aralar\u0131nda bulundu\u011fu tutuklu 19 san\u0131k kat\u0131ld\u0131.<\/p>\n<p style=\"text-align: justify;\">Tutuklu san\u0131klardan eski Ba\u015fkent \u00dcniversitesi Rekt\u00f6r\u00fc Prof. Dr. Mehmet Haberal, emekli Tu\u011fgeneral Levent Ers\u00f6z, Ersin G\u00f6nenci ve Mehmet Dalagan ise duru\u015fmaya gelmedi.<\/p>\n<p style=\"text-align: justify;\">Duru\u015fmada, OdaTv&#8217;ye y\u00f6nelik operasyonun ard\u0131ndan Ergenekon soru\u015fturmas\u0131 kapsam\u0131nda tutuklanan bu davan\u0131n tutuksuz san\u0131\u011f\u0131 Yal\u00e7\u0131n K\u00fc\u00e7\u00fck, \u0130lyas \u00c7\u0131nar ve Mehmet Ali \u00c7elebi de haz\u0131r bulundu.<\/p>\n<p style=\"text-align: justify;\">Taleplerin al\u0131nd\u0131\u011f\u0131 duru\u015fmada konu\u015fan Yal\u00e7\u0131n K\u00fc\u00e7\u00fck, 50 y\u0131ldan beri ceza mahkemelerinin \u00f6n\u00fcne \u00e7\u0131kt\u0131\u011f\u0131n\u0131, devlet g\u00fcvenlik mahkemelerinde yarg\u0131land\u0131\u011f\u0131n\u0131 belirterek, 12 Eyl\u00fcl&#8217;deki mahkeme dosyalar\u0131n\u0131 inceledi\u011fini, ceza mahkemelerinin nas\u0131l yap\u0131ld\u0131\u011f\u0131n\u0131 bildi\u011fini s\u00f6yledi.<\/p>\n<p style=\"text-align: justify;\">K\u00fc\u00e7\u00fck, &#8221;Siz devrim yapt\u0131n\u0131z burada. Bu ceza davas\u0131 de\u011fil, drama dersi. Ceza hukuku yok. Mahkeme, bizi biraz geri zekal\u0131 kabul ederek, her soruyu 20 defa soruyor. Tebrik ederim&#8221; dedi.<\/p>\n<p style=\"text-align: justify;\">Ergenekon operasyonlar\u0131 kapsam\u0131nda a\u00e7\u0131lan davalar\u0131n numaraland\u0131r\u0131larak g\u00f6r\u00fcld\u00fc\u011f\u00fcn\u00fc ifade eden K\u00fc\u00e7\u00fck, &#8221;Numaralar var, ama hepsi bir mahkeme. Hangi davan\u0131n a\u00e7\u0131laca\u011f\u0131n\u0131, hangimizin tutuklanaca\u011f\u0131n\u0131, hangimizin ne yapaca\u011f\u0131n\u0131 mahkemeye gelmeden \u00f6\u011freniyoruz. Mahkemelere \u00e7\u0131kt\u0131\u011f\u0131mda karakoldan itibaren ifade verirdim. Ama son defa da &#8216;Ben size ifade vermeyece\u011fim&#8217; dedim. Hepimizin tutuklanaca\u011f\u0131n\u0131 Fethullah G\u00fclen&#8217;e ait oldu\u011fu iddia edilen bir gazete ve televizyondan \u00f6\u011freniyoruz. Tutuklamalar da oluyor. Zekeriya \u00d6z&#8217;e &#8216;Beni tutuklatacaks\u0131n\u0131z, siz de g\u00f6revden al\u0131nacaks\u0131n\u0131z&#8217; dedim. S\u00f6ylediklerimin hepsi \u00e7\u0131k\u0131yor. Odatv davas\u0131 gelirse, diyorum ki onu da siz al\u0131rs\u0131n\u0131z, beni tahliye edersiniz. Size g\u00fcveniyorum&#8221; diye konu\u015ftu.<\/p>\n<p style=\"text-align: justify;\">K\u00fc\u00e7\u00fck&#8217;\u00fcn talepleri<\/p>\n<p style=\"text-align: justify;\">\u0130ddianame ve ek klas\u00f6rlerin yan\u0131 s\u0131ra H\u00fck\u00fcmet taraf\u0131ndan da, &#8221;Silivri-Kandil&#8221;, &#8221;Silivri-\u0130mral\u0131&#8221; aras\u0131nda \u00e7ok iyi bir ba\u011f oldu\u011fu s\u00f6ylendi\u011fini belirten K\u00fc\u00e7\u00fck, \u015f\u00f6yle devam etti:<\/p>\n<p style=\"text-align: justify;\">&#8221;Bu bize iltifat demektir. Demek ki T\u00fcrkiye&#8217;yi hala biz y\u00f6netiyoruz. Fethullah G\u00fclen&#8217;e ba\u011fl\u0131 oldu\u011fu kabul g\u00f6ren bir televizyondaki iki dizide ba\u015f kahraman benmi\u015fim. Ben hi\u00e7 izlemedim, ancak izleyicileri oldu\u011funu duyuyoruz. Bu dizilerde bendeniz her i\u015fi yap\u0131yormu\u015fum. Son olarak, Devlet Bah\u00e7eli&#8217;nin kasetlerini tertip etmi\u015fim. Bu gazete ve televizyon yay\u0131nlar\u0131na g\u00f6re, PKK &#8216;iyi ve k\u00f6t\u00fc&#8217; diye ikiye b\u00f6l\u00fcnm\u00fc\u015ft\u00fcr ve art\u0131k \u00d6calan iyi PKK&#8217;d\u0131r, H\u00fck\u00fcmet yan\u0131ndad\u0131r. \u015eimdi Kandil k\u00f6t\u00fc PKK&#8217;d\u0131r. Silivri&#8217;den y\u00f6netiliyorlar. \u00dcstelik iyi PKK olan \u00d6calan&#8217;\u0131 da \u00f6ld\u00fcrmek istiyorlar. Bilmeden, fark\u0131nda olmadan, elim bir kaza \u00e7\u0131kmadan \u0130mral\u0131&#8217;daki mahkumun \u00f6ld\u00fcr\u00fclme ihtimali g\u00f6z \u00f6n\u00fcne al\u0131narak, Abdullah \u00d6calan&#8217;\u0131n dinlenilmesini istiyorum.&#8221;<\/p>\n<p style=\"text-align: justify;\">Yal\u00e7\u0131n K\u00fc\u00e7\u00fck, \u00d6calan ile Bekaa&#8217;da yapt\u0131\u011f\u0131 g\u00f6r\u00fc\u015fmenin tespitini isteyerek, \u00d6calan&#8217;a, &#8221;B\u00fcy\u00fck T\u00fcrkiye&#8221;, &#8221;Do\u011fu Birli\u011fi&#8221;, &#8221;Musul&#8221; ve &#8221;Cumhuriyetin gelece\u011fi&#8221;nin sorulmas\u0131n\u0131 talep etti.<\/p>\n<p style=\"text-align: justify;\">K\u00fc\u00e7\u00fck, Bekaa&#8217;da \u00d6calan ile yapt\u0131\u011f\u0131 g\u00f6r\u00fc\u015fmeye ili\u015fkin gazetelerde yer alan foto\u011fraf\u0131na de\u011finerek, foto\u011frafta, arkas\u0131nda bulunan di\u011fer ki\u015finin ad\u0131n\u0131n da Haluk Yurtsever oldu\u011funu a\u00e7\u0131klad\u0131. Yurtsever&#8217;in de duru\u015fmada dinlenilmesini isteyen K\u00fc\u00e7\u00fck, &#8221;\u00d6calan&#8217;\u0131n buraya getirilmesi zahmetli olur, ama Yurtsever&#8217;in burada getirilmesini istiyorum&#8221; dedi.<\/p>\n<p style=\"text-align: justify;\">MHP milletvekili aday\u0131 Balyoz Plan\u0131 davas\u0131n\u0131n tutuklu san\u0131\u011f\u0131 Engin Alan&#8217;\u0131 aday \u00e7\u0131kard\u0131\u011f\u0131na ili\u015fkin haberler yap\u0131ld\u0131\u011f\u0131n\u0131 ifade eden K\u00fc\u00e7\u00fck, bunun bir \u00f6l\u00e7\u00fcde do\u011fru olmad\u0131\u011f\u0131n\u0131, milletvekili yap\u0131lmas\u0131n\u0131 \u0131srarla istedi\u011fini, ancak kimseyi milletvekili yapmad\u0131\u011f\u0131n\u0131 s\u00f6yledi.<\/p>\n<p style=\"text-align: justify;\">Tuncay \u00d6zkan: Beni b\u0131rak\u0131n, Anadolu&#8217;nun \u00fcst\u00fcnde bir \u0131\u015f\u0131k demeti olmaya devam edeyim<\/p>\n<p style=\"text-align: justify;\">\u0130stanbul 13. A\u011f\u0131r Ceza Mahkemesindeki duru\u015fmada s\u00f6z alan tutuklu san\u0131klardan Tuncay \u00d6zkan, &#8221;bu davada esir oldu\u011funu&#8221; ifade ederek, foto\u011fraf \u00e7ekmek i\u00e7in h\u00fccresine gelen ki\u015finin, &#8221;duvarlar k\u00fcf ba\u011flam\u0131\u015f, temizlemek laz\u0131m&#8221; diyerek foto\u011fraf \u00e7ekmedi\u011fini, 3 ayd\u0131r bu halde kald\u0131\u011f\u0131n\u0131 anlatt\u0131.<\/p>\n<p style=\"text-align: justify;\">\u00d6zkan, &#8221;Ben sadece T\u00fcrkiye&#8217;yi ku\u015fatan bu karanl\u0131\u011f\u0131n i\u00e7inde bir mum olabilirim. Hi\u00e7bir karar\u0131n\u0131z, hi\u00e7bir vicdan muhasebesinden daha \u00fcst\u00fcn de\u011fildir. Benim tek derdim, halk\u0131mla bulu\u015fmama izin vermeniz. Ben mum olmak istiyorum. Yana yana var olmak istiyorum&#8221; dedi.<\/p>\n<p style=\"text-align: justify;\">\u0130ddianamenin \u00e7\u00fcr\u00fcd\u00fc\u011f\u00fcn\u00fc savunan \u00d6zkan, &#8221;\u00c7\u00fcr\u00fck bir vicdan\u0131n \u00fcr\u00fcn\u00fcd\u00fcr. Siz bu topraklar\u0131 karartmaya kararl\u0131ysan\u0131z, buyurun bu duvarlar\u0131n \u00fczerinde tepinmeye devam edelim. Beni b\u0131rak\u0131n, Anadolu&#8217;nun \u00fcst\u00fcnde bir \u0131\u015f\u0131k demeti olmaya devam edeyim&#8221; diye konu\u015ftu.<\/p>\n<p style=\"text-align: justify;\">\u00d6zkan, kendisinden \u00f6nce konu\u015fan Yal\u00e7\u0131n K\u00fc\u00e7\u00fck&#8217;\u00fcn s\u00f6ylediklerine kat\u0131lmad\u0131\u011f\u0131n\u0131 s\u00f6yleyince Mahkeme Heyeti Ba\u015fkan\u0131 K\u00f6ksal \u015eeng\u00fcn, &#8221;Dikkat edin, sizi p\u00fcr dikkat dinliyor&#8221; diye espri yapt\u0131.<\/p>\n<p style=\"text-align: justify;\">Duru\u015fmay\u0131 izlemeye gelen tiyatro sanat\u00e7\u0131s\u0131 Y\u0131ld\u0131z Kenter&#8217;i selamlayan \u00d6zkan, &#8221;Y\u0131ld\u0131z Kenter&#8217;i, Anadolu yerine kucakl\u0131yorum ve sevdam\u0131 Anadolu&#8217;ya ta\u015f\u0131mas\u0131n\u0131 kendisinden rica ediyorum&#8221; \u015feklinde konu\u015ftu.<\/p>\n<p style=\"text-align: justify;\">Konu\u015fmas\u0131 s\u0131ras\u0131nda zaman zaman sesini y\u00fckselten \u00d6zkan&#8217;\u0131 savc\u0131 Mehmet Ali Pekg\u00fczel ba\u011f\u0131rmamas\u0131 konusunda uyard\u0131.<\/p>\n<p style=\"text-align: justify;\">\u00d6zkan da &#8221;Siz geni\u015f bir kitleye hitap ediyorsunuz, ancak biz cezaevinde d\u00f6rt duvara konu\u015fuyoruz. D\u00f6rt duvar aras\u0131nda sesimin yank\u0131lar\u0131n\u0131 dinliyorum. Biraz da siz katlan\u0131n beyefendi. Sizin kulaklar\u0131n\u0131z \u00e7o\u011fulcu sistem i\u00e7inde duyuyor olabilir. Bizim kulaklar\u0131m\u0131z tekil sistem i\u00e7inde ve duymuyor&#8221; diye konu\u015ftu.<\/p>\n<p style=\"text-align: justify;\">-MUSTAFA BALBAY-<\/p>\n<p style=\"text-align: justify;\">San\u0131klardan Mustafa Balbay da g\u00f6mlek giyerken ilk d\u00fc\u011fme yanl\u0131\u015f iliklendi\u011finde di\u011ferlerinin de d\u00fczg\u00fcn olmayaca\u011f\u0131n\u0131 belirterek, &#8221;\u0130ki yakan\u0131z bir araya gelmez. Yap\u0131lmas\u0131 gereken ba\u015fa gelmek. Say\u0131n heyet, gelin bu davay\u0131 ba\u015ftan dikkate al\u0131n&#8221; dedi.<\/p>\n<p style=\"text-align: justify;\">Tutuklu san\u0131klardan \u0130brahim \u015eahin&#8217;in sorgusunu an\u0131msatan Balbay, &#8221;\u0130brahim \u015eahin, Kayseri&#8217;de bir grup taraf\u0131ndan provoke edilmi\u015f, M\u0130T&#8217;\u00e7iler varm\u0131\u015f. Asker destekli, polis, suikast timi, akla mant\u0131\u011fa s\u0131\u011facak bir \u015fey mi? Polisler, askerler yarg\u0131lan\u0131yor, ama M\u0130T&#8217;\u00e7i san\u0131k yok. Burada bir &#8216;M\u0130T yeni\u011fi&#8217; yok mu?&#8221; diye konu\u015ftu.<\/p>\n<p style=\"text-align: justify;\">Balbay, bu davada kendi su\u00e7suzlu\u011funun yan\u0131nda birlikte yarg\u0131land\u0131\u011f\u0131 ki\u015filerin de su\u00e7suzlu\u011funu ispatlamak zorunda kald\u0131\u011f\u0131n\u0131 belirterek, &#8221;Tutuklu yarg\u0131lama, s\u00fcrg\u00fcnle\u015ftirilmi\u015f tutuklulu\u011fa d\u00f6n\u00fc\u015ft\u00fc&#8221; dedi.<\/p>\n<p style=\"text-align: justify;\">Cezaevinde \u00fcst kat kom\u015fusu olan birinci davan\u0131n san\u0131klar\u0131ndan \u0130smail Y\u0131ld\u0131z&#8217;\u0131n Bak\u0131rk\u00f6y Ruh ve Sinir Hastal\u0131klar\u0131 Hastanesine g\u00f6nderildi\u011fini s\u00f6yleyen Balbay, &#8221;Radko Mladi\u00e7 operasyonunu kendisinin yapt\u0131\u011f\u0131n\u0131 s\u00f6yledi. Dalga ge\u00e7memek i\u00e7in son durumun ne oldu\u011funu sordum. &#8216;Lahey&#8217;de yarg\u0131lanacak i\u015fte&#8217; dedi. Belli bir e\u011fitim seviyesindeki insanlar\u0131n beynindeki geri d\u00f6n\u00fc\u015f\u00fcn d\u00fczeltilmesi zormu\u015f&#8221; \u015feklinde konu\u015ftu.<\/p>\n<p style=\"text-align: justify;\">Balbay, yarg\u0131lama s\u00fcrecinde tahliye edilen san\u0131klardan Mustafa \u00d6zbek&#8217;in kanser oldu\u011funu belirterek, &#8221;Biz, farkl\u0131 d\u00fc\u015f\u00fcnen insanlar olarak &#8216;bu \u00fclke i\u00e7in ne \u00fcretebiliriz?&#8217; dedik. Ancak siz ter\u00f6r \u00f6rg\u00fct\u00fc \u00fcrettiniz&#8221; diye konu\u015ftu.<\/p>\n<p style=\"text-align: justify;\"><strong>&#8220;PEN&#8217;e \u00fcye oldum&#8221; <\/strong><\/p>\n<p style=\"text-align: justify;\">Uluslararas\u0131 Yazarlar Birli\u011finden (PEN) d\u00fcn bir mektup ald\u0131\u011f\u0131n\u0131 ifade eden Balbay, bu mektupta PEN&#8217;e kabul edildi\u011finin belirtildi\u011fini s\u00f6yledi.<\/p>\n<p style=\"text-align: justify;\">Balbay, &#8221;3 y\u0131la yak\u0131n s\u00fcredir yarg\u0131lanmaktay\u0131z. Bizi ter\u00f6r \u00f6rg\u00fct\u00fc \u00fcyesi yapmaya \u00e7al\u0131\u015fmaktas\u0131n\u0131z. Ancak 15 bin \u00fcyesi olan yazarlar birli\u011finin \u00fcyesiyim. D\u00fcnden itibaren PEN \u00fcyesi bir Mustafa Balbay var kar\u015f\u0131n\u0131zda. Bu benim diplomamd\u0131r. Cezaevine girene kadar \u00e7e\u015fitli alanlarda 22 kitap yazd\u0131m. Cezavinde &#8216;Zul\u00fcmhane&#8217;, &#8216;Zul\u00fcmname&#8217;, &#8216;Zul\u00fcmdar&#8217;&#8230; Bu kitaplarla ilgili en \u00f6nemli diplomam\u0131 ald\u0131m. Bu esirhaneyi eserhane haline getirdik&#8221; diye konu\u015ftu.<\/p>\n<p style=\"text-align: justify;\">Mustafa Balbay, 21 Haziran&#8217;da \u0130lhan Sel\u00e7uk&#8217;un birinci \u00f6l\u00fcm y\u0131l d\u00f6n\u00fcm\u00fc oldu\u011funu an\u0131msatarak, &#8221;\u0130lhan Sel\u00e7uk, T\u00fcrkan Saylan, Kuddusi Okk\u0131r hukuk yetmezli\u011finden \u00f6ld\u00fc. Osmanl\u0131 d\u00f6neminde eczanelerde ila\u00e7 bulunamaz olunca bir eczac\u0131, d\u00fckkan\u0131na &#8216;Her \u015fey var devadan gayr\u0131&#8217; diye yaz\u0131 koymu\u015f. Bu mahkemede de her \u015fey var hukuktan gayr\u0131. Bizi iktidar mahkemesinde yarg\u0131lanan s\u00fcrg\u00fcnler duygusundan kurtar\u0131n&#8221; dedi.<\/p>\n<p style=\"text-align: justify;\">Mahkeme Heyeti Ba\u015fkan\u0131 K\u00f6ksal \u015eeng\u00fcn de Balbay&#8217;\u0131n d\u00fc\u015f\u00fcncelerinin kendisini ba\u011flad\u0131\u011f\u0131n\u0131 ifade ederek, &#8221;Mahkeme b\u00f6yle bir \u015feyi asla kabul etmez, asla hukuk d\u0131\u015f\u0131na \u00e7\u0131kmaz. Onu bilesiniz. Bu mahkeme hi\u00e7bir siyasi iktidar\u0131n mahkemesi de\u011fildir. T\u00fcrk milleti ad\u0131na yarg\u0131lama yapar. Bunu da asla unutmay\u0131n&#8221; diye konu\u015ftu.<\/p>\n<p style=\"text-align: justify;\">Balbay ise &#8221;Bu s\u00f6ylediklerinizin \u00fclkeyi y\u00f6netenlerce de duyulmas\u0131n\u0131 diliyorum&#8221; dedi.<\/p>\n<p style=\"text-align: justify;\">Tutuklu san\u0131klardan eski \u0130n\u00f6n\u00fc \u00dcniversitesi Rekt\u00f6r\u00fc Prof. Dr. Fatih Hilmio\u011flu ise iddianamede, d\u00f6nemin Jandarma Genel Komutan\u0131 ve davan\u0131n san\u0131klar\u0131ndan emekli orgeneral \u015eener Eruygur&#8217;un rekt\u00f6rlerle yapt\u0131\u011f\u0131 toplant\u0131n\u0131n \u00f6rg\u00fct toplant\u0131s\u0131 olarak de\u011ferlendirildi\u011fine dikkati \u00e7ekti.<\/p>\n<p style=\"text-align: justify;\">&#8221;O toplant\u0131dan tek tutuklu rekt\u00f6r benim. \u00d6rg\u00fct toplant\u0131s\u0131 ise yeme\u011fe kat\u0131lan 10 generalin burada olmas\u0131 laz\u0131m&#8221; diyen Hilmio\u011flu, iddianamede yalanc\u0131 tan\u0131klar\u0131n ifadelerinin bulundu\u011funu savunarak, &#8221;Madem m\u00fcfterilere itibar ediliyor, o yemekte Ha\u015f\u0131lo\u011flu da vard\u0131&#8221; diye konu\u015ftu.<\/p>\n<p style=\"text-align: justify;\">Bunun \u00fczerine \u00fcye hakim Sedat Sami Ha\u015f\u0131lo\u011flu, &#8221;Mahkeme heyetini kar\u0131\u015ft\u0131rmay\u0131n, ba\u015fka \u00f6rnek verin&#8221; diye tepki g\u00f6sterdi.<\/p>\n<p style=\"text-align: justify;\"><strong>Duru\u015fma 8 A\u011fustos&#8217;a ertelendi <\/strong><\/p>\n<p style=\"text-align: justify;\">\u0130kinci &#8221;Ergenekon&#8221; davas\u0131n\u0131n bir sonraki duru\u015fmas\u0131 8 A\u011fustos Pazartesi g\u00fcn\u00fc yap\u0131lacak.<\/p>\n<p style=\"text-align: justify;\">\u0130stanbul 13. A\u011f\u0131r Ceza Mahkemesindeki duru\u015fmada mahkeme heyeti, san\u0131k ve avukatlar\u0131n taleplerinin celse aras\u0131nda de\u011ferlendirilmesine karar verdi.<\/p>\n<p style=\"text-align: justify;\">Mahkeme heyeti, 23 san\u0131\u011f\u0131n tutukluluk halinin devam\u0131n\u0131 kararla\u015ft\u0131rarak, duru\u015fmay\u0131 8 A\u011fustos 2011&#8217;e erteledi.<\/p>\n<p style=\"text-align: justify;\">Bu arada, Mahkeme Heyeti Ba\u015fkan\u0131 K\u00f6ksal \u015eeng\u00fcn, daha \u00f6nceki celselerde oldu\u011fu gibi, Mustafa Balbay, Tuncay \u00d6zkan ve Mehmet Haberal&#8217;\u0131n da aralar\u0131nda bulundu\u011fu 19 tutuklu san\u0131\u011f\u0131n tahliyesi y\u00f6n\u00fcnde oy kulland\u0131.<\/p>\n<p style=\"text-align: justify;\"><a href=\"http:\/\/www.cumhuriyet.com.tr\/?hn=251910&amp;kw=%22Burada+bir+%27M%DDT+yeni%F0i%27+yok+mu%3F%22\" target=\"_blank\">Kaynak : Cumhuriyet Haber Portal\u0131<\/a><\/p>\n","protected":false},"excerpt":{"rendered":"<p style=\"text-align: justify;\">\n<p style=\"text-align: justify;\">\u0130kinci &#8221;Ergenekon&#8221; davas\u0131n\u0131n tutuklu san\u0131\u011f\u0131 Cumhuriyet gazetesi yazar\u0131 Mustafa Balbay, &#8221;Polisler, askerler yarg\u0131lan\u0131yor, ama M\u0130T&#8217;\u00e7i san\u0131k yok. Burada bir &#8216;M\u0130T yeni\u011fi&#8217; yok mu?&#8221; dedi.<\/p>\n","protected":false},"author":1,"featured_media":0,"comment_status":"open","ping_status":"closed","sticky":false,"template":"","format":"standard","meta":{"footnotes":""},"categories":[105],"tags":[],"class_list":["post-34243","post","type-post","status-publish","format-standard","hentry","category-gundem","odd"],"_links":{"self":[{"href":"http:\/\/www.korhanyilmaz.com\/index.php?rest_route=\/wp\/v2\/posts\/34243","targetHints":{"allow":["GET"]}}],"collection":[{"href":"http:\/\/www.korhanyilmaz.com\/index.php?rest_route=\/wp\/v2\/posts"}],"about":[{"href":"http:\/\/www.korhanyilmaz.com\/index.php?rest_route=\/wp\/v2\/types\/post"}],"author":[{"embeddable":true,"href":"http:\/\/www.korhanyilmaz.com\/index.php?rest_route=\/wp\/v2\/users\/1"}],"replies":[{"embeddable":true,"href":"http:\/\/www.korhanyilmaz.com\/index.php?rest_route=%2Fwp%2Fv2%2Fcomments&post=34243"}],"version-history":[{"count":0,"href":"http:\/\/www.korhanyilmaz.com\/index.php?rest_route=\/wp\/v2\/posts\/34243\/revisions"}],"wp:attachment":[{"href":"http:\/\/www.korhanyilmaz.com\/index.php?rest_route=%2Fwp%2Fv2%2Fmedia&parent=34243"}],"wp:term":[{"taxonomy":"category","embeddable":true,"href":"http:\/\/www.korhanyilmaz.com\/index.php?rest_route=%2Fwp%2Fv2%2Fcategories&post=34243"},{"taxonomy":"post_tag","embeddable":true,"href":"http:\/\/www.korhanyilmaz.com\/index.php?rest_route=%2Fwp%2Fv2%2Ftags&post=34243"}],"curies":[{"name":"wp","href":"https:\/\/api.w.org\/{rel}","templated":true}]}}