{"id":3424,"date":"2009-02-21T14:49:20","date_gmt":"2009-02-21T12:49:20","guid":{"rendered":"http:\/\/www.korhanyilmaz.com\/?p=3424"},"modified":"2009-02-21T14:49:20","modified_gmt":"2009-02-21T12:49:20","slug":"erdogana-cagri","status":"publish","type":"post","link":"http:\/\/www.korhanyilmaz.com\/?p=3424","title":{"rendered":"Erdo\u011fan&#039;a \u00e7a\u011fr\u0131"},"content":{"rendered":"<p style=\"text-align: center;\"><img loading=\"lazy\" decoding=\"async\" class=\"aligncenter size-full wp-image-3425\" title=\"Erdo\u011fan'a \u00e7a\u011fr\u0131 \" src=\"http:\/\/www.korhanyilmaz.com\/wp-content\/uploads\/2009\/02\/210220091638397516978.jpg\" alt=\"Erdo\u011fan'a \u00e7a\u011fr\u0131 \" width=\"376\" height=\"240\" \/><\/p>\n<p style=\"text-align: justify;\"><strong>CHP lideri Ba\u015fbakan Erdo\u011fan&#8217;\u0131 tart\u0131\u015fmaya \u00e7a\u011f\u0131rd\u0131<\/strong><\/p>\n<p style=\"text-align: justify;\">CHP Genel Ba\u015fkan\u0131 Deniz Baykal, partisince Adana U\u011fur Mumcu Alan\u0131&#8217;nda d\u00fczenlenen a\u00e7\u0131k hava toplant\u0131s\u0131nda halka hitap etti. \u0130\u015fte Baykal&#8217;\u0131n konu\u015fmas\u0131ndan sat\u0131rba\u015flar\u0131:<\/p>\n<p style=\"text-align: justify;\"><strong>HAL\u0130N\u0130ZDEN MEMNUN MUSUNUZ?<\/strong><\/p>\n<p style=\"text-align: justify;\">\u00c7ukuroval\u0131lar, hi\u00e7bir partiyi ay\u0131rmadan soruyorum: Halinizden memnun musunuz? \u0130\u00e7inizde bulundu\u011funuz durumu d\u00fc\u015f\u00fcn\u00fcn. Yar\u0131n\u0131 d\u00fc\u015f\u00fcn\u00fcn. Allah a\u015fk\u0131na durumunuzdan memnun musunuz? Emekliler, \u00e7ift\u00e7iler, ev kad\u0131nlar\u0131, \u00f6\u011frenciler memnun musunuz? Ald\u0131\u011f\u0131n\u0131z verdi\u011finizi kar\u015f\u0131l\u0131yor mu, bor\u00e7lar\u0131n\u0131z \u00f6deniyor mu? Siyasetin amac\u0131 ne? Siyaset insanlar\u0131 mutlu, huzurlu hissettirmek i\u00e7in yap\u0131l\u0131r. Peki siz bunu hak etmiyor musunuz?<\/p>\n<p style=\"text-align: justify;\">Namusluca bir hayat s\u00fcrmek, \u00e7ocuklar\u0131n\u0131za iyi bir gelecek sa\u011flamak herkesin hakk\u0131. T\u00fcrkiye buraya nas\u0131l geldi. Kimlerin kaptanl\u0131\u011f\u0131nda geldi. Bu gidi\u015fin gidi\u015f olmad\u0131\u011fn\u0131 s\u00f6yleyenler yok muydu? Art\u0131k b\u00fcy\u00fcyen, kalk\u0131nan T\u00fcrkiye bitmi\u015f. Art\u0131k k\u00fc\u00e7\u00fclm\u00fc\u015f T\u00fcrkiye gelmi\u015f. <!--more--><br \/>\n<strong>RAKAMLAR PUDRALANMI\u015e<\/strong>\n<\/p>\n<p style=\"text-align: justify;\">Esnaf d\u00fckkan\u0131n\u0131 sabah a\u00e7\u0131p ak\u015fam kapat\u0131yor. T\u00fcrkiye sermayeden yemeye ba\u015flad\u0131. Aileler, devlet, esnaf herkes sermayeden yemeye ba\u015flad\u0131. Ailelerin bor\u00e7lar\u0131 art\u0131yor. Kredi kartlar\u0131n\u0131z\u0131, faizleri \u00f6deyebiliyor musunuz? 2,5 milyon insan bor\u00e7lar\u0131n\u0131 \u00f6deyemedi. &#8220;Eyvah ne zaman haciz gelecek, ne zaman mal\u0131m\u0131 m\u00fclk\u00fcm\u00fc alacaklar&#8221; bekliyor insanlar&#8230;<\/p>\n<p style=\"text-align: justify;\">Vatanda\u015f kabus g\u00f6r\u00fcyor. Hayat\u0131 kabus oldu. Sadece 1 y\u0131lda eklenen i\u015fsiz say\u0131s\u0131 645 bin ki\u015fi artt\u0131. 300 bin ki\u015fi de i\u015fsiz ama kendini kaydettirmemi\u015f. Onlar\u0131 da ekle 945 bin ki\u015fi T\u00fcrkiye&#8217;de i\u015fsiz kald\u0131. Bu resmi rakam. Bunun bir de ger\u00e7e\u011fi var. Bu makyajlanm\u0131\u015f, pudralanm\u0131\u015f rakamlar. \u0130ndirilmi\u015f rakamlar bunlar.<\/p>\n<p style=\"text-align: justify;\">700 bin ki\u015filik ordumuz var, 945 bin i\u015fsizimiz var. \u0130\u015fsizlik ordumuzu bile ge\u00e7meye ba\u015flam\u0131\u015f. Bu \u00e7ok vahim bir durum. \u00c7al\u0131\u015fma, i\u015f bulma \u00f6zg\u00fcrl\u00fc\u011f\u00fc \u00e7ok \u00f6nemlidir. Aileler mutsuz, evine g\u00f6t\u00fcrecek ekmek yok.<\/p>\n<p style=\"text-align: justify;\"><strong>\u00d6NCE BORCUNU \u00d6DE <\/strong><\/p>\n<p style=\"text-align: justify;\">Hani ekonomi \u00e7ok iyi gidiyordu, her\u015fey iyiydi. \u00d6nce borcu \u00f6deyin. T\u00fcrkiye&#8217;nin 220 milyar dolar borcu vard\u0131. O bor. 500 milyar dolar oldu. 2 kat artt\u0131. Hani her\u015fey iyiydi, her\u015fey yolundayd\u0131.<\/p>\n<p style=\"text-align: justify;\">\u00c7if\u00e7inin meyvesi bile a\u011fa\u00e7ta kald\u0131. Topra\u011fa g\u00fcbre atamad\u0131 \u00e7ift\u00e7i. Boyunlar b\u00fck\u00fck. Ne bu\u011fday\u00e7\u0131 ne pamuk\u00e7u te\u015fvik ediliyor. Bizim \u00c7ukurova boynu b\u00fck\u00fck kald\u0131. Yunanistan pamuk ihracat ediyor, bizim \u00e7ift\u00e7imiz kalakal\u0131yor. Esnaf kendini oyal\u0131yor. \u0130\u015fsizlik rakamlar\u0131nda esnaflar dahil. Git bir esnaf\u0131n aras\u0131nda dola\u015f bakal\u0131m, halini bir sor bakal\u0131m. Esnaf haz\u0131r yiyor.<\/p>\n<p style=\"text-align: justify;\">T\u00fcrkiye&#8217;nin tablosu bu. Bug\u00fcn fabrikalar kapanmaya ba\u015flad\u0131, \u00e7al\u0131\u015fm\u0131yor. Bor\u00e7 patlad\u0131. T\u00fcrkiye bunlar\u0131n y\u00f6netimnide \u00e7ok ciddi bir s\u0131k\u0131nt\u0131yla kar\u015f\u0131 kar\u015f\u0131ya. Zaten k\u00f6t\u00fc y\u00f6netiyorlard\u0131. Bir de ekonomoik kriz eklendi. Tedbir yok \u00e7are yok. Bu krizde tedbir almam\u0131\u015f tek \u00fclke T\u00fcrkiye. Tedbir aramas\u0131 beklenen iktidar kula\u011f\u0131n\u0131n \u00fczerine yatm\u0131\u015f bekliyor.<\/p>\n<p style=\"text-align: justify;\"><strong>SE\u00c7\u0130M R\u00dc\u015eVET\u0130 VER\u0130YORLAR<\/strong><\/p>\n<p style=\"text-align: justify;\">Bu iktidar se\u00e7im kazanmak i\u00e7in harcama yap\u0131yorlar. Se\u00e7im r\u00fc\u015fveti da\u011f\u0131t\u0131yorlar. T\u00fcrkiye&#8217;de a\u00e7l\u0131k var yoksulluk var. Ama bunlara Tunceli&#8217;de \u00e7ama\u015f\u0131r makinas\u0131 da\u011f\u0131tmak, buzdolab\u0131 da\u011f\u0131tmay\u0131 kar\u0131\u015ft\u0131rmay\u0131n. Bu se\u00e7im r\u00fc\u015fvetidir, oy hovard\u0131l\u0131\u011f\u0131d\u0131r. E\u011fer yoksullukla m\u00fccadele etmek ise, her aileye i\u015f sa\u011flayacaks\u0131n. Bunu sa\u011flad\u0131n m\u0131 ki\u015fi kendi yoksullukla ba\u015fa \u00e7\u0131kar zaten, kendi ailesine bakabilir. Onlar i\u015f ver, r\u00fc\u015fvet da\u011f\u0131tma.<\/p>\n<p style=\"text-align: justify;\"><strong>BIRAKIN OYNAMAYI<\/strong><\/p>\n<p style=\"text-align: justify;\">Y\u0131llard\u0131r \u015funu s\u00f6yl\u00fcyoruz: Amac\u0131m\u0131z insana hizmet etmek. \u0130nsan\u0131n en temel ihtiyac\u0131 i\u015ftir. \u0130nsana i\u015f laz\u0131m. Eme\u011fini kullanaca\u011f\u0131 i\u015f laz\u0131m. Devletin en temel g\u00f6revi halka i\u015f sa\u011flamakt\u0131r. \u0130nsan\u0131n ba\u015fka bir temel ihtiyac\u0131 ise ahlakt\u0131r. \u0130\u015f de laz\u0131m, ahlak da laz\u0131m. Ahlak dedi\u011fimiz i\u015fte bug\u00fcnk\u00fc manzara.<\/p>\n<p style=\"text-align: justify;\">B\u0131rak\u0131n oynamay\u0131. \u0130\u015f yapt\u0131r, fabrikalara bak. Bat\u0131rd\u0131n \u00fclkeyi bat\u0131rd\u0131n. Ahlak olmazsa i\u015fte bug\u00fcnk\u00fc tablo olu\u015fur. Hi\u00e7bir \u00fclkede T\u00fcrkiye&#8217;deki kadar yolsuzluk yoktur. Ki\u015fisel yolsuzluktan \u00e7\u0131kt\u0131 art\u0131k, \u00f6rg\u00fctl\u00fc yolsuzluk olmaya ba\u015flad\u0131. Art\u0131k \u015firket kuruyor, dernek kuruyor. Adam dernek kuruyor. Ramazan&#8217;da vatan diyen millet diyen gurbet\u00e7ilere gidip diyor ki &#8220;Ramazan&#8217;da apaca\u011f\u0131n hayr\u0131, zekat\u0131 benim derne\u011fime ver, ben onu yerine g\u00f6nderirim&#8221; diyor. Nap\u0131yorlar ordan al\u0131yorlar kuryeyle T\u00fcrkiye&#8217;ye ta\u015f\u0131yorlar. Nereye getiriyor. \u0130stanbul&#8217;a, Ankara&#8217;ya. O paralarla \u015firketler kuruluyor. Televizyonlar kuruluyor. Ne yap\u0131yorlar iktidara destek oluyor. Kimin televizyonu oluyor. AKP&#8217;nin televizyonu oluyor. Ergenekon&#8217;u ar\u0131yorlard\u0131 ne oldu. Bir sendikac\u0131y\u0131 bulmu\u015flar, Mustafa \u00d6zbek&#8217;in \u00fczerine gidiyorlar. Sen kasay\u0131 ar\u0131yorsan etraf\u0131na bir bak\u0131ver, etraf\u0131nda \u00e7ok kasa var \u00e7ok. Bu kasalardan biri de Deniz Feneri kasas\u0131.<\/p>\n<p style=\"text-align: justify;\"><strong>MEHMET\u00c7\u0130K VAKFI VERG\u0130 VER\u0130YOR DEN\u0130Z FENER\u0130 VERM\u0130YOR <\/strong><\/p>\n<p style=\"text-align: justify;\">Almanya&#8217;dan dosya gelecekmi\u015f, sen neyi bekliyorsun. Senin yarg\u0131n yok mu, kanunun yok mu? Neyi bekliyorsun. Y\u0131l\u0131n yar\u0131s\u0131 ge\u00e7ti hala dosya yok. Ge\u00e7en g\u00fcn mecliste g\u00f6sterdim. Al sana dosya i\u015fte. Yok olan dosya de\u011fil. Niyet yok niyet. Neden niyet yok. Ba\u015fbakan bu yolsuzlu\u011fu yapanlar\u0131 tan\u0131m\u0131yor mu? Tan\u0131m\u0131yorum dedi. Sonra ne oldu? Tan\u0131yor tan\u0131yor. Bu ki\u015filere te\u015fvik getirmi\u015f mi, getirmi\u015f. \u0130zin vermi\u015f mi vermi\u015f. Ba\u015fbakan bunlara bu r\u00fctbeyi vermi\u015f. Sonra da sizi vergiden muaf ediyorum demi\u015f. Bu vatan\u0131n huzuru bar\u0131\u015f\u0131 i\u00e7in u\u011fra\u015fan Mehmet\u00e7ik Vakf\u0131 vergi veriyor. Bu sahtekarlar vergi vermiyor. Ba\u015fbakan sayesinde&#8230; T\u00fcrkiye&#8217;de i\u015fsizlikte var yolsuzluk da var. Resmi himaye alt\u0131nda yolsuzluk var. \u0130\u015fte \u00f6rnek.<\/p>\n<p style=\"text-align: justify;\"><strong>BU SE\u00c7\u0130M DEN\u0130Z FENER\u0130 SE\u00c7\u0130M\u0130D\u0130R <\/strong><\/p>\n<p style=\"text-align: justify;\">Sak\u0131n unutmay\u0131n! Bu se\u00e7im Deniz Feneri se\u00e7imi. Bunu unutmay\u0131n. Bu se\u00e7imde bunun hesab\u0131n\u0131 sormal\u0131s\u0131n\u0131z. A\u011f\u0131zlar\u0131n\u0131 a\u00e7t\u0131\u011f\u0131nda din, kitap, Allah diyorlar. Bu se\u00e7imde hesab\u0131n\u0131 soracak m\u0131s\u0131n\u0131z? G\u00f6rece\u011fiz. Ba\u015fbakan&#8217;\u0131n bir g\u00fcn i\u015fsizlikten bahsetti\u011fini duydunuz mu? Kapanan fabrikalardan bahsetti\u011fini duydunuz mu? Varsa yoksa CHP. Ba\u015fbakan diyor ki &#8220;Benim hakk\u0131mda yolsuzluk iddialar\u0131 var, bana s\u00f6ylemeyin, savc\u0131l\u0131\u011fa gidin s\u00f6yleyin&#8221; diyor.<\/p>\n<p style=\"text-align: justify;\">Peki ya dokunulmazl\u0131\u011f\u0131 olacak. Hadi gel senin dokunulmazl\u0131\u011f\u0131n\u0131 kald\u0131ral\u0131m, benim de dokunulmazl\u0131\u011f\u0131m\u0131 kald\u0131ral\u0131m. Sen de ne biliyorsan mahkeymey ver, bende vereyim. Var m\u0131 cesaretin? Dokunulmazl\u0131ktan korkan Ba\u015fbakan T\u00fcrkiye&#8217;ye yak\u0131\u015f\u0131yor mu? Demokrasi diyorsan halkla e\u015fit olmal\u0131s\u0131n. T\u00fcrkiye siyasetine yeni bir anlay\u0131\u015f\u0131 getirece\u011fiz. Baz\u0131lar\u0131na \u00e7al\u0131yor derler, baz\u0131lar\u0131na \u00e7al\u0131\u015fm\u0131yor derler. Hedefimiz hem \u00e7almayacak hem de i\u015f yapacak. \u015eimdi \u00e7alanlar da 2 t\u00fcrl\u00fc. Baz\u0131lar\u0131 hem kendisi \u00e7al\u0131yor hem \u00e7ald\u0131r\u0131yor. Baz\u0131lar\u0131 da ba\u015fkas\u0131na \u00e7ald\u0131r\u0131yor. Ucu Ankara&#8217;ya kadar uzan\u0131yor. Hedefimiz ne kendi \u00e7alacak, ne de Ankara&#8217;ya \u00e7ald\u0131racak.<\/p>\n<p style=\"text-align: justify;\"><strong>\u00c7ALMAK 3 AYAKLI MASA G\u0130B\u0130 <\/strong><\/p>\n<p style=\"text-align: justify;\">\u00d6nce milletvekili dokunulmazl\u0131\u011f\u0131n\u0131 kald\u0131racaks\u0131n. \u00c7almak 3 ayakl\u0131 bir masa gibi. Bir aya\u011f\u0131nda uyan\u0131k bir i\u015fadam\u0131 oluyor, di\u011fer aya\u011f\u0131nda yol g\u00f6sterecek bir b\u00fcrokrat oluyor, \u00fc\u00e7\u00fcnc\u00fc ise hem pay\u0131n\u0131 alacak hem i\u015fadam\u0131na ve b\u00fcrokrata sahip \u00e7\u0131kacak. \u0130n\u015fallah ileride CHP iktidar oldu\u011funda ilk yapaca\u011f\u0131m\u0131z Milletvekili dokunulmazl\u0131\u011f\u0131n\u0131 kald\u0131rmak. \u015eimdi de yolsuzluklar\u0131n konu\u015fmas\u0131n\u0131 engelliyor. Bunu yapaca\u011f\u0131na yolsuzluklar\u0131 \u00f6nle. Sende rahat et, millet de rahat etsin.<\/p>\n<p style=\"text-align: justify;\"><strong>\u0130\u015e\u0130NE GELMEYEN\u0130 YAZDILAR CEZA KES\u0130LD\u0130 <\/strong><\/p>\n<p style=\"text-align: justify;\">Gazetelerin bir k\u0131sm\u0131, Ba\u015fbakan&#8217;\u0131n himayesinde olmayan bir k\u0131s\u0131m medya olayla ilgilendi. Sen misin Deniz Feneri&#8217;ni yazan, sen misin do\u011frular\u0131 g\u00f6steren. Hemen cezay\u0131 kestiler. Hemen inceleme ba\u015flat\u0131ld\u0131. 820 trilyon T\u00fcrkiye&#8217;nin vergi rekortmenine ceza kesmi\u015fler. B\u00fct\u00fcn d\u00fcnya bunun bir bask\u0131 niteli\u011finde oldu g\u00f6rd\u00fc ve biliyor. Demokratik bir \u00fclkede b\u00f6yle bir\u015fey olabilir mi? Sen b\u00f6yle yaparak demokratik bir \u00fclkeyi tersine \u00e7eviriyorsun. Senin i\u015fine gelmeyeni yazan\u0131, ezebilirsen, yok etmeye \u00e7al\u0131\u015f\u0131rsan hani demokrasi. Niye susturmaya \u00e7al\u0131\u015f\u0131yorsun? Yolsuzluklar 7 y\u0131l \u00f6ncesine g\u00f6re daha artt\u0131. Herkes telefonla konu\u015fmaya korkuyor. Herkes korku i\u00e7inde. T\u00fcrkiye bir korku toplumuna d\u00f6n\u00fc\u015f\u00fcyor.<\/p>\n<p style=\"text-align: justify;\"><strong>G\u00d6REV M\u0130LLET\u0130ND\u0130R, \u0130Y\u0130 DE\u011eERLEND\u0130R\u0130N <\/strong><\/p>\n<p style=\"text-align: justify;\">Bu gidi\u015fem dur diyecek, milletin d\u0131\u015f\u0131nda kimse dur diyemez. G\u00f6rev milletindir, halk\u0131nd\u0131r. Bu se\u00e7imi bir f\u0131rsat olarak de\u011ferledirip bu gidi\u015fe dur demeliyiz. Bu bir millet g\u00f6revidir. \u00c7ok doluyum, s\u00f6ylenecek \u00e7ok \u015fey var. Bu arada \u00f6nemli olan, s\u00f6z konusu olan Ba\u015fbakan&#8217;\u0131n bir bas\u0131n grubuyla kavga etmesi de\u011fildir. \u00d6nemli olan milletin do\u011frular\u0131 \u00f6\u011frenme hakk\u0131n\u0131 elinde al\u0131yor\u00e7 M\u00fchim olan budur. Milletin ger\u00e7ekleri \u00f6\u011frenme hakk\u0131n\u0131 engellemeye \u00e7al\u0131\u015f\u0131yorlar. Daha neler var neler. T\u00fcrkiye&#8217;yi karanl\u0131\u011fa s\u00fcr\u00fckl\u00fcyorlar.<\/p>\n<p style=\"text-align: justify;\">Ba\u015fbakan \u00e7\u0131k\u0131yor ona sald\u0131r\u0131yor buna sald\u0131r\u0131yor. Y\u00fcz\u00fcne g\u00f6z\u00fcne bula\u015ft\u0131r\u0131yor. Sen onu bunu b\u0131rak da milletin i\u00e7ini rahatlatacak bir\u015feyler s\u00f6yle. Merak etmeyin T\u00fcrkiye sahipsiz de\u011fildir, T\u00fcrkiye&#8217;yi kimseye teslim etmeyiz. T\u00fcrkiye b\u00f6yle \u00e7ok iktidar g\u00f6rd\u00fc. Gelir ge\u00e7er, T\u00fcrkiye kal\u0131r. Mustafa Kemal Atat\u00fcrk T\u00fcrkiye&#8217;si kal\u0131r.<\/p>\n<p style=\"text-align: justify;\"><strong>HAYD\u0130 GEL TARTI\u015eALIM <\/strong><\/p>\n<p style=\"text-align: justify;\">Haydi gel Ba\u015fbakan, \u015fu tarafs\u0131z medyay\u0131 da aram\u0131za alal\u0131m, \u00fc\u00e7\u00fcm\u00fcz tart\u0131\u015fal\u0131m ne dersin? Her\u015feyi konu\u015fal\u0131m. Millet bunu dinler, karar\u0131n\u0131 verir. Kim do\u011fruyu s\u00f6yler anlar. Haydi gel, yanda\u015flar\u0131n\u0131 da al. S\u00f6yleyeceklerini y\u00fcz\u00fcme s\u00f6yle, bende senin y\u00fcz\u00fcne s\u00f6yleyeyim. Niye ka\u00e7\u0131yorsun.<\/p>\n<p style=\"text-align: justify;\">Gazetecileri \u00e7a\u011f\u0131ral\u0131m her\u015feye cevap verelim. Niye gelmiyorsun. D\u00fcnyan\u0131n her yerinde demokrasi b\u00f6yle i\u015fler. \u0130lgi tek tarafl\u0131 \u015fartlam de\u011fil, ba\u011f\u0131rma \u00e7a\u011f\u0131rma de\u011fil. Her iki g\u00f6r\u00fc\u015f\u00fcnde ortaya sunulmas\u0131. Demokrasi ka\u00e7a\u011f\u0131 bu Ba\u015fbakan. Medyay\u0131 a\u011f\u0131r para cezalar\u0131yla sustururak halka hizmet edilmez. Ka\u00e7mayacaks\u0131n. \u00c7\u0131kacaks\u0131n televizyona tart\u0131\u015fabileceksin. Korkuyorsun. Benimle bir arada olmaktan korkuyor. \u0130\u015fine gelmeyen haber yap\u0131ld\u0131 diye, cezalar uyguluyor. Onun korktu\u011fu sorular bende. Onlar\u0131 ben soruca\u011f\u0131m. Ama \u00e7\u0131km\u0131yor kar\u015f\u0131ma.<\/p>\n<p style=\"text-align: justify;\">Orada burada palavra. Meydan\u0131 \u00e7ok bo\u015f b\u0131rakt\u0131k. Bunlara \u00e7ok f\u0131rsat verdiniz. Ona m\u0131 destek olacaks\u0131n, yoksa Atat\u00fcrk&#8217;\u00fcn kurdu\u011fu devletine mi? Bu se\u00e7imde yeni arkada\u015flar\u0131m\u0131zla yola \u00e7\u0131k\u0131yoruz ve sizlerden destek bekliyoruz.<\/p>\n<p style=\"text-align: justify;\"><span style=\"color: #888888;\">( H\u00fcrriyet )<\/span><\/p>\n","protected":false},"excerpt":{"rendered":"<p style=\"text-align: center;\">\n<p style=\"text-align: justify;\">CHP lideri Ba\u015fbakan Erdo\u011fan&#8217;\u0131 tart\u0131\u015fmaya \u00e7a\u011f\u0131rd\u0131<\/p>\n<p style=\"text-align: justify;\">CHP Genel Ba\u015fkan\u0131 Deniz Baykal, partisince Adana U\u011fur Mumcu Alan\u0131&#8217;nda d\u00fczenlenen a\u00e7\u0131k hava toplant\u0131s\u0131nda halka hitap etti. \u0130\u015fte Baykal&#8217;\u0131n konu\u015fmas\u0131ndan sat\u0131rba\u015flar\u0131:<\/p>\n<p style=\"text-align: justify;\">HAL\u0130N\u0130ZDEN MEMNUN MUSUNUZ?<\/p>\n<p style=\"text-align: justify;\">\u00c7ukuroval\u0131lar, hi\u00e7bir partiyi ay\u0131rmadan soruyorum: Halinizden memnun musunuz? \u0130\u00e7inizde bulundu\u011funuz durumu d\u00fc\u015f\u00fcn\u00fcn. Yar\u0131n\u0131 d\u00fc\u015f\u00fcn\u00fcn. <\/p>\n","protected":false},"author":1,"featured_media":0,"comment_status":"open","ping_status":"closed","sticky":false,"template":"","format":"standard","meta":{"footnotes":""},"categories":[105],"tags":[],"class_list":["post-3424","post","type-post","status-publish","format-standard","hentry","category-gundem","odd"],"_links":{"self":[{"href":"http:\/\/www.korhanyilmaz.com\/index.php?rest_route=\/wp\/v2\/posts\/3424","targetHints":{"allow":["GET"]}}],"collection":[{"href":"http:\/\/www.korhanyilmaz.com\/index.php?rest_route=\/wp\/v2\/posts"}],"about":[{"href":"http:\/\/www.korhanyilmaz.com\/index.php?rest_route=\/wp\/v2\/types\/post"}],"author":[{"embeddable":true,"href":"http:\/\/www.korhanyilmaz.com\/index.php?rest_route=\/wp\/v2\/users\/1"}],"replies":[{"embeddable":true,"href":"http:\/\/www.korhanyilmaz.com\/index.php?rest_route=%2Fwp%2Fv2%2Fcomments&post=3424"}],"version-history":[{"count":0,"href":"http:\/\/www.korhanyilmaz.com\/index.php?rest_route=\/wp\/v2\/posts\/3424\/revisions"}],"wp:attachment":[{"href":"http:\/\/www.korhanyilmaz.com\/index.php?rest_route=%2Fwp%2Fv2%2Fmedia&parent=3424"}],"wp:term":[{"taxonomy":"category","embeddable":true,"href":"http:\/\/www.korhanyilmaz.com\/index.php?rest_route=%2Fwp%2Fv2%2Fcategories&post=3424"},{"taxonomy":"post_tag","embeddable":true,"href":"http:\/\/www.korhanyilmaz.com\/index.php?rest_route=%2Fwp%2Fv2%2Ftags&post=3424"}],"curies":[{"name":"wp","href":"https:\/\/api.w.org\/{rel}","templated":true}]}}