{"id":34233,"date":"2011-06-10T12:12:05","date_gmt":"2011-06-10T09:12:05","guid":{"rendered":"http:\/\/www.korhanyilmaz.com\/?p=34233"},"modified":"2011-07-10T21:39:44","modified_gmt":"2011-07-10T18:39:44","slug":"secmen-karti-skandali","status":"publish","type":"post","link":"http:\/\/www.korhanyilmaz.com\/?p=34233","title":{"rendered":"Se\u00e7men kart\u0131 skandal\u0131!.."},"content":{"rendered":"<p><a href=\"http:\/\/www.korhanyilmaz.com\/wp-content\/uploads\/2011\/06\/039.jpg\"  class=\"lightview\"><img loading=\"lazy\" decoding=\"async\" class=\"aligncenter\" src=\"http:\/\/www.korhanyilmaz.com\/wp-content\/uploads\/2011\/06\/039.jpg\" alt=\"\" width=\"292\" height=\"224\" \/><\/a><\/p>\n<p style=\"text-align: justify;\">12 Haziran se\u00e7imlerine 2 g\u00fcn kala, ilgin\u00e7 olaylar da ortaya \u00e7\u0131kmaya ba\u015flad\u0131. YSK taraf\u0131ndan, Kocaeli&#8217;nin Derince \u0130l\u00e7esi&#8217;nde ya\u015fayan evli 45 ya\u015f\u0131ndaki Sakine Erda\u011f\u0131&#8217;na iki ayr\u0131 se\u00e7men kart\u0131 geldi. \u00dcstelik Sakine Erda\u011f\u0131 bunlardan birinde &#8216;kad\u0131n&#8217; di\u011ferinde &#8216;erkek&#8217; olarak g\u00f6r\u00fcl\u00fcyor. <!--more--><\/p>\n<p style=\"text-align: justify;\">(DHA) &#8212; \u0130ki karttaki T.C. numaralar\u0131n\u0131n da farkl\u0131 olmas\u0131 \u015fa\u015fk\u0131nl\u0131k yarat\u0131rken, Sakine Erda\u011f\u0131 \u015fimdi kara kara nerede oy kullanaca\u011f\u0131n\u0131 d\u00fc\u015f\u00fcn\u00fcyor.<\/p>\n<p style=\"text-align: justify;\">Sakine \u00d6zdal, ailesiyle birlikte oturdu\u011fu Kocaeli&#8217;nin Dar\u0131ca \u0130l\u00e7esi&#8217;nden yakla\u015f\u0131k 25 y\u0131l \u00f6nce evlenip Derince \u0130l\u00e7esi&#8217;ne gelin giderek &#8216;Erda\u011f\u0131&#8217; soyad\u0131n\u0131 ald\u0131.<\/p>\n<p style=\"text-align: justify;\">YSK 12 Haziran genel e\u00e7imleri i\u00e7in birisi Dar\u0131ca&#8217;daki baba evine &#8216;Sakine \u00d6zdal&#8217; ad\u0131yla, di\u011feri de \u015fu an ya\u015fad\u0131\u011f\u0131 Derince&#8217;deki evine &#8216;Sakine Erda\u011f\u0131&#8217; ad\u0131yla 2 ayr\u0131 se\u00e7men bilgi kart\u0131 g\u00f6nderdi.<\/p>\n<p style=\"text-align: justify;\">\u00dcstelik, birbirinden farkl\u0131 TC numaralar\u0131 ile g\u00f6nderilen se\u00e7men ka\u011f\u0131tlar\u0131n\u0131n birisinde Sakine han\u0131m &#8216;erkek&#8217; olarak belirtildi.<\/p>\n<p style=\"text-align: justify;\"><strong>Baba evinde erkek, koca evinde kad\u0131n <\/strong><\/p>\n<p style=\"text-align: justify;\">Evlenmeden \u00f6nce anne ve babas\u0131yla birlikte ya\u015fad\u0131\u011f\u0131 Dar\u0131ca Ba\u011flarba\u015f\u0131 Mahallesi Asil Sokak&#8217;taki evine 12 Haziran 2011 Se\u00e7imleri i\u00e7in g\u00f6nderilen se\u00e7men ka\u011f\u0131d\u0131nda Sakine han\u0131m\u0131n erkek oldu\u011fu belirtilirken, k\u0131zl\u0131k soyad\u0131 olan &#8216;\u00d6zdal&#8217;a yer verildi.<\/p>\n<p style=\"text-align: justify;\">T.C. Kimlik numaralar\u0131n\u0131n farkl\u0131 olarak belirtildi\u011fi ikinci se\u00e7men ka\u011f\u0131d\u0131 ise &#8216;Sakine Erda\u011f\u0131&#8217; ad\u0131na d\u00fczenlenerek, \u015fu an e\u015fiyle birlikte ya\u015fad\u0131\u011f\u0131 Derince Yenikent&#8217;teki adresine g\u00f6nderildi.<\/p>\n<p style=\"text-align: justify;\">B\u00f6ylece YSK&#8217;n\u0131n bug\u00fcnk\u00fc verilerine g\u00f6re, Sakine ad\u0131ndaki ayn\u0131 vatanda\u015f, Dar\u0131ca&#8217;da erkek olarak ya\u015f\u0131yor ve &#8216;\u00d6zdal&#8217; soyad\u0131n\u0131 ta\u015f\u0131yor, Derince&#8217;de ise birincisinden farkl\u0131 T.C. numaras\u0131 ile &#8216;Erda\u011f\u0131&#8217; soyad\u0131yla kad\u0131n olarak ya\u015f\u0131yor.<\/p>\n<p style=\"text-align: justify;\">YSK&#8217;n\u0131n se\u00e7men kartlar\u0131na g\u00f6re Dar\u0131ca&#8217;da ya\u015fayan &#8216;erkek&#8217; Sakine \u00d6zdal, 12 Haziran 2011&#8217;de Dar\u0131ca Faik \u015eahenk \u0130lk\u00f6\u011fretim Okulu&#8217;nda 1053 nolu sand\u0131kta oy kullanacakken, Derince&#8217;de ya\u015fayan ve ayn\u0131 ki\u015fi olan &#8216;kad\u0131n&#8217; Sakine Erda\u011f\u0131 ise \u00d6\u011fretmen \u0130lk\u00f6\u011fretim Okulu&#8217;nda 1301 nolu sand\u0131kta oy verecek.<\/p>\n<p style=\"text-align: justify;\">\u0130ki se\u00e7men kart\u0131 eline ula\u015fan Sakine Erda\u011f\u0131 ise, \u015fa\u015fk\u0131nl\u0131k i\u00e7inde nerede oy kullanaca\u011f\u0131n\u0131 d\u00fc\u015f\u00fcn\u00fcyor.<\/p>\n<p style=\"text-align: justify;\"><a href=\"http:\/\/www.cnnturk.com\/2011\/turkiye\/06\/10\/secmen.karti.skandali\/619629.0\/index.html\" target=\"_blank\">Kaynak : GAZETEPORT<\/a><\/p>\n","protected":false},"excerpt":{"rendered":"<\/p>\n<p style=\"text-align: justify;\">12 Haziran se\u00e7imlerine 2 g\u00fcn kala, ilgin\u00e7 olaylar da ortaya \u00e7\u0131kmaya ba\u015flad\u0131. YSK taraf\u0131ndan, Kocaeli&#8217;nin Derince \u0130l\u00e7esi&#8217;nde ya\u015fayan evli 45 ya\u015f\u0131ndaki Sakine Erda\u011f\u0131&#8217;na iki ayr\u0131 se\u00e7men kart\u0131 geldi. \u00dcstelik Sakine Erda\u011f\u0131 bunlardan birinde &#8216;kad\u0131n&#8217; di\u011ferinde &#8216;erkek&#8217; olarak g\u00f6r\u00fcl\u00fcyor. <\/p>\n","protected":false},"author":1,"featured_media":0,"comment_status":"open","ping_status":"closed","sticky":false,"template":"","format":"standard","meta":{"footnotes":""},"categories":[105],"tags":[],"class_list":["post-34233","post","type-post","status-publish","format-standard","hentry","category-gundem","odd"],"_links":{"self":[{"href":"http:\/\/www.korhanyilmaz.com\/index.php?rest_route=\/wp\/v2\/posts\/34233","targetHints":{"allow":["GET"]}}],"collection":[{"href":"http:\/\/www.korhanyilmaz.com\/index.php?rest_route=\/wp\/v2\/posts"}],"about":[{"href":"http:\/\/www.korhanyilmaz.com\/index.php?rest_route=\/wp\/v2\/types\/post"}],"author":[{"embeddable":true,"href":"http:\/\/www.korhanyilmaz.com\/index.php?rest_route=\/wp\/v2\/users\/1"}],"replies":[{"embeddable":true,"href":"http:\/\/www.korhanyilmaz.com\/index.php?rest_route=%2Fwp%2Fv2%2Fcomments&post=34233"}],"version-history":[{"count":0,"href":"http:\/\/www.korhanyilmaz.com\/index.php?rest_route=\/wp\/v2\/posts\/34233\/revisions"}],"wp:attachment":[{"href":"http:\/\/www.korhanyilmaz.com\/index.php?rest_route=%2Fwp%2Fv2%2Fmedia&parent=34233"}],"wp:term":[{"taxonomy":"category","embeddable":true,"href":"http:\/\/www.korhanyilmaz.com\/index.php?rest_route=%2Fwp%2Fv2%2Fcategories&post=34233"},{"taxonomy":"post_tag","embeddable":true,"href":"http:\/\/www.korhanyilmaz.com\/index.php?rest_route=%2Fwp%2Fv2%2Ftags&post=34233"}],"curies":[{"name":"wp","href":"https:\/\/api.w.org\/{rel}","templated":true}]}}