{"id":34228,"date":"2011-06-10T18:10:58","date_gmt":"2011-06-10T15:10:58","guid":{"rendered":"http:\/\/www.korhanyilmaz.com\/?p=34228"},"modified":"2011-06-10T18:10:58","modified_gmt":"2011-06-10T15:10:58","slug":"o-gazeteci-kovuldu-mu","status":"publish","type":"post","link":"http:\/\/www.korhanyilmaz.com\/?p=34228","title":{"rendered":"O gazeteci kovuldu mu?"},"content":{"rendered":"<p style=\"text-align: justify;\"><a rel=\"attachment wp-att-34229\" href=\"http:\/\/www.korhanyilmaz.com\/?attachment_id=34229\"><img loading=\"lazy\" decoding=\"async\" class=\"aligncenter size-full wp-image-34229\" src=\"http:\/\/www.korhanyilmaz.com\/wp-content\/uploads\/2011\/06\/038.jpg\" alt=\"\" width=\"396\" height=\"180\" \/ class=\"lightview\"><\/a><\/p>\n<p style=\"text-align: justify;\">Ba\u015fbakan Erdo\u011fan&#8217;\u0131n kovulmas\u0131na onay verdi\u011fi gazeteci kovuldu mu?<\/p>\n<p style=\"text-align: justify;\">\u0130STANBUL &#8211;  32. G\u00fcn program\u0131na konuk olan Ba\u015fbakan Erdo\u011fan ile Mehmet Ali Birand&#8217; aras\u0131nda ilgin\u00e7 bir diyalog ya\u015fand\u0131.  Erdo\u011fan, programda 11 dakika \u00f6nce s\u00f6yledi\u011fi &#8220;ba\u015fkanl\u0131k g\u00f6nl\u00fcmde var&#8221; s\u00f6z\u00fcn\u00fc yalanlad\u0131. Bunun \u00fczerine  Birand, rejide bekleyen yard\u0131mc\u0131s\u0131 S\u00fcleyman Sar\u0131lar&#8217;a \u015fakayla kar\u0131\u015f\u0131k Erdo\u011fan&#8217;\u0131n s\u00f6ylemedi\u011fini iddia etti\u011fi s\u00f6z\u00fc yazan edit\u00f6r\u00fcn\u00fcn kovulmas\u0131n\u0131 s\u00f6yledi. Erdo\u011fan da gazetecinin kovulmas\u0131na &#8216;evet&#8217; diyerek onay verdi. Ancak bu edit\u00f6r\u00fcn kovulup kovulmad\u0131\u011f\u0131 merak konusu oldu. <!--more--><\/p>\n<p style=\"text-align: justify;\">Gazeteport, Erdo\u011fan&#8217;\u0131n kovulmas\u0131 i\u00e7in onay verdi\u011fi o gazetecinin i\u015ften \u00e7\u0131kar\u0131lmad\u0131\u011f\u0131n\u0131 ortaya koydu. 32.G\u00fcn Program\u0131 \u00e7al\u0131\u015fan\u0131 Gazeteport&#8217;a yapt\u0131\u011f\u0131 a\u00e7\u0131klamada, Mehmet Ali Birand&#8217;\u0131n programda &#8216;\u015faka&#8217; olsun diye &#8216;at\u0131n \u015fu herifi&#8217; dedi\u011fini, Erdo\u011fan&#8217;\u0131n s\u00f6yledi\u011fi s\u00f6zlerin kay\u0131tlarda g\u00f6r\u00fcld\u00fc\u011f\u00fcn\u00fc kaydetti.<\/p>\n<p style=\"text-align: justify;\"><strong>\u0130\u015eTE O D\u0130YALOGLAR <\/strong><\/p>\n<p style=\"text-align: justify;\">Programda Ba\u015fbakan ile Birand aras\u0131nda ge\u00e7en diyalog \u015f\u00f6yleydi:<\/p>\n<p style=\"text-align: justify;\">&#8211;<strong>Birand:<\/strong> Sizin kalbinizde ba\u015fkanl\u0131k sistemi yat\u0131yor.<\/p>\n<p style=\"text-align: justify;\">&#8211;<strong>Erdo\u011fan:<\/strong> &#8220;Ee! G\u00f6nl\u00fcmde var. Ama illa olacak diye de benim bir direncim yok&#8221;&#8230;<\/p>\n<p style=\"text-align: justify;\">Birand, Erdo\u011fan&#8217;\u0131 s\u00f6z\u00fcn\u00fc hat\u0131rlat\u0131nca:<\/p>\n<p style=\"text-align: justify;\"><strong>Erdo\u011fan:<\/strong> Ben \u00f6yle bir \u015fey demedim<\/p>\n<p style=\"text-align: justify;\"><strong>Birand:<\/strong> Aaaa!!..  \u015eu band\u0131 g\u00f6sterince \u00e7\u0131kacak ortaya<\/p>\n<p style=\"text-align: justify;\"><strong>Erdo\u011fan: <\/strong>Tart\u0131\u015f\u0131ls\u0131n diyorum. G\u00f6nl\u00fcmde ba\u015fkanl\u0131k var demedim<\/p>\n<p style=\"text-align: justify;\"><strong>Birand: <\/strong>At\u0131n \u015fu herifi! Yazan kimse&#8230; (Rejiye d\u00f6nerek)<\/p>\n<p style=\"text-align: justify;\"><strong>Erdo\u011fan:<\/strong> Evet<\/p>\n<p style=\"text-align: justify;\"><strong>Birand:<\/strong> S\u00fcleyman&#8230; Kovuldun!<\/p>\n<p style=\"text-align: justify;\"><strong>Erdo\u011fan: <\/strong>Hemen d\u00f6n\u00fcn geriye (yay\u0131n kasetini kastediyor)<\/p>\n<p style=\"text-align: justify;\">Ama Birand d\u00f6nm\u00fcyor&#8230;<\/p>\n<p style=\"text-align: justify;\"><a href=\"http:\/\/www.gazeteport.com.tr\/haber\/36986\/o_gazeteci_kovuldu_mu\" target=\"_blank\">Kaynak : GAZETEPORT<\/a><\/p>\n<p style=\"text-align: justify;\">[youtube]http:\/\/www.youtube.com\/watch?v=5WleH-iommw[\/youtube]<\/p>\n<p style=\"text-align: justify;\">&nbsp;<\/p>\n","protected":false},"excerpt":{"rendered":"<p style=\"text-align: justify;\">\n<p style=\"text-align: justify;\">Ba\u015fbakan Erdo\u011fan&#8217;\u0131n kovulmas\u0131na onay verdi\u011fi gazeteci kovuldu mu?<\/p>\n<p style=\"text-align: justify;\">\u0130STANBUL &#8211; 32. G\u00fcn program\u0131na konuk olan Ba\u015fbakan Erdo\u011fan ile Mehmet Ali Birand&#8217; aras\u0131nda ilgin\u00e7 bir diyalog ya\u015fand\u0131. Erdo\u011fan, programda 11 dakika \u00f6nce s\u00f6yledi\u011fi &#8220;ba\u015fkanl\u0131k g\u00f6nl\u00fcmde var&#8221; s\u00f6z\u00fcn\u00fc yalanlad\u0131. Bunun \u00fczerine Birand, rejide bekleyen yard\u0131mc\u0131s\u0131 S\u00fcleyman Sar\u0131lar&#8217;a \u015fakayla kar\u0131\u015f\u0131k Erdo\u011fan&#8217;\u0131n <\/p>\n","protected":false},"author":1,"featured_media":0,"comment_status":"open","ping_status":"closed","sticky":false,"template":"","format":"standard","meta":{"footnotes":""},"categories":[105],"tags":[],"class_list":["post-34228","post","type-post","status-publish","format-standard","hentry","category-gundem","odd"],"_links":{"self":[{"href":"http:\/\/www.korhanyilmaz.com\/index.php?rest_route=\/wp\/v2\/posts\/34228","targetHints":{"allow":["GET"]}}],"collection":[{"href":"http:\/\/www.korhanyilmaz.com\/index.php?rest_route=\/wp\/v2\/posts"}],"about":[{"href":"http:\/\/www.korhanyilmaz.com\/index.php?rest_route=\/wp\/v2\/types\/post"}],"author":[{"embeddable":true,"href":"http:\/\/www.korhanyilmaz.com\/index.php?rest_route=\/wp\/v2\/users\/1"}],"replies":[{"embeddable":true,"href":"http:\/\/www.korhanyilmaz.com\/index.php?rest_route=%2Fwp%2Fv2%2Fcomments&post=34228"}],"version-history":[{"count":0,"href":"http:\/\/www.korhanyilmaz.com\/index.php?rest_route=\/wp\/v2\/posts\/34228\/revisions"}],"wp:attachment":[{"href":"http:\/\/www.korhanyilmaz.com\/index.php?rest_route=%2Fwp%2Fv2%2Fmedia&parent=34228"}],"wp:term":[{"taxonomy":"category","embeddable":true,"href":"http:\/\/www.korhanyilmaz.com\/index.php?rest_route=%2Fwp%2Fv2%2Fcategories&post=34228"},{"taxonomy":"post_tag","embeddable":true,"href":"http:\/\/www.korhanyilmaz.com\/index.php?rest_route=%2Fwp%2Fv2%2Ftags&post=34228"}],"curies":[{"name":"wp","href":"https:\/\/api.w.org\/{rel}","templated":true}]}}