{"id":34217,"date":"2011-06-10T07:31:55","date_gmt":"2011-06-10T04:31:55","guid":{"rendered":"http:\/\/www.korhanyilmaz.com\/?p=34217"},"modified":"2011-06-10T07:31:55","modified_gmt":"2011-06-10T04:31:55","slug":"butun-dengeler-degisir","status":"publish","type":"post","link":"http:\/\/www.korhanyilmaz.com\/?p=34217","title":{"rendered":"\u0130stifa t\u00fcm dengeleri sarsar"},"content":{"rendered":"<p style=\"text-align: justify;\"><a rel=\"attachment wp-att-34222\" href=\"http:\/\/www.korhanyilmaz.com\/?attachment_id=34222\"><img loading=\"lazy\" decoding=\"async\" class=\"aligncenter size-full wp-image-34222\" src=\"http:\/\/www.korhanyilmaz.com\/wp-content\/uploads\/2011\/06\/037.jpg\" alt=\"\" width=\"444\" height=\"207\" \/ class=\"lightview\"><\/a><\/p>\n<p style=\"text-align: justify;\">Genelkurmay Ba\u015fkan\u0131 Orgeneral Ko\u015faner\u2019in istifa edece\u011fi iddias\u0131na \u2018\u2019 Cevap vermeye bile de\u011fmez\u2019\u2019 yorumu yap\u0131ld\u0131. Ancak istifa TSK\u2019daki dengeleri de\u011fi\u015ftiriyor.<\/p>\n<p style=\"text-align: justify;\">ANKARA- Taraf yazar\u0131 Emre Uslu\u2019nun, se\u00e7imden sonra AKP\u2019nin tek ba\u015f\u0131na iktidara gelmesi halinde Genelkurmay Ba\u015fkan\u0131 Orgeneral I\u015f\u0131k Ko\u015faner\u2019in istifa edece\u011fini \u00f6ne s\u00fcrd\u00fc. Genelkurmay \u00e7evreleri bu iddiaya sessiz kalmakla birlikte, \u2018\u2019 Cevap bile verilmeye de\u011fmez\u2019\u2019 yorumu da yap\u0131ld\u0131. <!--more--><\/p>\n<p style=\"text-align: justify;\">Ancak iddian\u0131n do\u011fru \u00e7\u0131kmas\u0131 ve Ko\u015faner\u2019in istifas\u0131 durumunda TSK\u2019n\u0131n komuta kademesinde de dengeler de\u011fi\u015fecek. Ko\u015faner\u2019in 2013 y\u0131l\u0131 A\u011fustos ay\u0131na kadar bu g\u00f6revde kalmas\u0131 beklenirken istifas\u0131 halinde Genelkurmay Ba\u015fkanl\u0131\u011f\u0131 i\u00e7in en kuvvetli aday Kara Kuvvetleri Komutan\u0131 Orgeneral Erdal Ceylano\u011flu olacak.<\/p>\n<p style=\"text-align: justify;\"><strong>KARA VE JANDARMA DA DE\u011e\u0130\u015e\u0130R<\/strong><\/p>\n<p style=\"text-align: justify;\">Bu durumda Jandarma Genel Komutan\u0131 Orgeneral Necdet \u00d6zel de Kara Kuvvetleri Komutan\u0131 olacak. Ceylano\u011flu ya\u015f\u0131 dolay\u0131s\u0131yla bir y\u0131l Genelkurmay Ba\u015fkanl\u0131\u011f\u0131 yapabilecek. Normalde 2013\u2019de Genelkurmay Ba\u015fkan\u0131 olmas\u0131 gereken Orgeneral \u00d6zel de bu durumda, 2012-2016 aras\u0131nda Genelkurmay Ba\u015fkan\u0131 olacak.  \u00d6zel\u2019den sonraki Genelkurmay Ba\u015fkan\u0131n\u0131n ise bu y\u0131l YA\u015e\u2019ta Korgeneral r\u00fctbesinden Orgeneral r\u00fctbesine y\u00fckselen bir isim olmas\u0131 beklenirken istifa bu durumu da etkileyecek.<\/p>\n<p style=\"text-align: justify;\">Bu y\u0131l Deniz ve Hava Kuvvetleri Komutanlar\u0131 da emekli oluyor.<\/p>\n<p style=\"text-align: justify;\">Deniz Kuvvetlerine Donanma Komutan\u0131 Oramiral Murat Bilgel\u2019in atanmas\u0131 bekleniyor. Hava Kuvvetlerine ise Harp Akademileri Komutan\u0131 Orgeneral Bilgin Balanl\u0131 tutuklu oldu\u011fu i\u00e7in bu y\u0131l Orgeneral olacak bir isim getirilecek. \u0130stifa, TSK\u2019da 14 olan Orgeneral ve Oramiral say\u0131s\u0131n\u0131 da, Balanl\u0131 tutuklu oldu\u011fu i\u00e7in 2011 A\u011fustos ay\u0131na kadar 12\u2019ye d\u00fc\u015f\u00fcrecek.<\/p>\n<p style=\"text-align: justify;\">TSK\u2019n\u0131n komuta kademesi halen \u015fu isimlerden olu\u015fuyor.<\/p>\n<p style=\"text-align: justify;\">* Genelkurmay Ba\u015fkan\u0131 : Orgeneral Sebahattin I\u015f\u0131k Ko\u015faner<\/p>\n<p style=\"text-align: justify;\">* Kara Kuvvetleri Komutan\u0131: Orgeneral Erdal Ceylano\u011flu<\/p>\n<p style=\"text-align: justify;\">* Deniz Kuvvetleri Komutan\u0131 : Oramiral E\u015fref U\u011fur Yi\u011fit<\/p>\n<p style=\"text-align: justify;\">* Hava Kuvvetleri Komutan\u0131 : Orgeneral Hasan Aksay<\/p>\n<p style=\"text-align: justify;\">* Jandarma Genel Komutan\u0131 : Orgeneral Necdet \u00d6zel<\/p>\n<p style=\"text-align: justify;\">* 1\u2019inci Ordu Komutan\u0131 : Orgeneral Hayri K\u0131vr\u0131ko\u011flu<\/p>\n<p style=\"text-align: justify;\">* 2\u2019nci Ordu Komutan\u0131 : Orgeneral Servet Y\u00f6r\u00fck<\/p>\n<p style=\"text-align: justify;\">* 3\u2019\u00fcnc\u00fc Ordu Komutan\u0131: Orgeneral Yal\u00e7\u0131n Ataman<\/p>\n<p style=\"text-align: justify;\">* Ege Ordusu Komutan\u0131 : Orgeneral H\u00fcseyin Nusret Ta\u015fdeler<\/p>\n<p style=\"text-align: justify;\">* E\u011fitim ve Doktrin Komutan\u0131: Orgeneral Sald\u0131ray Berk<\/p>\n<p style=\"text-align: justify;\">* Genelkurmay 2. Ba\u015fkan\u0131 :Orgeneral Aslan G\u00fcner<\/p>\n<p style=\"text-align: justify;\">* Kara Kuvvetleri Kurmay Ba\u015fkan\u0131: Orgeneral Bekir Kalyoncu<\/p>\n<p style=\"text-align: justify;\">* Donanma Komutan\u0131 : Oramiral Emin Murat Bilgel<\/p>\n<p style=\"text-align: justify;\">* Harp Akademileri Komutan\u0131 : Orgeneral Bilgin Balanl\u0131 (tutuklu)<\/p>\n<p style=\"text-align: justify;\"><a href=\"http:\/\/www.gazeteport.com.tr\/haber\/36832\/butun_dengeler_degisir\" target=\"_blank\">Kaynak : GAZETEPORT<\/a><\/p>\n","protected":false},"excerpt":{"rendered":"<p style=\"text-align: justify;\">\n<p style=\"text-align: justify;\">Genelkurmay Ba\u015fkan\u0131 Orgeneral Ko\u015faner\u2019in istifa edece\u011fi iddias\u0131na \u2018\u2019 Cevap vermeye bile de\u011fmez\u2019\u2019 yorumu yap\u0131ld\u0131. Ancak istifa TSK\u2019daki dengeleri de\u011fi\u015ftiriyor.<\/p>\n<p style=\"text-align: justify;\">ANKARA- Taraf yazar\u0131 Emre Uslu\u2019nun, se\u00e7imden sonra AKP\u2019nin tek ba\u015f\u0131na iktidara gelmesi halinde Genelkurmay Ba\u015fkan\u0131 Orgeneral I\u015f\u0131k Ko\u015faner\u2019in istifa edece\u011fini \u00f6ne s\u00fcrd\u00fc. Genelkurmay \u00e7evreleri bu iddiaya sessiz kalmakla birlikte, <\/p>\n","protected":false},"author":1,"featured_media":0,"comment_status":"open","ping_status":"closed","sticky":false,"template":"","format":"standard","meta":{"footnotes":""},"categories":[105],"tags":[],"class_list":["post-34217","post","type-post","status-publish","format-standard","hentry","category-gundem","odd"],"_links":{"self":[{"href":"http:\/\/www.korhanyilmaz.com\/index.php?rest_route=\/wp\/v2\/posts\/34217","targetHints":{"allow":["GET"]}}],"collection":[{"href":"http:\/\/www.korhanyilmaz.com\/index.php?rest_route=\/wp\/v2\/posts"}],"about":[{"href":"http:\/\/www.korhanyilmaz.com\/index.php?rest_route=\/wp\/v2\/types\/post"}],"author":[{"embeddable":true,"href":"http:\/\/www.korhanyilmaz.com\/index.php?rest_route=\/wp\/v2\/users\/1"}],"replies":[{"embeddable":true,"href":"http:\/\/www.korhanyilmaz.com\/index.php?rest_route=%2Fwp%2Fv2%2Fcomments&post=34217"}],"version-history":[{"count":0,"href":"http:\/\/www.korhanyilmaz.com\/index.php?rest_route=\/wp\/v2\/posts\/34217\/revisions"}],"wp:attachment":[{"href":"http:\/\/www.korhanyilmaz.com\/index.php?rest_route=%2Fwp%2Fv2%2Fmedia&parent=34217"}],"wp:term":[{"taxonomy":"category","embeddable":true,"href":"http:\/\/www.korhanyilmaz.com\/index.php?rest_route=%2Fwp%2Fv2%2Fcategories&post=34217"},{"taxonomy":"post_tag","embeddable":true,"href":"http:\/\/www.korhanyilmaz.com\/index.php?rest_route=%2Fwp%2Fv2%2Ftags&post=34217"}],"curies":[{"name":"wp","href":"https:\/\/api.w.org\/{rel}","templated":true}]}}