{"id":34212,"date":"2011-06-10T09:49:32","date_gmt":"2011-06-10T06:49:32","guid":{"rendered":"http:\/\/www.korhanyilmaz.com\/?p=34212"},"modified":"2011-07-10T21:38:58","modified_gmt":"2011-07-10T18:38:58","slug":"the-economistten-erdogana-yanit","status":"publish","type":"post","link":"http:\/\/www.korhanyilmaz.com\/?p=34212","title":{"rendered":"The Economist&#8217;ten Erdo\u011fan&#8217;a yan\u0131t!"},"content":{"rendered":"<p><a href=\"http:\/\/www.korhanyilmaz.com\/wp-content\/uploads\/2011\/06\/035.jpg\"  class=\"lightview\"><img loading=\"lazy\" decoding=\"async\" class=\"aligncenter\" src=\"http:\/\/www.korhanyilmaz.com\/wp-content\/uploads\/2011\/06\/035.jpg\" alt=\"\" width=\"307\" height=\"236\" \/><\/a><\/p>\n<p style=\"text-align: justify;\">&#8220;CHP&#8217;ye oy verin&#8221; \u00e7a\u011fr\u0131s\u0131 yapt\u0131\u011f\u0131 i\u00e7in Ba\u015fbakan Erdo\u011fan&#8217;\u0131n sert ele\u015ftirilerine hedef olan The Economist dergisinden Ba\u015fbakan&#8217;a yan\u0131t geldi. Dergi, su\u00e7lamalar\u0131n Erdo\u011fan&#8217;a oy getirebilece\u011fini ancak Bat\u0131&#8217;da sayg\u0131nl\u0131k kazand\u0131rmayaca\u011f\u0131n\u0131 yazd\u0131. <!--more--><\/p>\n<p style=\"text-align: justify;\">Erdo\u011fan&#8217;\u0131n, The Economist&#8217;in &#8220;CHP&#8217;ye oy verin&#8221; \u00e7a\u011fr\u0131s\u0131nda tepki g\u00f6stermesinden bir hafta sonra dergiden bug\u00fcn yan\u0131t geldi.<\/p>\n<p style=\"text-align: justify;\">Dergi, Erdo\u011fan&#8217;\u0131n Economist&#8217;i ele\u015ftirmesinin onun Bat\u0131&#8217;daki sayg\u0131nl\u0131\u011f\u0131n\u0131 hemen hemen hi\u00e7 art\u0131rmayaca\u011f\u0131n\u0131 yazd\u0131.<\/p>\n<p style=\"text-align: justify;\">Economist&#8217;in bug\u00fcn yay\u0131mlanan say\u0131s\u0131nda &#8220;Son turda&#8221; ba\u015fl\u0131kl\u0131 bir yaz\u0131 ile T\u00fcrkiye&#8217;nin derginin ifadesi ile &#8220;sert&#8221; se\u00e7imi de\u011ferlendirildi Dergi, iktidardaki AK Parti&#8217;nin kutupla\u015ft\u0131r\u0131c\u0131 bir kampanya sonras\u0131 yeniden iktidara ko\u015ftu\u011funu belirtti.<\/p>\n<p style=\"text-align: justify;\">Economist&#8217;teki yaz\u0131da Erdo\u011fan&#8217;\u0131n kad\u0131n bakanl\u0131\u011f\u0131n\u0131 kald\u0131raca\u011f\u0131n\u0131 ve yerine &#8220;Aile ve Sosyal Hizmetler Bakanl\u0131\u011f\u0131&#8221; kuraca\u011f\u0131n\u0131 s\u00f6ylemesi hat\u0131rlat\u0131ld\u0131. Bunun, onun h\u00fck\u00fcmetinin zinay\u0131 su\u00e7 kapsam\u0131na alma \u00e7abalar\u0131n\u0131 hat\u0131rlayan \u00e7evrelerde alarm zilleri \u00e7almas\u0131na neden oldu\u011fu belirtildi.<\/p>\n<p style=\"text-align: justify;\">Yaz\u0131da yine de AK Parti h\u00fck\u00fcmetinin kad\u0131nlara bug\u00fcne kadar g\u00f6r\u00fclmemi\u015f oranda hak verdi\u011fi, evlilik i\u00e7i tecav\u00fcz\u00fc su\u00e7 kapsam\u0131na al\u0131p, &#8220;namus cinayeti&#8221; i\u015fleyenlere verilen cezalar\u0131 art\u0131rd\u0131\u011f\u0131 hat\u0131rlat\u0131ld\u0131.<\/p>\n<p style=\"text-align: justify;\"><strong>&#8220;Otoriterle\u015fiyor&#8221; <\/strong><\/p>\n<p style=\"text-align: justify;\">Erdo\u011fan&#8217;\u0131n giderek daha otoriter bir e\u011filim g\u00f6sterdi\u011fi ise Economist&#8217;in kayg\u0131 yaratt\u0131\u011f\u0131n\u0131 belirtti\u011fi konulardan. T\u00fcrkiye&#8217;nin hemen hemen en fazla gazeteciyi hapse atan \u00fclke oldu\u011funun vurguland\u0131\u011f\u0131 yaz\u0131, Ba\u015fbakan\u0131n dergi ile ilgili s\u00f6zlerine yan\u0131t ile noktaland\u0131:<\/p>\n<p style=\"text-align: justify;\">&#8220;Bu yay\u0131n organ\u0131 ge\u00e7en hafta boyunca, 4 Haziran tarihli say\u0131s\u0131nda T\u00fcrklerin CHP&#8217;ye oy vermelerini \u00f6nerme c\u00fcretinde bulundu\u011fu i\u00e7in hedef oldu. \u00d6nerinin nedeni, AK Parti&#8217;nin anayasay\u0131 tek ba\u015f\u0131na haz\u0131rlamas\u0131 i\u00e7in Meclis&#8217;te gerekli \u00fc\u00e7te iki \u00e7o\u011funluktan yoksun b\u0131rak\u0131lmas\u0131yd\u0131. Say\u0131n Erdo\u011fan mitinglerde The Economist&#8217;i &#8220;k\u00fcresel bir \u00e7eteyle&#8221; uyum i\u00e7inde hareket etmekle ve \u0130srail&#8217;den talimat almakla su\u00e7lad\u0131. Bu kendisine \u00fclkesinde oy kazand\u0131rabilir. Ancak onun Bat\u0131&#8217;daki sayg\u0131nl\u0131\u011f\u0131n\u0131 hemen hemen hi\u00e7 art\u0131rmayacakt\u0131r.&#8221; &#8212; BBC T\u00fcrk\u00e7e &#8212;<\/p>\n<p style=\"text-align: justify;\"><a href=\"http:\/\/www.cnnturk.com\/2011\/yazarlar\/06\/10\/the.economistten.erdogana.yanit\/619596.0\/index.html\" target=\"_blank\">Kaynak : CNN T\u00dcRK<\/a><\/p>\n","protected":false},"excerpt":{"rendered":"<\/p>\n<p style=\"text-align: justify;\">&#8220;CHP&#8217;ye oy verin&#8221; \u00e7a\u011fr\u0131s\u0131 yapt\u0131\u011f\u0131 i\u00e7in Ba\u015fbakan Erdo\u011fan&#8217;\u0131n sert ele\u015ftirilerine hedef olan The Economist dergisinden Ba\u015fbakan&#8217;a yan\u0131t geldi. Dergi, su\u00e7lamalar\u0131n Erdo\u011fan&#8217;a oy getirebilece\u011fini ancak Bat\u0131&#8217;da sayg\u0131nl\u0131k kazand\u0131rmayaca\u011f\u0131n\u0131 yazd\u0131. <\/p>\n","protected":false},"author":1,"featured_media":0,"comment_status":"open","ping_status":"closed","sticky":false,"template":"","format":"standard","meta":{"footnotes":""},"categories":[105],"tags":[],"class_list":["post-34212","post","type-post","status-publish","format-standard","hentry","category-gundem","odd"],"_links":{"self":[{"href":"http:\/\/www.korhanyilmaz.com\/index.php?rest_route=\/wp\/v2\/posts\/34212","targetHints":{"allow":["GET"]}}],"collection":[{"href":"http:\/\/www.korhanyilmaz.com\/index.php?rest_route=\/wp\/v2\/posts"}],"about":[{"href":"http:\/\/www.korhanyilmaz.com\/index.php?rest_route=\/wp\/v2\/types\/post"}],"author":[{"embeddable":true,"href":"http:\/\/www.korhanyilmaz.com\/index.php?rest_route=\/wp\/v2\/users\/1"}],"replies":[{"embeddable":true,"href":"http:\/\/www.korhanyilmaz.com\/index.php?rest_route=%2Fwp%2Fv2%2Fcomments&post=34212"}],"version-history":[{"count":0,"href":"http:\/\/www.korhanyilmaz.com\/index.php?rest_route=\/wp\/v2\/posts\/34212\/revisions"}],"wp:attachment":[{"href":"http:\/\/www.korhanyilmaz.com\/index.php?rest_route=%2Fwp%2Fv2%2Fmedia&parent=34212"}],"wp:term":[{"taxonomy":"category","embeddable":true,"href":"http:\/\/www.korhanyilmaz.com\/index.php?rest_route=%2Fwp%2Fv2%2Fcategories&post=34212"},{"taxonomy":"post_tag","embeddable":true,"href":"http:\/\/www.korhanyilmaz.com\/index.php?rest_route=%2Fwp%2Fv2%2Ftags&post=34212"}],"curies":[{"name":"wp","href":"https:\/\/api.w.org\/{rel}","templated":true}]}}