{"id":34200,"date":"2011-06-09T20:27:58","date_gmt":"2011-06-09T17:27:58","guid":{"rendered":"http:\/\/www.korhanyilmaz.com\/?p=34200"},"modified":"2011-07-10T21:37:58","modified_gmt":"2011-07-10T18:37:58","slug":"ahmet-altandan-erdogan-savunmasi","status":"publish","type":"post","link":"http:\/\/www.korhanyilmaz.com\/?p=34200","title":{"rendered":"Ahmet Altan&#8217;dan Erdo\u011fan savunmas\u0131"},"content":{"rendered":"<p style=\"text-align: center;\"><a href=\"http:\/\/www.korhanyilmaz.com\/wp-content\/uploads\/2011\/06\/033.jpg\"  class=\"lightview\"><img loading=\"lazy\" decoding=\"async\" class=\"aligncenter\" src=\"http:\/\/www.korhanyilmaz.com\/wp-content\/uploads\/2011\/06\/033.jpg\" alt=\"\" width=\"307\" height=\"236\" \/><\/a><\/p>\n<p style=\"text-align: justify;\">Taraf Gazetesi Genel Yay\u0131n Y\u00f6netmeni Ahmet H\u00fcsrev Altan&#8217;\u0131n Ba\u015fbakan Recep Tayyip Erdo\u011fan hakk\u0131ndaki yaz\u0131lar\u0131 nedeniyle &#8220;yaz\u0131l\u0131 bir ileti yoluyla kamu g\u00f6revlisine g\u00f6revinden dolay\u0131 hakaret etme&#8221; su\u00e7lamas\u0131yla yarg\u0131lanmas\u0131na ba\u015fland\u0131.<\/p>\n<p style=\"text-align: justify;\">Kad\u0131k\u00f6y 2. Asliye Ceza Mahkemesindeki duru\u015fmaya, tutuksuz yarg\u0131lanan Altan ile avukatlar\u0131 kat\u0131ld\u0131. <!--more--><\/p>\n<p style=\"text-align: justify;\">Kimlik tespitinin ard\u0131ndan savunmas\u0131n\u0131 yapan Altan, gazetenin 15 Ocak 2011 tarihli say\u0131s\u0131nda &#8220;Kum Saati&#8221; k\u00f6\u015fesindeki &#8220;Erdo\u011fan ve Kof Kabaday\u0131l\u0131k&#8221; ba\u015fl\u0131kl\u0131 yaz\u0131 ile 18 Ocak 2011 tarihli ayn\u0131 k\u00f6\u015fedeki &#8220;Dava&#8221; ba\u015fl\u0131kl\u0131 yaz\u0131y\u0131 kendisinin yazd\u0131\u011f\u0131n\u0131, savunmas\u0131n\u0131 yaz\u0131l\u0131 olarak haz\u0131rlad\u0131\u011f\u0131n\u0131 ve ayr\u0131ca okuyaca\u011f\u0131n\u0131 s\u00f6yledi.<\/p>\n<p style=\"text-align: justify;\">Savunmas\u0131n\u0131 okuyarak, aynen tekrar etti\u011fini belirten Altan, &#8220;Su\u00e7 kast\u0131m yoktur. Kars&#8217;ta y\u0131kt\u0131r\u0131lan heykel nedeniyle ele\u015ftiri ve uyar\u0131 amac\u0131yla yaz\u0131lm\u0131\u015f bir yaz\u0131d\u0131r. Su\u00e7suzum, beraatime karar verilsin&#8221; dedi.<\/p>\n<p style=\"text-align: justify;\">Hakim, eksikliklerin giderilmesi i\u00e7in duru\u015fmay\u0131 erteledi.<\/p>\n<p style=\"text-align: justify;\">Kad\u0131k\u00f6y Cumhuriyet Ba\u015fsavc\u0131l\u0131\u011f\u0131nca haz\u0131rlanan, davac\u0131 olarak kamu hukuku, m\u00fc\u015fteki olarak Ba\u015fbakan Recep Tayyip Erdo\u011fan&#8217;\u0131n g\u00f6sterildi\u011fi iddianamede, Ahmet Altan&#8217;\u0131n, genel yay\u0131n y\u00f6netmeni oldu\u011fu Taraf gazetesinde 15 ve 18 Ocak 2011&#8217;de yay\u0131mlanan yaz\u0131lar\u0131nda &#8220;bas\u0131n yoluyla hakaret&#8221; su\u00e7unu i\u015fledi\u011fi belirtiliyor.<\/p>\n<p style=\"text-align: justify;\">Altan hakk\u0131nda TCK&#8217;n\u0131n 125\/1, 2, 3\/a ve 4. maddeleri gere\u011fince &#8220;Bir kimseye onur, \u015feref ve sayg\u0131nl\u0131\u011f\u0131n\u0131 rencide edebilecek nitelikte somut bir fiil veya olgu isnat eden ya da yak\u0131\u015ft\u0131rmalarda bulunmak veya s\u00f6vmek suretiyle bir kimsenin onur, \u015feref ve sayg\u0131nl\u0131\u011f\u0131na yaz\u0131l\u0131 ileti yoluyla kamu g\u00f6revlisine g\u00f6revinden dolay\u0131 bas\u0131n ve yay\u0131n yoluyla sald\u0131rd\u0131\u011f\u0131&#8221; iddias\u0131yla 1 y\u0131ldan az olmamak \u00fczere 2 y\u0131l 8 aya kadar hapis cezas\u0131 isteniyor.<\/p>\n<p style=\"text-align: justify;\"><strong>\u0130\u015eTE ALTAN&#8217;IN SAVUNMASI <\/strong><\/p>\n<p style=\"text-align: justify;\">Say\u0131n Yarg\u0131\u00e7,<\/p>\n<p style=\"text-align: justify;\">Beni buraya, hapse at\u0131lmam\u0131 isteyerek g\u00f6nderen adam, bu \u00fclkeye \u00e7ok yararl\u0131 hizmetleri olmu\u015f, de\u011ferli bir adamd\u0131r.<\/p>\n<p style=\"text-align: justify;\">Kendisi de s\u0131k\u0131nt\u0131 \u00e7ekmi\u015f, yarg\u0131lanm\u0131\u015f, hapis yatm\u0131\u015f biridir.<\/p>\n<p style=\"text-align: justify;\">Benim hapsedilmemi isteyen adam, bu \u00fclkenin ba\u015fbakan\u0131d\u0131r.<\/p>\n<p style=\"text-align: justify;\">\u00c7e\u015fitli ac\u0131lar, zul\u00fcmler, d\u00fc\u015fmanl\u0131klar, yenilgiler g\u00f6rm\u00fc\u015f, hepsinin alt\u0131ndan kalkabilmi\u015f bir adamd\u0131r.<\/p>\n<p style=\"text-align: justify;\">Ne yaz\u0131k ki yenilgiler kar\u015f\u0131s\u0131nda g\u00fc\u00e7l\u00fc duran nice insan, zaferlerin a\u011f\u0131rl\u0131\u011f\u0131n\u0131 ta\u015f\u0131yamam\u0131\u015f, sars\u0131lm\u0131\u015f, yolunu \u015fa\u015f\u0131rm\u0131\u015f ve kendi galibiyetiyle yaralanm\u0131\u015ft\u0131r.<\/p>\n<p style=\"text-align: justify;\">Benim hapsedilmemi isteyen bir zamanlar\u0131n mahkumu, \u015fimdinin ba\u015fbakan\u0131 da kendi galibiyetinin yaralar\u0131n\u0131 ta\u015f\u0131yor bug\u00fcn.<\/p>\n<p style=\"text-align: justify;\">Bir zamanlar \u015fiir okudu\u011fu i\u00e7in sistemin efendileri taraf\u0131ndan hapsedilmi\u015f bir kurban\u0131n, kendisi iktidara geldi\u011finde yazarlar\u0131n hapsedilmesini isteyen birine d\u00f6n\u00fc\u015fmesi, o adam\u0131n ge\u00e7ti\u011fi yollarda ya\u015fad\u0131\u011f\u0131 yenilgilerden de\u011fil, zaferlerden dolay\u0131 yolunu \u015fa\u015f\u0131rd\u0131\u011f\u0131n\u0131 g\u00f6sterir.<\/p>\n<p style=\"text-align: justify;\">Bug\u00fcn bu ger\u00e7ek, bu davan\u0131n kendisinden de, benim hapsedilmemden de daha b\u00fcy\u00fck bir \u00f6nem ta\u015f\u0131yor, \u00e7\u00fcnk\u00fc bu ba\u015fbakan yeni bir zafer kazanmaya haz\u0131rlan\u0131yor.<\/p>\n<p style=\"text-align: justify;\">Ta\u015f\u0131makta zorlanaca\u011f\u0131 yeni bir zaferi daha olacak.<\/p>\n<p style=\"text-align: justify;\">Ben, bunun bedelini, ba\u015fta kendisi olmak \u00fczere b\u00fct\u00fcn \u00fclkenin \u00f6demesinden \u00e7ekindi\u011fim i\u00e7in kendisini uyarmak istedim.<\/p>\n<p style=\"text-align: justify;\">Bug\u00fcn benim burada yazd\u0131\u011f\u0131m bir yaz\u0131dan dolay\u0131 san\u0131k sandalyesinde oturmama yol a\u00e7an mesele, ba\u015fbakan\u0131n bir heykel hakk\u0131ndaki haks\u0131z, yersiz, haddini fevkalade a\u015fan bir h\u00fck\u00fcm vermesiyle ba\u015flad\u0131.<\/p>\n<p style=\"text-align: justify;\">Kars\u2019taki bir heykele \u201cucube\u201d diyerek y\u0131k\u0131lmas\u0131n\u0131 istedi.<\/p>\n<p style=\"text-align: justify;\">Kendisi hakk\u0131nda yaz\u0131lm\u0131\u015f bir yaz\u0131 kar\u015f\u0131s\u0131nda g\u00f6sterdi\u011fi tepki, o yaz\u0131y\u0131 yazan\u0131n hapsedilmesini istemek olacak kadar kendisini \u00f6nemseyen biri, bir ba\u015fkas\u0131n\u0131n eseri hakk\u0131nda bu kadar rahat\u00e7a a\u015fa\u011f\u0131lay\u0131c\u0131 s\u00f6zc\u00fckler kullanabiliyorsa ve bunu do\u011fal buluyorsa, o adam kendisini kutsalla\u015ft\u0131rmaya, ba\u015fkalar\u0131n\u0131 ise sayg\u0131y\u0131 hak etmeyen insanlar olarak g\u00f6rmeye ba\u015flam\u0131\u015f demektir.<\/p>\n<p style=\"text-align: justify;\">\u00d6l\u00e7\u00fcleri b\u00f6ylesine \u015fa\u015fm\u0131\u015f biri ba\u015fbakansa, bu \u00f6l\u00e7\u00fc \u015fa\u015f\u0131rmas\u0131 herkes i\u00e7in bir sorun anlam\u0131na gelir.<\/p>\n<p style=\"text-align: justify;\">\u00dclkemiz \u00e7irkin heykellerle, \u00e7irkin binalarla dolu, \u015fehir meydanlar\u0131nda fevkalade k\u00f6t\u00fc yap\u0131lm\u0131\u015f Atat\u00fcrk heykelleri, her yanda inan\u00e7l\u0131 insanlar\u0131n da yak\u0131nmas\u0131na neden olan estetik yoksunu camiler var.<\/p>\n<p style=\"text-align: justify;\">Ba\u015fbakan, \u00e7irkin buldu\u011fu herhangi bir Atat\u00fcrk heykeline ya da camiye \u201cucube\u201d diyebilir mi, onlar\u0131 y\u0131kt\u0131rtabilir mi, cesareti buna yeter mi?<\/p>\n<p style=\"text-align: justify;\">Onlara dokunamayan birinin sahipsiz bir heykelt\u0131ra\u015f\u0131n heykelini a\u015fa\u011f\u0131layarak y\u0131kt\u0131rtmas\u0131 nas\u0131l tarif edilebilir?<\/p>\n<p style=\"text-align: justify;\">\u0130\u00e7i bo\u015f g\u00f6steri\u015f\u00e7i bir yi\u011fitlik, kof bir kabaday\u0131l\u0131kt\u0131r bu, kolay bir hedef se\u00e7ip onun \u00fczerinden \u00e7\u0131kar sa\u011flamakt\u0131r.<\/p>\n<p style=\"text-align: justify;\">Ay\u0131planmas\u0131, k\u0131nanmas\u0131, ele\u015ftirilmesi gereken bir davran\u0131\u015ft\u0131r.<\/p>\n<p style=\"text-align: justify;\">Bir ba\u015fbakan \u201cbe\u011fenmedim\u201d diyerek bir heykeli nas\u0131l y\u0131kt\u0131r\u0131r?<\/p>\n<p style=\"text-align: justify;\">Hangi hakla y\u0131kt\u0131r\u0131r?<\/p>\n<p style=\"text-align: justify;\">Allah muhafaza bu ba\u015fbakan roman okumaya ba\u015flarsa ne olacak, bir d\u00fc\u015f\u00fcn\u00fcn.<\/p>\n<p style=\"text-align: justify;\">Ba\u015fbakan be\u011fenmedi\u011fi i\u00e7in Madam Bovary\u2019i, kocas\u0131n\u0131 aldatan bir kad\u0131n\u0131 anlatt\u0131\u011f\u0131 i\u00e7in Anna Karenina\u2019y\u0131 meydanlarda m\u0131 yakaca\u011f\u0131z?<\/p>\n<p style=\"text-align: justify;\">Sokaklarda hen\u00fcz kitap yakmamay\u0131, ba\u015fbakan\u0131n roman okumamas\u0131na m\u0131 bor\u00e7lu olaca\u011f\u0131z?<\/p>\n<p style=\"text-align: justify;\">Ba\u015fbakan kendini her t\u00fcrl\u00fc eser hakk\u0131nda h\u00fck\u00fcm verecek kadar yetkin ve be\u011fenmedi\u011fi her \u015feyi yok ettirecek kadar g\u00fc\u00e7l\u00fc g\u00f6r\u00fcyorsa, T\u00fcrkiye\u2019de b\u00fct\u00fcn sanat eserlerinin kaderi ba\u015fbakan\u0131n iki duda\u011f\u0131 aras\u0131na m\u0131 s\u0131k\u0131\u015facak?<\/p>\n<p style=\"text-align: justify;\">Buna itiraz etmeyecek miyiz?<\/p>\n<p style=\"text-align: justify;\">Buna isyan etmeyecek miyiz?<\/p>\n<p style=\"text-align: justify;\">Boyun mu e\u011fece\u011fiz b\u00f6yle bir hoyratl\u0131\u011fa?<\/p>\n<p style=\"text-align: justify;\">Kendini tek merci olarak g\u00f6ren biri mi belirleyecek b\u00fct\u00fcn sanat\u00e7\u0131lar\u0131n ve eserlerinin kaderini?<\/p>\n<p style=\"text-align: justify;\">Ben bunu kabul etmem.<\/p>\n<p style=\"text-align: justify;\">Bunu kabul edeceksin, sineye \u00e7ekeceksin, buna \u00f6fkelenmeyeceksin, kar\u015f\u0131 \u00e7\u0131kmayacaks\u0131n diyerek beni hapisle tehdit eden ba\u015fbakanla savc\u0131, korkutmak i\u00e7in kendilerine ba\u015fkas\u0131n\u0131 bulsunlar.<\/p>\n<p style=\"text-align: justify;\">Onlar\u0131n g\u00fcc\u00fc yetmez beni korkutmaya.<\/p>\n<p style=\"text-align: justify;\">Ben bu \u00fclkede kimsenin kaderi, bir insan\u0131n iki duda\u011f\u0131 aras\u0131na s\u0131k\u0131\u015fmas\u0131n istiyorum, ben bu \u00fclkede herkesin \u00f6zg\u00fcr olmas\u0131n\u0131, fikirlerini s\u00f6ylemesini, ibadetini yapabilmesini, eserlerini yaratabilmesini, dilini konu\u015fabilmesini, istedi\u011fi gibi giyinip, istedi\u011fi gibi fikirlerini s\u00f6yleyebilmesini savunuyorum.<\/p>\n<p style=\"text-align: justify;\">Ba\u015fbakan neyi savunuyor?<\/p>\n<p style=\"text-align: justify;\">Bir heykeli tek emirle y\u0131kt\u0131rabilen biri neyi savunabilir?<\/p>\n<p style=\"text-align: justify;\">Heykeli y\u0131kt\u0131r\u0131lan heykelt\u0131ra\u015f\u0131 kim savunacak bu \u00fclkede, kim ona sahip \u00e7\u0131kacak, kim adalet isteyecek, kim g\u00fc\u00e7s\u00fcz birinin gadre u\u011framas\u0131na engel olacak?<\/p>\n<p style=\"text-align: justify;\">Bir zamanlar bu sorular\u0131n cevab\u0131 olarak bu \u00fclkede \u00e7ok insan bu ba\u015fbakan\u0131n ad\u0131n\u0131 s\u00f6yl\u00fcyordu, bug\u00fcn bunu s\u00f6ylemek \u00e7ok zor.<\/p>\n<p style=\"text-align: justify;\">Referandumu \u00f6ylesine b\u00fcy\u00fck bir zafer kazand\u0131 ki ba\u015fbakan, omuzlar\u0131 o zaferin a\u011f\u0131rl\u0131\u011f\u0131n\u0131 ta\u015f\u0131maya yetmedi.<\/p>\n<p style=\"text-align: justify;\">Aradan daha alt\u0131 ay ge\u00e7meden heykelleri y\u0131kt\u0131rtmaya ba\u015flad\u0131.<\/p>\n<p style=\"text-align: justify;\">Eskiden durdu\u011fu yerden \u00f6ylesine savruldu ki bu insan, b\u00fct\u00fcn dindarl\u0131\u011f\u0131na, b\u00fct\u00fcn inanc\u0131na, yapt\u0131\u011f\u0131 b\u00fct\u00fcn dini vurgulara ra\u011fmen bug\u00fcn Hazreti Muhammed\u2019in bir hadisi s\u00f6ylendi\u011finde bunu hakaret olarak kabul ediyor.<\/p>\n<p style=\"text-align: justify;\">Bir hadisten gocunan dindar M\u00fcsl\u00fcman, ne o hadisten, ne o hadisi s\u00f6yleyenden ku\u015fku duymal\u0131.<\/p>\n<p style=\"text-align: justify;\">O insan\u0131n ku\u015fku duyaca\u011f\u0131 tek varl\u0131k, kendisidir.<\/p>\n<p style=\"text-align: justify;\">Ba\u015fbakan bunu bile fark edemiyor art\u0131k.<\/p>\n<p style=\"text-align: justify;\">O dindar ba\u015fbakan\u0131n hakk\u0131mda yazd\u0131rd\u0131\u011f\u0131 iddianamede, aleyhime delil olarak peygamberin bir s\u00f6z\u00fcn\u00fc s\u00f6ylemem g\u00f6steriliyor.<\/p>\n<p style=\"text-align: justify;\">Kendi zaferiyle yaralanmak budur i\u015fte.<\/p>\n<p style=\"text-align: justify;\">G\u00fcc\u00fcn\u00fc \u00f6yle yanl\u0131\u015f kullan\u0131rs\u0131n ki sonunda peygamberinin s\u00f6z\u00fc sana hakaret gibi g\u00f6z\u00fckmeye ba\u015flar.<\/p>\n<p style=\"text-align: justify;\">Peygamberinin s\u00f6z\u00fcnden korkan, peygamberinin s\u00f6z\u00fcnden gocunan dindar biri, bir \u00fclkeyi y\u00f6netmekten ziyade trajik bir romana ba\u015fkahraman olmaya daha uygundur.<\/p>\n<p style=\"text-align: justify;\">Ac\u0131kl\u0131d\u0131r durumu \u00e7\u00fcnk\u00fc ve bu ac\u0131kl\u0131l\u0131k, g\u00fc\u00e7le, iktidarla birle\u015fti\u011finde ortaya \u00e7ok tehlikeli biri \u00e7\u0131kar.<\/p>\n<p style=\"text-align: justify;\">Ben, bu \u00fclkenin tarihi liderlerinden biri olabilecek bir insan\u0131, kendi varl\u0131\u011f\u0131n\u0131, d\u00fc\u015f\u00fcncelerini, inan\u00e7lar\u0131n\u0131 yok sayan bir zafer yorgunu olmaktan kurtarabilmek, ki\u015fisel bir trajedinin \u00fclkenin b\u00fct\u00fcn\u00fcne yay\u0131lmas\u0131n\u0131 engelleyecek bir uyar\u0131da bulunabilmek i\u00e7in yazd\u0131m o yaz\u0131lar\u0131.<\/p>\n<p style=\"text-align: justify;\">Hakaret etmedim.<\/p>\n<p style=\"text-align: justify;\">Ba\u015fbakan\u0131n bana kar\u015f\u0131 kullanmaya kalkt\u0131\u011f\u0131 h\u0131rpal\u0131y\u0131c\u0131 dili, yazd\u0131klar\u0131m\u0131 daha iyi kavrayabilsin diye ona kar\u015f\u0131 kulland\u0131m.<\/p>\n<p style=\"text-align: justify;\">Ama tarihi bir lider olmakla bir trajedi kahraman\u0131 olmak aras\u0131nda sallanan bu ba\u015fbakan, her \u015feyin sadece kendisine m\u00fcbah oldu\u011funu sand\u0131\u011f\u0131ndan, bunun hakaret olarak g\u00f6r\u00fcl\u00fcp cezaland\u0131r\u0131lmas\u0131n\u0131 istedi.<\/p>\n<p style=\"text-align: justify;\">Say\u0131n Yarg\u0131\u00e7,<\/p>\n<p style=\"text-align: justify;\">Verece\u011finiz karar benimle ilgili olmayacak.<\/p>\n<p style=\"text-align: justify;\">Siz bu \u00fclkenin hukukunun, keyfi davran\u0131\u015flara, g\u00fcc\u00fcn hoyrat\u00e7a kullan\u0131lmas\u0131na, g\u00fc\u00e7s\u00fczlerin ezilmesine cevaz verip vermedi\u011fine karar vereceksiniz.<\/p>\n<p style=\"text-align: justify;\">Beni mahkum ederseniz, ba\u015fbakan daha \u00e7ok heykel y\u0131kt\u0131r\u0131r.<\/p>\n<p style=\"text-align: justify;\">Mahkum etmezseniz belki hata yapt\u0131\u011f\u0131n\u0131 fark eder.<\/p>\n<p style=\"text-align: justify;\">Bunu fark ederse, hem bu \u00fclke, hem de kendisi kazan\u0131r.<\/p>\n<p style=\"text-align: justify;\">Ben, kendi zaferlerinin a\u011f\u0131rl\u0131\u011f\u0131yla yolunu \u015fa\u015f\u0131rm\u0131\u015f bu ba\u015fbakana yard\u0131m etmenizi isterim.<\/p>\n<p style=\"text-align: justify;\"><a href=\"http:\/\/www.cnnturk.com\/2011\/turkiye\/06\/09\/ahmet.altandan.erdogan.savunmasi\/619571.0\/index.html\" target=\"_blank\">Kaynak : CNN T\u00dcRK<\/a><\/p>\n","protected":false},"excerpt":{"rendered":"<p style=\"text-align: center;\">\n<p style=\"text-align: justify;\">Taraf Gazetesi Genel Yay\u0131n Y\u00f6netmeni Ahmet H\u00fcsrev Altan&#8217;\u0131n Ba\u015fbakan Recep Tayyip Erdo\u011fan hakk\u0131ndaki yaz\u0131lar\u0131 nedeniyle &#8220;yaz\u0131l\u0131 bir ileti yoluyla kamu g\u00f6revlisine g\u00f6revinden dolay\u0131 hakaret etme&#8221; su\u00e7lamas\u0131yla yarg\u0131lanmas\u0131na ba\u015fland\u0131.<\/p>\n<p style=\"text-align: justify;\">Kad\u0131k\u00f6y 2. Asliye Ceza Mahkemesindeki duru\u015fmaya, tutuksuz yarg\u0131lanan Altan ile avukatlar\u0131 kat\u0131ld\u0131. <\/p>\n","protected":false},"author":1,"featured_media":0,"comment_status":"open","ping_status":"closed","sticky":false,"template":"","format":"standard","meta":{"footnotes":""},"categories":[105],"tags":[],"class_list":["post-34200","post","type-post","status-publish","format-standard","hentry","category-gundem","odd"],"_links":{"self":[{"href":"http:\/\/www.korhanyilmaz.com\/index.php?rest_route=\/wp\/v2\/posts\/34200","targetHints":{"allow":["GET"]}}],"collection":[{"href":"http:\/\/www.korhanyilmaz.com\/index.php?rest_route=\/wp\/v2\/posts"}],"about":[{"href":"http:\/\/www.korhanyilmaz.com\/index.php?rest_route=\/wp\/v2\/types\/post"}],"author":[{"embeddable":true,"href":"http:\/\/www.korhanyilmaz.com\/index.php?rest_route=\/wp\/v2\/users\/1"}],"replies":[{"embeddable":true,"href":"http:\/\/www.korhanyilmaz.com\/index.php?rest_route=%2Fwp%2Fv2%2Fcomments&post=34200"}],"version-history":[{"count":0,"href":"http:\/\/www.korhanyilmaz.com\/index.php?rest_route=\/wp\/v2\/posts\/34200\/revisions"}],"wp:attachment":[{"href":"http:\/\/www.korhanyilmaz.com\/index.php?rest_route=%2Fwp%2Fv2%2Fmedia&parent=34200"}],"wp:term":[{"taxonomy":"category","embeddable":true,"href":"http:\/\/www.korhanyilmaz.com\/index.php?rest_route=%2Fwp%2Fv2%2Fcategories&post=34200"},{"taxonomy":"post_tag","embeddable":true,"href":"http:\/\/www.korhanyilmaz.com\/index.php?rest_route=%2Fwp%2Fv2%2Ftags&post=34200"}],"curies":[{"name":"wp","href":"https:\/\/api.w.org\/{rel}","templated":true}]}}